{"id":18932,"date":"2022-09-23T08:53:00","date_gmt":"2022-09-23T06:53:00","guid":{"rendered":"https:\/\/zurnalsiepirkumi.lv\/?p=18932"},"modified":"2022-09-26T08:55:41","modified_gmt":"2022-09-26T06:55:41","slug":"latvijas-igaunijas-starpvaldibu-komisija-apspriedis-parrobezas-sadarbibas-veicinasanu","status":"publish","type":"post","link":"https:\/\/zurnalsiepirkumi.lv\/?p=18932","title":{"rendered":"Latvijas-Igaunijas starpvald\u012bbu komisija apspried\u012bs p\u0101rrobe\u017eas sadarb\u012bbas veicin\u0101\u0161anu"},"content":{"rendered":"\n<p>Vides aizsardz\u012bbas un re\u0123ion\u0101l\u0101s att\u012bst\u012bbas ministrija<\/p>\n\n\n\n<p>2022.gada 23.septembr\u012b Tallin\u0101, Igaunij\u0101 norisin\u0101sies Latvijas \u2013 Igaunijas starpvald\u012bbu komisijas p\u0101rrobe\u017eu sadarb\u012bbas veicin\u0101\u0161anai s\u0113de, kur\u0101 piedal\u012bsies vides aizsardz\u012bbas un re\u0123ion\u0101l\u0101s att\u012bst\u012bbas ministrs Art\u016brs Toms Ple\u0161s, lai p\u0101rrun\u0101tu kop\u012bgos pas\u0101kumus un aktivit\u0101tes, kas pal\u012bdz nodro\u0161in\u0101t br\u012bvu darbasp\u0113ka, pre\u010du, pakalpojumu un kapit\u0101la kust\u012bbu Latvijas un Igaunijas p\u0101rrobe\u017eu re\u0123ionos.&nbsp;&nbsp;<\/p>\n\n\n\n<p>S\u0113des laik\u0101 tiks p\u0101rrun\u0101ti divpus\u0113j\u0101s sadarb\u012bbas aktu\u0101lie jaut\u0101jumi par vesel\u012bbas apr\u016bpi pierobe\u017eas re\u0123ionos, p\u0101rrobe\u017eu dzelzce\u013ca savienojuma R\u012bga-Tartu att\u012bst\u012bbu, savstarp\u0113jo p\u0101rrobe\u017eu gl\u0101b\u0161anas oper\u0101ciju proced\u016bru un pl\u0101nu saska\u0146o\u0161anu, pr\u0101mja savienojumu starp S\u0101rem\u0101 salu un Kurzemi, k\u0101 ar\u012b par za\u013c\u0101 iepirkuma piem\u0113ro\u0161anu ab\u0101s valst\u012bs. T\u0101pat tiks apspriesti pas\u0101kumi, kas veicina Baltijas valstu atpaz\u012bstam\u012bbu k\u0101 dro\u0161u t\u016brisma galam\u0113r\u0137i un vienoto epidemiolo\u0123isko pras\u012bbu un iece\u013co\u0161anas nosac\u012bjumu ievie\u0161anu epidemiolo\u0123isk\u0101s situ\u0101cijas saasin\u0101\u0161an\u0101s gad\u012bjum\u0101.&nbsp;<\/p>\n\n\n\n<p>Starpvald\u012bbu komisija ie\u0146em noz\u012bm\u012bgu vietu starp citiem abu&nbsp; valstu sadarb\u012bbas form\u0101tiem, nodro\u0161inot dialogu starp Latvijas un Igaunijas valsts iest\u0101d\u0113m un pierobe\u017eu re\u0123ionu pa\u0161vald\u012bb\u0101m, kalpojot par efekt\u012bvu meh\u0101nismu juridisku un administrat\u012bvu \u0161\u0137\u0113r\u0161\u013cu risin\u0101\u0161anai pierobe\u017eas re\u0123ionos.&nbsp;<\/p>\n\n\n\n<p>S\u0113di vad\u012bs Igaunijas Valsts p\u0101rvaldes ministre R\u012bna Solmane (Riina Solman), savuk\u0101rt starpvald\u012bbu komisijas l\u012bdzpriek\u0161s\u0113d\u0113t\u0101js no Latvijas puses b\u016bs ministrs Art\u016brs Toms Ple\u0161s.&nbsp;Komisij\u0101, Latvijas&nbsp;sast\u0101v\u0101, piedal\u012bsies ar\u012b p\u0101rst\u0101vji no Vides aizsardz\u012bbas un re\u0123ion\u0101l\u0101s att\u012bst\u012bbas ministrijas, Vesel\u012bbas ministrijas, Ekonomikas ministrijas, Satiksmes ministrijas, Iek\u0161lietu ministrijas, \u0100rlietu ministrijas, R\u012bgas pl\u0101no\u0161anas re\u0123iona, Vidzemes pl\u0101no\u0161anas re\u0123iona, Kurzemes pl\u0101no\u0161anas re\u0123iona, Al\u016bksnes, Valmieras un Smiltenes novadu pa\u0161vald\u012bb\u0101m, Latvijas \u0122eotelpisk\u0101s inform\u0101cijas a\u0123ent\u016bras un Valsts ugunsdz\u0113s\u012bbas un gl\u0101b\u0161anas dienesta.&nbsp;&nbsp;<\/p>\n\n\n\n<p>P\u0113d\u0113j\u0101 Latvijas \u2013 Igaunijas starpvald\u012bbu komisijas s\u0113de notika 2019. gad\u0101 Latvij\u0101 R\u012bg\u0101 un \u0161ogad komisija atjaunos savu kl\u0101tienes darbu p\u0113c p\u0101rtraukuma, kuru izrais\u012bja pand\u0113mijas kr\u012bze.&nbsp;<\/p>\n","protected":false},"excerpt":{"rendered":"<p>2022.gada 23.septembr\u012b Tallin\u0101, Igaunij\u0101 norisin\u0101sies Latvijas \u2013 Igaunijas starpvald\u012bbu komisijas p\u0101rrobe\u017eu sadarb\u012bbas veicin\u0101\u0161anai s\u0113de, kur\u0101 piedal\u012bsies vides aizsardz\u012bbas un re\u0123ion\u0101l\u0101s att\u012bst\u012bbas ministrs Art\u016brs Toms Ple\u0161s, lai p\u0101rrun\u0101tu kop\u012bgos pas\u0101kumus un aktivit\u0101tes, kas pal\u012bdz nodro\u0161in\u0101t br\u012bvu darbasp\u0113ka, pre\u010du, pakalpojumu un kapit\u0101la kust\u012bbu Latvijas un Igaunijas p\u0101rrobe\u017eu re\u0123ionos.\u00a0\u00a0<\/p>\n","protected":false},"author":1938,"featured_media":18931,"comment_status":"closed","ping_status":"open","sticky":false,"template":"","format":"standard","meta":{"footnotes":""},"categories":[45,47],"tags":[],"_links":{"self":[{"href":"https:\/\/zurnalsiepirkumi.lv\/index.php?rest_route=\/wp\/v2\/posts\/18932"}],"collection":[{"href":"https:\/\/zurnalsiepirkumi.lv\/index.php?rest_route=\/wp\/v2\/posts"}],"about":[{"href":"https:\/\/zurnalsiepirkumi.lv\/index.php?rest_route=\/wp\/v2\/types\/post"}],"author":[{"embeddable":true,"href":"https:\/\/zurnalsiepirkumi.lv\/index.php?rest_route=\/wp\/v2\/users\/1938"}],"replies":[{"embeddable":true,"href":"https:\/\/zurnalsiepirkumi.lv\/index.php?rest_route=%2Fwp%2Fv2%2Fcomments&post=18932"}],"version-history":[{"count":1,"href":"https:\/\/zurnalsiepirkumi.lv\/index.php?rest_route=\/wp\/v2\/posts\/18932\/revisions"}],"predecessor-version":[{"id":18933,"href":"https:\/\/zurnalsiepirkumi.lv\/index.php?rest_route=\/wp\/v2\/posts\/18932\/revisions\/18933"}],"wp:featuredmedia":[{"embeddable":true,"href":"https:\/\/zurnalsiepirkumi.lv\/index.php?rest_route=\/wp\/v2\/media\/18931"}],"wp:attachment":[{"href":"https:\/\/zurnalsiepirkumi.lv\/index.php?rest_route=%2Fwp%2Fv2%2Fmedia&parent=18932"}],"wp:term":[{"taxonomy":"category","embeddable":true,"href":"https:\/\/zurnalsiepirkumi.lv\/index.php?rest_route=%2Fwp%2Fv2%2Fcategories&post=18932"},{"taxonomy":"post_tag","embeddable":true,"href":"https:\/\/zurnalsiepirkumi.lv\/index.php?rest_route=%2Fwp%2Fv2%2Ftags&post=18932"}],"curies":[{"name":"wp","href":"https:\/\/api.w.org\/{rel}","templated":true}]}}