{"id":18897,"date":"2022-09-21T08:26:37","date_gmt":"2022-09-21T06:26:37","guid":{"rendered":"https:\/\/zurnalsiepirkumi.lv\/?p=18897"},"modified":"2022-09-21T08:26:37","modified_gmt":"2022-09-21T06:26:37","slug":"riga-norisinas-oecd-augsta-limena-diskusija-par-pieeju-tiesiskumam","status":"publish","type":"post","link":"https:\/\/zurnalsiepirkumi.lv\/?p=18897","title":{"rendered":"R\u012bg\u0101 norisin\u0101s OECD augsta l\u012bme\u0146a diskusija par pieeju tiesiskumam"},"content":{"rendered":"\n<p>Tieslietu ministrija<\/p>\n\n\n\n<p>No 21. l\u012bdz 22. septembrim R\u012bg\u0101 norisin\u0101s Ekonomisk\u0101s sadarb\u012bbas un att\u012bst\u012bbas organiz\u0101cijas (OECD) Glob\u0101l\u0101 apa\u013c\u0101 galda diskusija par pieeju tiesiskumam &#8211; 2022. Diskusij\u0101s kl\u0101tien\u0113 piedal\u012bsies vair\u0101k nek\u0101 100 dal\u012bbnieku no 35 OECD dal\u012bbvalst\u012bm un partnervalst\u012bm.<\/p>\n\n\n\n<p>Glob\u0101l\u0101 apa\u013c\u0101 galda diskusiju R\u012bg\u0101, Mazaj\u0101 \u0122ild\u0113 atkl\u0101s ar augsta l\u012bme\u0146a tik\u0161anos, kur\u0101 OECD dal\u012bbvalstu vald\u012bbu p\u0101rst\u0101vji apspried\u012bs demokr\u0101tijas un tiesiskuma stiprin\u0101\u0161anas izaicin\u0101jumus \u0161\u012b br\u012b\u017ea main\u012bgajos apst\u0101k\u013cos. Kopum\u0101 div\u0101s dien\u0101s norit\u0113s devi\u0146as diskusiju sesijas par aktu\u0101liem tieslietu jomas jaut\u0101jumiem.<\/p>\n\n\n\n<p>21. un 22. septembr\u012b notieko\u0161ais glob\u0101lais dialogs R\u012bg\u0101 ir apliecin\u0101jums cie\u0161ai Latvijas un OECD sadarb\u012bbai tieslietu jom\u0101, kas OECD ietvaros tiek akt\u012bvi att\u012bst\u012bta tie\u0161i p\u0113d\u0113jo gadu laik\u0101. Latvijas Tieslietu ministrija ir k\u013cuvusi par noz\u012bm\u012bgu OECD Publisk\u0101s p\u0101rvald\u012bbas direktor\u0101ta sadarb\u012bbas partneri, jau tre\u0161o reizi uz\u0146emot augsta l\u012bme\u0146a OECD tieslietu l\u012bderus R\u012bg\u0101 &#8211; R\u012bg\u0101 jau norisin\u0101j\u0101s ikgad\u0113j\u0101 Glob\u0101l\u0101 apa\u013c\u0101 galda diskusija 2018.gad\u0101, savuk\u0101rt p\u0113rn tieslietu ministra vad\u012bb\u0101 notika Pasaules tieslietu l\u012bderu dialogs.<\/p>\n\n\n\n<p>Sadarb\u012bba ar OECD Latvijai ir devusi atbalstu un iesp\u0113jas sasniegt \u013coti b\u016btiskus rezult\u0101tus, piem\u0113ram, OECD ieguld\u012bjums Latvijas komercties\u012bbu un tieslietu pakalpojumu pieejam\u012bbas nov\u0113rt\u0113jum\u0101 bija iz\u0161\u0137iro\u0161s Ekonomisko lietu tiesas izveidei un veiksm\u012bgai att\u012bst\u012b\u0161anai. Pulc\u0113jot Latvij\u0101 OECD dal\u012bbvalstu vald\u012bbu p\u0101rst\u0101vjus, Latvijas tieslietu nozares ekspertiem ir iesp\u0113ja ieg\u016bt jaunu pieredzi un zin\u0101\u0161anas par tieslietu inov\u0101cij\u0101m, digit\u0101l\u0101s att\u012bst\u012bbas tendenc\u0113m, lab\u0101k\u0101s prakses rezult\u0101tiem un atbilst\u012bbu lab\u0101ku p\u0101rmai\u0146u veik\u0161anai. \u0160\u0101da pieredze stiprina Latvijas ekspert\u012bzi un l\u012bder\u012bbu, kas nepiecie\u0161ama, gan veiksm\u012bgi turpinot att\u012bst\u012bt Ekonomisko lietu tiesu, gan veidojot Tieslietu akad\u0113miju k\u0101 vienotu tieslietu m\u0101c\u012bbu centru, t\u0101d\u0113j\u0101di \u2013 nodro\u0161inot Latvijas sabiedr\u012bbai arvien kvalitat\u012bv\u0101kus un pieejam\u0101kus tieslietu pakalpojumus.<\/p>\n\n\n\n<p>OECD Glob\u0101l\u0101 apa\u013c\u0101 galda diskusiju svar\u012bgumu apliecina ar\u012b citu noz\u012bm\u012bgu starptautisko organiz\u0101ciju p\u0101rst\u0101vju piedal\u012b\u0161an\u0101s &#8211; taj\u0101s piedal\u0101s ne tikai OECD dal\u012bbvalstu p\u0101rst\u0101vji, bet ar\u012b p\u0101rst\u0101vji no Eiropas Komisijas, Eiropas Padomes, Apvienoto N\u0101ciju Organiz\u0101cijas, Pasaules Bankas. Diskusij\u0101s R\u012bg\u0101 b\u016bs p\u0101rst\u0101v\u0113tas Kembrid\u017eas un Bolo\u0146as universit\u0101tes, savuk\u0101rt noz\u012bm\u012bgu lomu tieslietu sektora sadarb\u012bbai ar uz\u0146\u0113m\u0113jiem nodro\u0161ina \u0100rvalstu investoru padome Latvij\u0101.<\/p>\n\n\n\n<p>OECD Glob\u0101l\u0101 apa\u013c\u0101 galda diskusija par pieeju tiesiskumam &#8211; 2022 ir augsta l\u012bme\u0146a starptautisks l\u012bderu forums savstarp\u0113jai pieredzes apmai\u0146ai, kas tiek r\u012bkots katru gadu. \u0160ogad OECD Apa\u013cais galds tiek r\u012bkots R\u012bg\u0101 sadarb\u012bb\u0101 ar OECD Publisk\u0101s p\u0101rvald\u012bbas komiteju un Latvijas Republikas Tieslietu ministriju ESF projekta \u201cJust\u012bcija att\u012bst\u012bbai\u201d (Nr.3.4.1.0\/16\/I\/001) ietvaros.<\/p>\n\n\n\n<p>Apa\u013c\u0101 galda diskusiju darba k\u0101rt\u012bba un dal\u012bbnieku saraksts ir pieejams&nbsp;<a href=\"https:\/\/www.tm.gov.lv\/lv\/oecd-globala-apala-galda-diskusija-par-pieeju-tiesiskumam-2022\">Tieslietu ministrijas m\u0101jas lap\u0101<\/a>.<\/p>\n\n\n\n<p>Apa\u013c\u0101 galda diskusijas tie\u0161raide pieejama latvie\u0161u, ang\u013cu un fran\u010du valod\u0101s&nbsp;<a href=\"https:\/\/www.youtube.com\/channel\/UC8x_f0V1P9Ugo9ZOmTjWdxQ\">Tieslietu ministrijas Youtube kont\u0101.<\/a><\/p>\n","protected":false},"excerpt":{"rendered":"<p>No 21. l\u012bdz 22. septembrim R\u012bg\u0101 norisin\u0101s Ekonomisk\u0101s sadarb\u012bbas un att\u012bst\u012bbas organiz\u0101cijas (OECD) Glob\u0101l\u0101 apa\u013c\u0101 galda diskusija par pieeju tiesiskumam &#8211; 2022. Diskusij\u0101s kl\u0101tien\u0113 piedal\u012bsies vair\u0101k nek\u0101 100 dal\u012bbnieku no 35 OECD dal\u012bbvalst\u012bm un partnervalst\u012bm.<\/p>\n","protected":false},"author":1936,"featured_media":18899,"comment_status":"closed","ping_status":"closed","sticky":false,"template":"","format":"standard","meta":{"footnotes":""},"categories":[43],"tags":[],"_links":{"self":[{"href":"https:\/\/zurnalsiepirkumi.lv\/index.php?rest_route=\/wp\/v2\/posts\/18897"}],"collection":[{"href":"https:\/\/zurnalsiepirkumi.lv\/index.php?rest_route=\/wp\/v2\/posts"}],"about":[{"href":"https:\/\/zurnalsiepirkumi.lv\/index.php?rest_route=\/wp\/v2\/types\/post"}],"author":[{"embeddable":true,"href":"https:\/\/zurnalsiepirkumi.lv\/index.php?rest_route=\/wp\/v2\/users\/1936"}],"replies":[{"embeddable":true,"href":"https:\/\/zurnalsiepirkumi.lv\/index.php?rest_route=%2Fwp%2Fv2%2Fcomments&post=18897"}],"version-history":[{"count":2,"href":"https:\/\/zurnalsiepirkumi.lv\/index.php?rest_route=\/wp\/v2\/posts\/18897\/revisions"}],"predecessor-version":[{"id":18900,"href":"https:\/\/zurnalsiepirkumi.lv\/index.php?rest_route=\/wp\/v2\/posts\/18897\/revisions\/18900"}],"wp:featuredmedia":[{"embeddable":true,"href":"https:\/\/zurnalsiepirkumi.lv\/index.php?rest_route=\/wp\/v2\/media\/18899"}],"wp:attachment":[{"href":"https:\/\/zurnalsiepirkumi.lv\/index.php?rest_route=%2Fwp%2Fv2%2Fmedia&parent=18897"}],"wp:term":[{"taxonomy":"category","embeddable":true,"href":"https:\/\/zurnalsiepirkumi.lv\/index.php?rest_route=%2Fwp%2Fv2%2Fcategories&post=18897"},{"taxonomy":"post_tag","embeddable":true,"href":"https:\/\/zurnalsiepirkumi.lv\/index.php?rest_route=%2Fwp%2Fv2%2Ftags&post=18897"}],"curies":[{"name":"wp","href":"https:\/\/api.w.org\/{rel}","templated":true}]}}