{"id":18830,"date":"2022-09-08T10:10:00","date_gmt":"2022-09-08T08:10:00","guid":{"rendered":"https:\/\/zurnalsiepirkumi.lv\/?p=18830"},"modified":"2022-09-09T10:14:31","modified_gmt":"2022-09-09T08:14:31","slug":"varam-virzita-pasvaldibu-parvaldibas-reforma-apstiprinata-saeima","status":"publish","type":"post","link":"https:\/\/zurnalsiepirkumi.lv\/?p=18830","title":{"rendered":"VARAM virz\u012bt\u0101 pa\u0161vald\u012bbu p\u0101rvald\u012bbas reforma apstiprin\u0101ta Saeim\u0101"},"content":{"rendered":"\n<p>Vides aizsardz\u012bbas un re\u0123ion\u0101l\u0101s att\u012bst\u012bbas ministrija<\/p>\n\n\n\n<p>8.septembr\u012b, Saeima tre\u0161aj\u0101 gal\u012bgaj\u0101 las\u012bjum\u0101 pie\u0146\u0113ma Vides aizsardz\u012bbas un re\u0123ion\u0101l\u0101s att\u012bst\u012bbas ministrijas (VARAM) izstr\u0101d\u0101to likumprojektu \u201cPa\u0161vald\u012bbu likums\u201d. Tas nosaka laikmet\u012bgu viet\u0113jo pa\u0161vald\u012bbu darb\u012bbas regul\u0113jumu, paredzot liel\u0101kas sabiedr\u012bbas iesaistes iesp\u0113jas pa\u0161vald\u012bbas darb\u0101, k\u0101 ar\u012b politisk\u0101s un administrat\u012bv\u0101s vad\u012bbas skaidr\u0101ku nodal\u012b\u0161anu, pilnveidojot kompeten\u010du un funkciju sadali u.c. b\u016btiskus jaunievedumus.<\/p>\n\n\n\n<p>Ministrs Art\u016brs Toms Ple\u0161s: \u201cVides aizsardz\u012bbas un re\u0123ion\u0101l\u0101s att\u012bst\u012bbas ministrija p\u0113d\u0113jo \u010detru gadu laik\u0101 ir \u012bstenojusi b\u016btiskas reformas. Nedaudz vair\u0101k k\u0101 gadu p\u0113c administrat\u012bvi teritori\u0101l\u0101s reformas st\u0101\u0161an\u0101s sp\u0113k\u0101 ir nosl\u0113gusies v\u0113l viena fundament\u0101la reforma &#8211; pa\u0161vald\u012bbu p\u0101rvald\u012bbas reforma. Jau iepriek\u0161 esmu uzsv\u0113ris, \u0161\u012b reforma iez\u012bm\u0113 laikmeta un dom\u0101\u0161anas mai\u0146u. Kop\u0161 1994. gada, kad pie\u0146emts l\u012bdz\u0161in\u0113jais likums \u201cPar pa\u0161vald\u012bb\u0101m\u201d, notiku\u0161as b\u016btiskas izmai\u0146as ne tikai valsts p\u0101rvald\u0113, bet ar\u012b pilsoniskaj\u0101 sabiedr\u012bb\u0101. Esmu gandar\u012bts, ka Saeima \u0161odien ir atbalst\u012bjusi Vides aizsardz\u012bbas un re\u0123ion\u0101l\u0101s att\u012bst\u012bbas ministrijas redz\u0113jumu, atbalstot laikmet\u012bgu p\u0101rvald\u012bbu pa\u0161vald\u012bb\u0101s. .\u201d<\/p>\n\n\n\n<p>K\u0101 viens no b\u016btisk\u0101kajiem jaunin\u0101jumiem likum\u0101 ir&nbsp;papla\u0161in\u0101t\u0101s sabiedr\u012bbas iesaistes iesp\u0113jas pa\u0161vald\u012bbas darb\u0101. Likumprojekt\u0101 paredz\u0113ts noteikt pa\u0161vald\u012bbas sadarb\u012bbu ar pilsonisk\u0101s sabiedr\u012bbas organiz\u0101cij\u0101m un nodro\u0161in\u0101t sabiedr\u012bbas iesaisti pa\u0161vald\u012bbas darb\u0101. T\u0101pat tiek paredz\u0113ti jauni sabiedr\u012bbas l\u012bdzdal\u012bbas r\u012bki \u2013 kolekt\u012bvais iesniegums un iedz\u012bvot\u0101ju padome \u2013 konsultat\u012bva instit\u016bcija, kuras kompetenci un izveidi noteiktu pati pa\u0161vald\u012bba padomes nolikum\u0101, iev\u0113rojot, ka kandid\u0101tus darbam padom\u0113 izvirza un iev\u0113l\u0113 pa\u0161vald\u012bbas iedz\u012bvot\u0101ji. Atbalst\u012bta l\u012bdzdal\u012bbas bud\u017eeta iek\u013cau\u0161ana likum\u0101. Tas \u013caus iedz\u012bvot\u0101jiem lemt par pa\u0161vald\u012bbas bud\u017eeta izlietojumu noteiktas summas apm\u0113r\u0101.<\/p>\n\n\n\n<p>Vienlaikus, lai stiprin\u0101tu domes un citu instit\u016bciju darb\u012bbas&nbsp;atkl\u0101t\u012bbu, likum\u0101 paredz\u0113ts pien\u0101kums public\u0113t s\u0113\u017eu darba k\u0101rt\u012bbas un protokolus, k\u0101 ar\u012b nodro\u0161in\u0101t domes s\u0113des audiovizu\u0101lu tie\u0161raidi atbilsto\u0161i m\u016bsdienu tehnolo\u0123iskaj\u0101m iesp\u0113j\u0101m un jebkura sabiedr\u012bbas locek\u013ca interes\u0113m. T\u0101pat ir noteikta pras\u012bba pamatot steidzamu domes \u0101rk\u0101rtas s\u0113\u017eu sasauk\u0161anu.<\/p>\n\n\n\n<p>Lai veicin\u0101tu&nbsp;efekt\u012bvu pa\u0161vald\u012bbas p\u0101rvald\u012bbu&nbsp;un profesionaliz\u0113tu speci\u0101listu atlasi, paredz\u0113ta administr\u0101cijas darbinieku \u2013 valsts amatpersonu pie\u0146em\u0161ana darb\u0101 atkl\u0101t\u0101 konkurs\u0101, k\u0101 ar\u012b darbinieku rot\u0101cija. T\u0101pat ir noteikts izpilddirektora un vi\u0146a vietnieka pilnvaru termi\u0146\u0161 \u2013 pieci gadi, k\u0101 ar\u012b pras\u012bbas amata kandid\u0101tiem un periodiska darba nov\u0113rt\u0113\u0161ana.<\/p>\n\n\n\n<p>Ar jauno likumu tiks noteikts liegums deput\u0101tiem ie\u0146emt amatus dom\u0113, ja deput\u0101tam Krimin\u0101lprocesa likum\u0101 noteiktaj\u0101 k\u0101rt\u012bb\u0101 piem\u0113rots procesu\u0101lais piespiedu l\u012bdzeklis (dro\u0161\u012bbas l\u012bdzeklis) \u2013 noteiktas nodarbo\u0161an\u0101s aizliegums, kas liedz pild\u012bt attiec\u012bg\u0101 amata pien\u0101kumus. T\u0101pat ir preciz\u0113ta instit\u016bciju un amatpersonu kompetence, veicinot politisk\u0101s un administrat\u012bv\u0101s varas no\u0161\u0137ir\u0161anu un funkciju izpildes efektivit\u0101ti.<\/p>\n\n\n\n<p>Likumprojekt\u0101 tiek ierobe\u017eota domes kompetence administrat\u012bvo aktu izdo\u0161an\u0101, to nododot pa\u0161vald\u012bbas administr\u0101cijai un tiek uzlabota domes komiteju darba organiz\u0101cija, atce\u013cot<strong>&nbsp;<\/strong>locek\u013cu skaita ierobe\u017eojumu, k\u0101 ar\u012b paredzot komiteju apvienotas s\u0113des. Lai atvieglotu domes darba organiz\u0113\u0161anu, tiek paredz\u0113ts iek\u0161\u0113jus organizatoriskus jaut\u0101jumus noteikt iek\u0161\u0113j\u0101 normat\u012bvaj\u0101 akt\u0101 \u2013 pa\u0161vald\u012bbas darba&nbsp;reglament\u0101, savuk\u0101rt pa\u0161vald\u012bbas nolikum\u0101 (saisto\u0161ie noteikumi) regul\u0113t t\u0101dus jaut\u0101jumus, kas svar\u012bgi ar\u012b sabiedr\u012bbai (tai skait\u0101 domes att\u0101lin\u0101tu s\u0113\u017eu norise, apmekl\u0113t\u0101ju pie\u0146em\u0161ana un dal\u012bba s\u0113d\u0113s, r\u012bc\u012bba ar pa\u0161vald\u012bbas mantu, sadarb\u012bba ar pilsonisk\u0101s sabiedr\u012bbas organiz\u0101cij\u0101m, sabiedr\u012bbas iesaiste pa\u0161vald\u012bbas darb\u0101).<\/p>\n\n\n\n<p>Tiek uzsv\u0113rta ar\u012b pa\u0161vald\u012bbu loma un noz\u012bme&nbsp;dabas kapit\u0101la att\u012bst\u012bbas un ilgtsp\u0113jas&nbsp;veicin\u0101\u0161an\u0101 un&nbsp;darb\u0101 ar jaunatni. Savuk\u0101rt ar 2024. gadu paredz\u0113ts ikvien\u0101 pa\u0161vald\u012bb\u0101 nodro\u0161in\u0101t&nbsp;atskurbin\u0101\u0161anas pakalpojumu&nbsp;pieejam\u012bbu, bet sabiedr\u012bbas dro\u0161\u012bbas un k\u0101rt\u012bbas jom\u0101 \u2013 izveidot&nbsp;pa\u0161vald\u012bbas policiju.<\/p>\n\n\n\n<p>Likumprojekt\u0101 nostiprin\u0101ta R\u012bgas k\u0101 galvaspils\u0113tas kompetence starptautisku organiz\u0101ciju un \u0101rvalstu deleg\u0101ciju uz\u0146em\u0161an\u0101, to darb\u012bbas nodro\u0161in\u0101\u0161an\u0101 un pas\u0101kumu organiz\u0113\u0161an\u0101, k\u0101 ar\u012b visu&nbsp;valstspils\u0113tu kompetence&nbsp;nacion\u0101las un starptautiskas v\u0113stures un kult\u016brv\u0113sturisku objektu, kult\u016bras infrastrukt\u016bras, ka ar\u012b valsts noz\u012bmes sakaru un transporta infrastrukt\u016bras uztur\u0113\u0161an\u0101 un att\u012bst\u012b\u0161an\u0101.<\/p>\n\n\n\n<p>Lai efektiviz\u0113tu&nbsp;saisto\u0161o noteikumu&nbsp;izstr\u0101des un uzraudz\u012bbas proced\u016bru, likumprojekt\u0101 noteikts saisto\u0161o noteikumu projekta paskaidrojuma raksta detaliz\u0113ts saturs, ieviesta pras\u012bba projektu public\u0113t t\u012bmek\u013cvietn\u0113 sabiedr\u012bbas viedok\u013ca noskaidro\u0161anai. T\u0101pat noteikta nozaru ministriju kompetence saisto\u0161o noteikumu tiesiskuma p\u0101rbaud\u0113 pirms to st\u0101\u0161an\u0101s sp\u0113k\u0101.<\/p>\n\n\n\n<p>K\u0101 jauns instruments pa\u0161vald\u012bbu darb\u012bbas&nbsp;tiesiskuma uzraudz\u012bb\u0101&nbsp;ir paredz\u0113tas ties\u012bbas VARAM ministram aicin\u0101t domi p\u0101rskat\u012bt t\u0101s l\u0113mumu, kuru VARAM atzinusi par prettiesisku, t\u0101d\u0113j\u0101di izvairoties no \u0161obr\u012bd vien\u012bg\u0101s iesp\u0113jas \u2013 aptur\u0113t pa\u0161vald\u012bbas ties\u012bbu akta darb\u012bbu, kas atsevi\u0161\u0137os gad\u012bjumos ir nesam\u0113r\u012bgi.<\/p>\n\n\n\n<p>T\u0101pat paredz\u0113ts pien\u0101kums pa\u0161vald\u012bbai pirms sadarb\u012bbas uzs\u0101k\u0161anas ar \u0101rvalsts pa\u0161vald\u012bb\u0101m, pa\u0161vald\u012bbu biedr\u012bb\u0101m un cit\u0101m \u0101rvalsts instit\u016bcij\u0101m konsult\u0113ties ar \u0100rlietu ministriju, ja to l\u016bdz \u0100rlietu ministrija vienotas valsts \u0101rpolitikas \u012bsteno\u0161anai.<\/p>\n\n\n\n<p>Likumprojekts paredz ar\u012b virkni citu jaut\u0101jumu gan attiec\u012bb\u0101 uz pa\u0161vald\u012bbu darba organiz\u0101ciju un finan\u0161u kontroli, gan savstarp\u0113jo sadarb\u012bbu.<\/p>\n\n\n\n<p>Jauna likuma izstr\u0101des m\u0113r\u0137is bija rad\u012bt t\u0101du likumisku ietvaru, kas \u013cautu pa\u0161vald\u012bb\u0101m str\u0101d\u0101t efekt\u012bv\u0101k, caurskat\u0101m\u0101k un sazob\u0113 ar sabiedr\u012bbu, lai var\u0113tu pilnv\u0113rt\u012bgi \u012bstenot t\u0101s intereses. VARAM, str\u0101d\u0101jot pie jaun\u0101 likumprojekta, \u0146\u0113musi v\u0113r\u0101 l\u012bdz\u0161in\u0113jos Satversmes tiesas spriedumus un Valsts kontroles atzinumus, rekomend\u0101cijas pa\u0161vald\u012bbu jaut\u0101jumos.<\/p>\n","protected":false},"excerpt":{"rendered":"<p>8.septembr\u012b, Saeima tre\u0161aj\u0101 gal\u012bgaj\u0101 las\u012bjum\u0101 pie\u0146\u0113ma Vides aizsardz\u012bbas un re\u0123ion\u0101l\u0101s att\u012bst\u012bbas ministrijas (VARAM) izstr\u0101d\u0101to likumprojektu \u201cPa\u0161vald\u012bbu likums\u201d.<\/p>\n","protected":false},"author":1938,"featured_media":18826,"comment_status":"closed","ping_status":"open","sticky":false,"template":"","format":"standard","meta":{"footnotes":""},"categories":[1,95],"tags":[],"_links":{"self":[{"href":"https:\/\/zurnalsiepirkumi.lv\/index.php?rest_route=\/wp\/v2\/posts\/18830"}],"collection":[{"href":"https:\/\/zurnalsiepirkumi.lv\/index.php?rest_route=\/wp\/v2\/posts"}],"about":[{"href":"https:\/\/zurnalsiepirkumi.lv\/index.php?rest_route=\/wp\/v2\/types\/post"}],"author":[{"embeddable":true,"href":"https:\/\/zurnalsiepirkumi.lv\/index.php?rest_route=\/wp\/v2\/users\/1938"}],"replies":[{"embeddable":true,"href":"https:\/\/zurnalsiepirkumi.lv\/index.php?rest_route=%2Fwp%2Fv2%2Fcomments&post=18830"}],"version-history":[{"count":2,"href":"https:\/\/zurnalsiepirkumi.lv\/index.php?rest_route=\/wp\/v2\/posts\/18830\/revisions"}],"predecessor-version":[{"id":18832,"href":"https:\/\/zurnalsiepirkumi.lv\/index.php?rest_route=\/wp\/v2\/posts\/18830\/revisions\/18832"}],"wp:featuredmedia":[{"embeddable":true,"href":"https:\/\/zurnalsiepirkumi.lv\/index.php?rest_route=\/wp\/v2\/media\/18826"}],"wp:attachment":[{"href":"https:\/\/zurnalsiepirkumi.lv\/index.php?rest_route=%2Fwp%2Fv2%2Fmedia&parent=18830"}],"wp:term":[{"taxonomy":"category","embeddable":true,"href":"https:\/\/zurnalsiepirkumi.lv\/index.php?rest_route=%2Fwp%2Fv2%2Fcategories&post=18830"},{"taxonomy":"post_tag","embeddable":true,"href":"https:\/\/zurnalsiepirkumi.lv\/index.php?rest_route=%2Fwp%2Fv2%2Ftags&post=18830"}],"curies":[{"name":"wp","href":"https:\/\/api.w.org\/{rel}","templated":true}]}}