{"id":18492,"date":"2022-08-02T08:51:00","date_gmt":"2022-08-02T06:51:00","guid":{"rendered":"https:\/\/zurnalsiepirkumi.lv\/?p=18492"},"modified":"2022-08-04T08:54:55","modified_gmt":"2022-08-04T06:54:55","slug":"tautsaimniecibas-padome-vienojas-par-pretinflacijas-pasakumiem-uznemumu-konkuretspejas-nodrosinasanai","status":"publish","type":"post","link":"https:\/\/zurnalsiepirkumi.lv\/?p=18492","title":{"rendered":"Tautsaimniec\u012bbas padom\u0113 vienojas par pretinfl\u0101cijas pas\u0101kumiem uz\u0146\u0113mumu konkur\u0113tsp\u0113jas nodro\u0161in\u0101\u0161anai"},"content":{"rendered":"\n<p>Ekonomikas ministrija<\/p>\n\n\n\n<p>Otrdien, 2. august\u0101, ekonomikas ministre Ilze Indriksone sasauca Tautsaimniec\u012bbas padomes (TSP) \u0101rk\u0101rtas s\u0113di videokonferences form\u0101t\u0101, lai ar uz\u0146\u0113m\u0113jiem un liel\u0101ko uz\u0146\u0113m\u0113jus p\u0101rst\u0101vo\u0161o organiz\u0101ciju p\u0101rst\u0101vjiem p\u0101rrun\u0101tu jau \u012bstenotos un turpm\u0101k veicamos pas\u0101kumus ener\u0123\u0113tisk\u0101s neatkar\u012bbas stiprin\u0101\u0161anai, tautsaimniec\u012bbas stabilit\u0101tes saglab\u0101\u0161anai un uz\u0146\u0113mumu konkur\u0113tsp\u0113jas nodro\u0161in\u0101\u0161anai.<\/p>\n\n\n\n<p>Katru ned\u0113\u013cu da\u017e\u0101dos form\u0101tos akt\u012bvi komunic\u0113jam ar nozaru komersantiem par situ\u0101ciju energoresursu pieejam\u012bb\u0101 un to cen\u0101m. \u0160odienas Tautsaimniec\u012bbas padomes s\u0113d\u0113 kop\u0101 ar visu nozaru uz\u0146\u0113m\u0113jiem p\u0101rrun\u0101j\u0101m jau paveikto un turpm\u0101kos steidzam\u0101kos so\u013cus tautsaimniec\u012bbas stabilit\u0101tes saglab\u0101\u0161anai un uz\u0146\u0113mumu konkur\u0113tsp\u0113jas nodro\u0161in\u0101\u0161anai.<\/p>\n\n\n\n<p>No valsts puses str\u0101d\u0101jam pie energoresursu pieg\u0101\u017eu un pieg\u0101d\u0101t\u0101ju diversifik\u0101cijas, vienlaikus pied\u0101v\u0101jot k\u0101 \u012bstermi\u0146a, t\u0101 ar\u012b ilg\u0101kus atbalsta pas\u0101kumus iedz\u012bvot\u0101jiem, uz\u0146\u0113m\u0113jiem un siltumapg\u0101des uz\u0146\u0113mumiem. Svar\u012bg\u0101kos l\u0113mumus vald\u012bba pie\u0146\u0113musi savlaic\u012bgi, \u013caujot mums \u0101tr\u0101k \u012bstenot ne vien strat\u0113\u0123iski noz\u012bm\u012bgus pas\u0101kumus ener\u0123\u0113tisk\u0101s dro\u0161\u012bbas un neatkar\u012bbas v\u0101rd\u0101, bet ar\u012b pa\u0101trin\u0101t procesus atjaunojamo un alternat\u012bvo energoresursu ra\u017eo\u0161anai. No valsts puses ieg\u0101d\u0101tas dabasg\u0101zes dro\u0161\u012bbas rezerves 3,8 TWh apm\u0113r\u0101, kas paredz\u0113tas gan m\u0101jsaimniec\u012bbu vajadz\u012bb\u0101m, gan elektroener\u0123ijas ra\u017eo\u0161anai. Aicin\u0101m ar\u012b uz\u0146\u0113m\u0113jus veidot savus ener\u0123\u0113tisk\u0101s stabilit\u0101tes pl\u0101nus, efektiviz\u0113t savu darbu un ieg\u0101d\u0101ties sav\u0101m vajadz\u012bb\u0101m nepiecie\u0161am\u0101s energoresursu rezerves,\u201d\u00a0s\u0113des laik\u0101 uzsv\u0113ra ekonomikas ministre.<\/p>\n\n\n\n<p>San\u0101ksmes laik\u0101 ekonomikas ministre atg\u0101din\u0101ja uz\u0146\u0113m\u0113ju p\u0101rst\u0101vjiem par Ekonomikas ministrijas priorit\u0101rajiem darb\u012bbas virzieniem un paveikto ener\u0123\u0113tikas sektor\u0101, lai nodro\u0161in\u0101tu gan atbalsta meh\u0101nismus gaid\u0101majai ziemas sezonai, gan ar\u012b risin\u0101jumus energoapg\u0101des dro\u0161\u012bbai un neatkar\u012bbai ilgtermi\u0146\u0101.\u00a0\u0100rk\u0101rtas s\u0113des laik\u0101 tika pan\u0101kta vieno\u0161an\u0101s, ka nepiecie\u0161ams izstr\u0101d\u0101t papildu pas\u0101kumus tautsaimniec\u012bbas stabilit\u0101tes nodro\u0161in\u0101\u0161anai un uz\u0146\u0113mumu konkur\u0113tsp\u0113jas nodro\u0161in\u0101\u0161anai, tostarp pas\u0101kumus g\u0101zes un \u0161\u0137eldas pieejam\u012bbas papla\u0161in\u0101\u0161anai, k\u0101 ar\u012b \u012bstenot citus infl\u0101ciju mazino\u0161os pas\u0101kumu iedz\u012bvot\u0101ju maks\u0101tsp\u0113jas saglab\u0101\u0161anai.\u00a0Ekonomikas ministrija jau tuv\u0101kaj\u0101 laik\u0101 izv\u0113rt\u0113s uz\u0146\u0113m\u0113ju sniegtos priek\u0161likumus, sagatavos to detaliz\u0113tu aprakstu un ekonomikas ministre par tiem inform\u0113s vald\u012bbu.<\/p>\n\n\n\n<p>Uz\u0146\u0113mumu p\u0101rst\u0101vji atzin\u012bgi nov\u0113rt\u0113ja iepriek\u0161\u0113j\u0101 apkures sezon\u0101 sniegto valsts atbalstu, t\u0101p\u0113c ar\u012b n\u0101kamaj\u0101 apkures sezon\u0101 rosina vald\u012bbu lemt par\u00a0piln\u012bgu vai da\u013c\u0113ju sadales tarifa kompens\u0101ciju juridisk\u0101m person\u0101m\u00a0un\u00a0oblig\u0101t\u0101s iepirkuma komponentes nepiem\u0113ro\u0161anu visiem elektroener\u0123ijas lietot\u0101jiem\u00a0nol\u016bk\u0101 mazin\u0101t izmaksas par elektroener\u0123iju uz\u0146\u0113m\u0113jiem un cit\u0101m juridisk\u0101m person\u0101m.<\/p>\n\n\n\n<p>T\u0101pat atbalsts tika izteikts EM priek\u0161likumiem rad\u012bt\u00a0granta atbalsta instrumentu energointens\u012bviem\u00a0apstr\u0101des r\u016bpniec\u012bbas komersantiem, uz laiku samazin\u0101t\u00a0akc\u012bzes nodokli degvielai, k\u0101 ar\u012b v\u0113lreiz atgriezties pie diskusijas par\u00a0pievienot\u0101s v\u0113rt\u012bbas nodok\u013ca likmes samazin\u0101\u0161anu p\u0101rtikas produktiem un \u0113din\u0101\u0161anai, lai mazin\u0101tu spiedienu atalgojuma cel\u0161anai un saglab\u0101tu pirktsp\u0113ju m\u0101jsaimniec\u012bb\u0101m. Tautsaimniec\u012bbas padomes locek\u013ci nor\u0101d\u012bja, ka \u0161is ir \u013coti b\u016btisks pas\u0101kums, lai \u0161oruden stiprin\u0101tu iedz\u012bvot\u0101ju maks\u0101tsp\u0113ju, \u0146emot v\u0113r\u0101 straujo cenu pieaugumu vis\u0101m pre\u010du grup\u0101m.<\/p>\n\n\n\n<p>Vienlaikus ministrija inform\u0113ja, ka \u0161obr\u012bd notiek ar\u012b akt\u012bvs darbs pie\u00a0jaunas\u00a0ES fondu atbalsta programmas uz\u0146\u0113m\u0113jiem\u00a0energoefektivit\u0101tes veicin\u0101\u0161anai un atjaunojamo energoresursu pla\u0161\u0101kai izmanto\u0161anai,\u00a0kas var\u0113tu b\u016bt pieejama \u0161.g. oktobr\u012b un kuras ietvaros pl\u0101nots atbalsts ra\u017eo\u0161anas \u0113ku un teritoriju sak\u0101rto\u0161anai, t.sk. ra\u017eo\u0161anas teritorij\u0101 eso\u0161o iek\u0161\u0113jo un \u0101r\u0113jo in\u017eeniert\u012bklu un in\u017eeniersist\u0113mu nomai\u0146ai pret energoefekt\u012bv\u0101k\u0101m, k\u0101 ar\u012b ra\u017eo\u0161anas jaudu moderniz\u0113\u0161anai, uzst\u0101dot energoefekt\u012bv\u0101kas ra\u017eo\u0161anas iek\u0101rtas; atjaunojamo energoresursu tehnolo\u0123iju ievie\u0161anai (saules pane\u013cu, \u0161\u0137eldas katli uzst\u0101d\u012b\u0161anai, u.c.); k\u0101 ar\u012b elektrisko transportl\u012bdzek\u013cu ieg\u0101dei.<\/p>\n\n\n\n<p>Vienlaikus \u0161\u0101 gada nogal\u0113 pl\u0101nots apstiprin\u0101t RePowerEU regulu, kuras ievie\u0161anai Latvijai pieejamais indikat\u012bvais finans\u0113jums pl\u0101nots 109 miljoni eiro, kuru ietvaros caur sist\u0113mas operatoriem &#8211; AS \u00abSadales t\u012bkls\u00bb un AS \u00abAugstsprieguma t\u012bkls\u00bb &#8211; tiks sniegts\u00a0atbalsts uz\u0146\u0113m\u0113jiem attiec\u012bb\u0101 uz piesl\u0113gumu izb\u016bvi un jaudu nodro\u0161in\u0101\u0161anu.<\/p>\n\n\n\n<p>T\u0101pat ministrija kop\u0101 ar Vides aizsardz\u012bbas un re\u0123ion\u0101l\u0101s att\u012bst\u012bbas ministriju str\u0101d\u0101 pie t\u0101, lai n\u0101kam\u0101 apkures sezon\u0101\u00a0atvieglotu vides pras\u012bbu iev\u0113ro\u0161anu \u0161\u0137eldas noliktavu izveidei un termin\u0113tai p\u0101rejai no dabas g\u0101zes uz d\u012bze\u013cdegvielu.<\/p>\n\n\n\n<p>Vienlaikus atg\u0101din\u0101j\u0101m, ka\u00a0\u0161ogad pieejams ar\u012b atbalsts siltuma ra\u017eo\u0161anas uz\u0146\u0113mumiem p\u0101rejai no g\u0101zes uz \u0161\u0137eldu (vai citu atjaunojamo energoresursu) siltumapg\u0101d\u0113\u00a0\u2013 \u0161\u012bs atbalsta programmas ietvaros kopum\u0101 sa\u0146emti 72 pieteikumi, projektu pieteikumu v\u0113rt\u0113\u0161anu CFLA pl\u0101no pabeigt l\u012bdz \u0161.g. 15.\u00a0augustam. Projektu \u012bsteno\u0161anu pa\u0161vald\u012bb\u0101m j\u0101pabeidz l\u012bdz 2023.\u00a0gada beig\u0101m, da\u013ca projektu tiks pabeigti jau \u0161ogad l\u012bdz apkures sezonai, da\u013ca apkures sezonas laik\u0101.<\/p>\n\n\n\n<p>Tautsaimniec\u012bbas padome ir Ekonomikas ministrijas, Latvijas Tirdzniec\u012bbas un r\u016bpniec\u012bbas kameras, Latvijas Pa\u0161vald\u012bbu savien\u012bbas, Latvijas Br\u012bvo arodbiedr\u012bbu savien\u012bbas, Latvijas Darba dev\u0113ju konfeder\u0101cijas izveidota konsultat\u012bva instit\u016bcija, kas sav\u0101 darb\u0101, lai sekm\u0113tu profesion\u0101lu, ar uz\u0146\u0113m\u0113jdarb\u012bbas politiku saist\u012bto jaut\u0101jumu risin\u0101\u0161anu, piesaista nozaru asoci\u0101cijas un neatkar\u012bgos ekspertus. T\u0101s darb\u012bbas m\u0113r\u0137is ir sekm\u0113t uz\u0146\u0113m\u0113jdarb\u012bbai labv\u0113l\u012bgas vides politikas veido\u0161anu un \u012bsteno\u0161anu Latvij\u0101, k\u0101 ar\u012b veicin\u0101t ilgtsp\u0113j\u012bgas tautsaimniec\u012bbas att\u012bst\u012bbas principu ievie\u0161anu valst\u012b un sekm\u0113t t\u0101s procesu un sabiedr\u012bbas l\u012bdzdal\u012bbu.<\/p>\n","protected":false},"excerpt":{"rendered":"<p>Otrdien, 2. august\u0101, ekonomikas ministre Ilze Indriksone sasauca Tautsaimniec\u012bbas padomes (TSP) \u0101rk\u0101rtas s\u0113di videokonferences form\u0101t\u0101, lai ar uz\u0146\u0113m\u0113jiem un liel\u0101ko uz\u0146\u0113m\u0113jus p\u0101rst\u0101vo\u0161o organiz\u0101ciju p\u0101rst\u0101vjiem p\u0101rrun\u0101tu jau \u012bstenotos un turpm\u0101k veicamos pas\u0101kumus ener\u0123\u0113tisk\u0101s neatkar\u012bbas stiprin\u0101\u0161anai, tautsaimniec\u012bbas stabilit\u0101tes saglab\u0101\u0161anai un uz\u0146\u0113mumu konkur\u0113tsp\u0113jas nodro\u0161in\u0101\u0161anai.<\/p>\n","protected":false},"author":1938,"featured_media":18491,"comment_status":"closed","ping_status":"open","sticky":false,"template":"","format":"standard","meta":{"footnotes":""},"categories":[418,47],"tags":[],"_links":{"self":[{"href":"https:\/\/zurnalsiepirkumi.lv\/index.php?rest_route=\/wp\/v2\/posts\/18492"}],"collection":[{"href":"https:\/\/zurnalsiepirkumi.lv\/index.php?rest_route=\/wp\/v2\/posts"}],"about":[{"href":"https:\/\/zurnalsiepirkumi.lv\/index.php?rest_route=\/wp\/v2\/types\/post"}],"author":[{"embeddable":true,"href":"https:\/\/zurnalsiepirkumi.lv\/index.php?rest_route=\/wp\/v2\/users\/1938"}],"replies":[{"embeddable":true,"href":"https:\/\/zurnalsiepirkumi.lv\/index.php?rest_route=%2Fwp%2Fv2%2Fcomments&post=18492"}],"version-history":[{"count":1,"href":"https:\/\/zurnalsiepirkumi.lv\/index.php?rest_route=\/wp\/v2\/posts\/18492\/revisions"}],"predecessor-version":[{"id":18493,"href":"https:\/\/zurnalsiepirkumi.lv\/index.php?rest_route=\/wp\/v2\/posts\/18492\/revisions\/18493"}],"wp:featuredmedia":[{"embeddable":true,"href":"https:\/\/zurnalsiepirkumi.lv\/index.php?rest_route=\/wp\/v2\/media\/18491"}],"wp:attachment":[{"href":"https:\/\/zurnalsiepirkumi.lv\/index.php?rest_route=%2Fwp%2Fv2%2Fmedia&parent=18492"}],"wp:term":[{"taxonomy":"category","embeddable":true,"href":"https:\/\/zurnalsiepirkumi.lv\/index.php?rest_route=%2Fwp%2Fv2%2Fcategories&post=18492"},{"taxonomy":"post_tag","embeddable":true,"href":"https:\/\/zurnalsiepirkumi.lv\/index.php?rest_route=%2Fwp%2Fv2%2Ftags&post=18492"}],"curies":[{"name":"wp","href":"https:\/\/api.w.org\/{rel}","templated":true}]}}