{"id":18422,"date":"2022-07-28T12:06:00","date_gmt":"2022-07-28T10:06:00","guid":{"rendered":"https:\/\/zurnalsiepirkumi.lv\/?p=18422"},"modified":"2022-08-01T12:15:13","modified_gmt":"2022-08-01T10:15:13","slug":"tiesa-atsaka-pienemt-murmanes-umbrasko-apelacijas-sudzibu-par-vm-izteikto-rajienu-saistiba-ar-covid-19-vakcinu-iepirkumu","status":"publish","type":"post","link":"https:\/\/zurnalsiepirkumi.lv\/?p=18422","title":{"rendered":"Tiesa atsaka pie\u0146emt M\u016brmanes-Umbra\u0161ko apel\u0101cijas s\u016bdz\u012bbu par VM izteikto r\u0101jienu saist\u012bb\u0101 ar Covid-19 vakc\u012bnu iepirkumu"},"content":{"rendered":"\n<p>LETA<\/p>\n\n\n\n<p>Administrat\u012bv\u0101 rajona tiesa \u0161odien atteic\u0101s ierosin\u0101t apel\u0101cijas tiesved\u012bbu par biju\u0161\u0101s Vesel\u012bbas ministrijas (VM) valsts sekret\u0101res Dainas M\u016brmanes-Umbra\u0161ko apel\u0101cijas s\u016bdz\u012bbu par pirm\u0101s instances spriedumu, ar kuru tika noraid\u012bta vi\u0146as pras\u012bba atcelt iepriek\u0161 vi\u0146ai izteikto r\u0101jienu saist\u012bb\u0101 ar Covid-19 vakc\u012bnu\u00a0iepirkumu, a\u0123ent\u016bra LETA noskaidroja ties\u0101.<\/p>\n\n\n\n<p>Konstat\u0113jot procesu\u0101l\u0101 termi\u0146a nokav\u0113jumu, tiesa l\u0113ma atteikt pie\u0146emt apel\u0101cijas s\u016bdz\u012bbu. Min\u0113to l\u0113mumu var p\u0101rs\u016bdz\u0113t Administrat\u012bvaj\u0101 apgabalties\u0101 14 dienu laik\u0101.<\/p>\n\n\n\n<p>Jau v\u0113st\u012bts, ka Administrat\u012bv\u0101 rajona tiesa 3.maij\u0101 ir noraid\u012bjusi M\u016brmanes-Umbra\u0161ko s\u016bdz\u012bbu, ar kur vi\u0146a apstr\u012bd\u0113ja iepriek\u0161 VM izteikto r\u0101jienu saist\u012bb\u0101 ar Covid-19 vakc\u012bnu\u00a0iepirkumu.<\/p>\n\n\n\n<p>Tiesa piln\u012bba noraid\u012bja M\u016brmanes-Umbra\u0161ko pieteikumu, kur\u0101 vi\u0146a l\u016bdza atz\u012bt par prettiesisku VM p\u0113rn\u0101 gada 7.apr\u012b\u013ca l\u0113mumu un atl\u012bdzin\u0101t nemantisko kait\u0113jumu vienas m\u0113ne\u0161a vid\u0113j\u0101s izpe\u013c\u0146as apm\u0113r\u0101.<\/p>\n\n\n\n<p>Tiesa neguva apstiprin\u0101jumu M\u016brmanes-Umbra\u0161ko argumentam, ka visus b\u016btiskos aspektus Covid-19 vakc\u012bnu ieg\u0101des jaut\u0101jumos pietiekami reglament\u0113ja Ministru kabineta noteikumi un Valsts katastrofu medic\u012bnas pl\u0101ns.<\/p>\n\n\n\n<p>L\u012bdz ar to tiesa kritiski v\u0113rt\u0113 M\u016brmanes-Umbra\u0161ko argumentu, ka Covid-19 vakc\u012bnu ieg\u0101dei bija piem\u0113rojami Vakcin\u0101cijas noteikumi un attiec\u012bgi ar pa\u0161u vakc\u012bnas ieg\u0101des procesu netika saskat\u012bts, ka kaut kas ir j\u0101dara cit\u0101d\u0101k, nek\u0101 tas ir dar\u012bts l\u012bdz \u0161im.<\/p>\n\n\n\n<p>Tiesa secin\u0101ja, ka pieteic\u0113jai disciplin\u0101rliet\u0101 izteikts p\u0101rmetums tie\u0161i par to, ka netika izstr\u0101d\u0101ta proced\u016bra, k\u0101d\u0101 notiek l\u0113muma pie\u0146em\u0161ana par vakc\u012bnas pret Covid-19 ieg\u0101di, tai skait\u0101 netika nodro\u0161in\u0101ts, ka l\u0113mumu par pas\u016bt\u0101mo vakc\u012bnas devu skaitu pie\u0146em instit\u016bcija, kurai ir attiec\u012bgas pilnvaras, tiesa izv\u0113rt\u0113s, k\u0101da bija pieteic\u0113jas min\u0113to iest\u0101\u017eu kompetence Covid-19 vakc\u012bnu iepirkum\u0101.<\/p>\n\n\n\n<p>T\u0101pat apkopojot inform\u0101ciju, tiesa neguva apstiprin\u0101jumu pieteic\u0113jas argumentam, ka proced\u016bra, k\u0101d\u0101 notiek l\u0113muma pie\u0146em\u0161ana par vakc\u012bnas pret Covid-19 ieg\u0101di, netika izstr\u0101d\u0101ta, jo bija pamatoti piem\u0113rot jau sp\u0113k\u0101 eso\u0161o regul\u0113jumu, tai skait\u0101 iest\u0101\u017eu nolikumos katrai iest\u0101dei noteikt\u0101s kompetences ietvaros,\u00a0iepirkumi\u00a0veikti atbilsto\u0161i valst\u012b past\u0101vo\u0161ajiem regul\u0113jumiem.<\/p>\n\n\n\n<p>Jau v\u0113st\u012bts, ka vesel\u012bbas ministrs Daniels Pav\u013cuts (AP) 2021.gada pavasar\u012b bija rosin\u0101jis p\u0101rbaudi saist\u012bb\u0101 ar vair\u0101kiem pirmajiem &#8220;BioNTech\/Pfizer&#8221; vakc\u012bnu pret Covid-19\u00a0iepirkumiem, kuros Latvija bija ieg\u0101d\u0101jusies maz\u0101k vakc\u012bnu, nek\u0101 bija pieejams.<\/p>\n\n\n\n<p>Saist\u012bb\u0101 ar caursp\u012bd\u012bgas p\u0101rvaldes, iek\u0161\u0113j\u0101s kontroles sist\u0113mas un darba organiz\u0101cijas tr\u016bkumiem, veicot vakc\u012bnu pret Covid-19\u00a0iepirkumus, toreiz\u0113jai VM valsts sekret\u0101rei M\u016brmanei-Umbra\u0161ko tika izteikts r\u0101jiens un vi\u0146u tika nolemts p\u0101rcelt zem\u0101k\u0101 amat\u0101.<\/p>\n\n\n\n<p>M\u016brmane-Umbra\u0161ko nesaskat\u012bja savu vainu vakc\u012bnu pret Covid-19 iepirkumos konstat\u0113taj\u0101s nepiln\u012bb\u0101s. Vi\u0146a nepiekrita pazemin\u0101\u0161anai amat\u0101 un darbu VM pameta, r\u0101jienu paral\u0113li apstr\u012bdot ties\u0101.<\/p>\n\n\n\n<p>Pav\u013cuts toreiz ierosin\u0101ja disciplin\u0101rlietu ar\u012b pret biju\u0161o Z\u0101\u013cu valsts a\u0123ent\u016bras (ZVA) direktoru Svenu Henkuzenu. Disciplin\u0101rlieta tika ierosin\u0101ta, jo Henkuzens 2020.gada 22.decembra Ministru kabineta s\u0113d\u0113 sniedza neprec\u012bzu inform\u0101ciju par Latvijai pieejamo &#8220;Pfizer\/Biontech&#8221; vakc\u012bnas papilddevu skaitu. \u0160\u012bs r\u012bc\u012bbas rezult\u0101t\u0101 vald\u012bba uzdeva VM organiz\u0113t l\u012bdz 100 000 papildu vakc\u012bnas devu ieg\u0101di no &#8220;Pfizer\/BioNTech&#8221;, nevis 420 707 vakc\u012bnas devu ieg\u0101di.<\/p>\n\n\n\n<p>P\u0113c disciplin\u0101rlietas izskat\u012b\u0161anas Henkuzens tika pazemin\u0101ts Vesel\u012bbas inspekcijas vad\u012bt\u0101ja vietnieka vesel\u012bbas apr\u016bp\u0113 amat\u0101, kur gan re\u0101li darbu neuzs\u0101ka. Ar\u012b vi\u0146\u0161 apstr\u012bd\u0113ja sodu ties\u0101, ta\u010du zaud\u0113ja. Vi\u0146\u0161 pirm\u0101s tiesas spriedumu nebija p\u0101rs\u016bdz\u0113jis, l\u012bdz ar ko VM noteikt\u0101 amata rot\u0101cija st\u0101j\u0101s sp\u0113k\u0101.<\/p>\n","protected":false},"excerpt":{"rendered":"<p>Administrat\u012bv\u0101 rajona tiesa \u0161odien atteic\u0101s ierosin\u0101t apel\u0101cijas tiesved\u012bbu par biju\u0161\u0101s Vesel\u012bbas ministrijas (VM) valsts sekret\u0101res Dainas M\u016brmanes-Umbra\u0161ko apel\u0101cijas s\u016bdz\u012bbu par pirm\u0101s instances spriedumu, ar kuru tika noraid\u012bta vi\u0146as pras\u012bba atcelt iepriek\u0161 vi\u0146ai izteikto r\u0101jienu saist\u012bb\u0101 ar Covid-19 vakc\u012bnu\u00a0iepirkumu, a\u0123ent\u016bra LETA noskaidroja ties\u0101.<\/p>\n","protected":false},"author":1936,"featured_media":18428,"comment_status":"closed","ping_status":"open","sticky":false,"template":"","format":"standard","meta":{"footnotes":""},"categories":[396,33,43],"tags":[],"_links":{"self":[{"href":"https:\/\/zurnalsiepirkumi.lv\/index.php?rest_route=\/wp\/v2\/posts\/18422"}],"collection":[{"href":"https:\/\/zurnalsiepirkumi.lv\/index.php?rest_route=\/wp\/v2\/posts"}],"about":[{"href":"https:\/\/zurnalsiepirkumi.lv\/index.php?rest_route=\/wp\/v2\/types\/post"}],"author":[{"embeddable":true,"href":"https:\/\/zurnalsiepirkumi.lv\/index.php?rest_route=\/wp\/v2\/users\/1936"}],"replies":[{"embeddable":true,"href":"https:\/\/zurnalsiepirkumi.lv\/index.php?rest_route=%2Fwp%2Fv2%2Fcomments&post=18422"}],"version-history":[{"count":1,"href":"https:\/\/zurnalsiepirkumi.lv\/index.php?rest_route=\/wp\/v2\/posts\/18422\/revisions"}],"predecessor-version":[{"id":18429,"href":"https:\/\/zurnalsiepirkumi.lv\/index.php?rest_route=\/wp\/v2\/posts\/18422\/revisions\/18429"}],"wp:featuredmedia":[{"embeddable":true,"href":"https:\/\/zurnalsiepirkumi.lv\/index.php?rest_route=\/wp\/v2\/media\/18428"}],"wp:attachment":[{"href":"https:\/\/zurnalsiepirkumi.lv\/index.php?rest_route=%2Fwp%2Fv2%2Fmedia&parent=18422"}],"wp:term":[{"taxonomy":"category","embeddable":true,"href":"https:\/\/zurnalsiepirkumi.lv\/index.php?rest_route=%2Fwp%2Fv2%2Fcategories&post=18422"},{"taxonomy":"post_tag","embeddable":true,"href":"https:\/\/zurnalsiepirkumi.lv\/index.php?rest_route=%2Fwp%2Fv2%2Ftags&post=18422"}],"curies":[{"name":"wp","href":"https:\/\/api.w.org\/{rel}","templated":true}]}}