{"id":18408,"date":"2022-07-31T11:47:00","date_gmt":"2022-07-31T09:47:00","guid":{"rendered":"https:\/\/zurnalsiepirkumi.lv\/?p=18408"},"modified":"2022-08-01T11:52:00","modified_gmt":"2022-08-01T09:52:00","slug":"pec-kavesanas-ar-parvadataja-mainu-vidzemes-puse-cata-prasa-tiesu-atcelt-valsts-ligumu-ar-nordeka","status":"publish","type":"post","link":"https:\/\/zurnalsiepirkumi.lv\/?p=18408","title":{"rendered":"P\u0113c kav\u0113\u0161an\u0101s ar p\u0101rvad\u0101t\u0101ja mai\u0146u Vidzemes pus\u0113 CATA prasa tiesu atcelt valsts l\u012bgumu ar \u00abNordeka\u00bb"},"content":{"rendered":"\n<p>LSM<\/p>\n\n\n\n<p>Administrat\u012bvaj\u0101 ties\u0101 iesniegta pras\u012bba par valsts l\u012bguma atcel\u0161anu ar uz\u0146\u0113mumu &#8220;Nordeka&#8221;, kas paredz\u0113taj\u0101 laik\u0101 nav uzs\u0101cis pasa\u017eieru p\u0101rvad\u0101jumus C\u0113su, Limba\u017eu un Siguldas re\u0123ionos.<\/p>\n\n\n\n<p>Uz l\u012bguma lau\u0161anu uzst\u0101j l\u012bdz\u0161in\u0113jais pakalpojuma sniedz\u0113js uz\u0146\u0113mums CATA, kuram pasa\u017eieru p\u0101rvad\u0101jumi \u0161ajos mar\u0161rutos uztic\u0113ti v\u0113l vismaz gadu.<\/p>\n\n\n\n<p>P\u0113c tam, kad uz\u0146\u0113mums &#8220;Nordeka&#8221; nav paguvis l\u012bdz \u0161\u012b gada j\u016blijam sag\u0101d\u0101t un sagatavot autobusus, ar\u012b Autotransporta direkcija iepriek\u0161\u00a0apsv\u0113ra l\u012bguma lau\u0161anu. T\u0101 viet\u0101 nosl\u0113gta vieno\u0161an\u0101s ar Nordeku par l\u012bguma izmai\u0146\u0101m.<\/p>\n\n\n\n<p>\u201cJ\u0101atz\u012bm\u0113, ka \u201cNordeka\u201d par to \u013coti savlaic\u012bgi inform\u0113ja, ka gan Covid-19 sakar\u0101, gan \u0123eopolitisk\u0101s situ\u0101cijas d\u0113\u013c ir aizkav\u0113jusies \u0161o autobusu b\u016bvniec\u012bba. Tie autobusi ir pas\u016bt\u012bti, un m\u0113s par to esam ar\u012b gr\u0101matvediski p\u0101rliecin\u0101ju\u0161ies. Ir veiktas priek\u0161apmaksas, un tas process notiek, bet diem\u017e\u0113l \u0161o \u0101r\u0113jo apst\u0101k\u013cu rezult\u0101t\u0101 nav notikusi \u0161o autobusu pieg\u0101de \u201cNordekai\u201d noteiktajos termi\u0146os.<\/p>\n\n\n\n<p>M\u0113s \u0161obr\u012bd neredzam pamatotu iemeslu lauzt l\u012bgumu. Jo princip\u0101 tas sagatavo\u0161an\u0101s periods var b\u016bt ar\u012b gar\u0101ks, tas nav nek\u0101ds p\u0101rk\u0101pums, jo vi\u0146i jau v\u0113l nes\u0101k l\u012bgumu. Vienk\u0101r\u0161i tas sagatavo\u0161an\u0101s periods, kas bija noteikts uz gadu, ir pagarin\u0101ts tagad v\u0113l uz gadu,\u201d skaidroja Autotransporta direkcijas p\u0101rst\u0101vis Viktors Za\u0137is.<\/p>\n\n\n\n<p>Saska\u0146\u0101 ar konkursa rezult\u0101tiem un p\u0113rn sl\u0113gto l\u012bgumu C\u0113su, Limba\u017eu un Siguldas lot\u0113s vai mar\u0161rutu apgabalos no \u0161\u0101 gada 1. j\u016blija pasa\u017eieru p\u0101rvad\u0101jumi ar jauniem autobusiem j\u0101nodro\u0161ina uz\u0146\u0113mumam &#8220;Nordeka&#8221;. Jau apr\u012bl\u012b ATD aptv\u0113ra, ka uz\u0146\u0113mums to var nepag\u016bt. \u0160ajos mar\u0161rutos ar eso\u0161ajiem autobusiem pakalpojumu\u00a0v\u0113l vismaz gadu turpin\u0101s\u00a0nodro\u0161in\u0101t re\u0123iona pa\u0161vald\u012bbu p\u0101rraudz\u012btais uz\u0146\u0113mums &#8220;CATA&#8221;.\u00a0<\/p>\n","protected":false},"excerpt":{"rendered":"<p>Administrat\u012bvaj\u0101 ties\u0101 iesniegta pras\u012bba par valsts l\u012bguma atcel\u0161anu ar uz\u0146\u0113mumu &#8220;Nordeka&#8221;, kas paredz\u0113taj\u0101 laik\u0101 nav uzs\u0101cis pasa\u017eieru p\u0101rvad\u0101jumus C\u0113su, Limba\u017eu un Siguldas re\u0123ionos.<\/p>\n","protected":false},"author":1938,"featured_media":18407,"comment_status":"closed","ping_status":"open","sticky":false,"template":"","format":"standard","meta":{"footnotes":""},"categories":[46],"tags":[],"_links":{"self":[{"href":"https:\/\/zurnalsiepirkumi.lv\/index.php?rest_route=\/wp\/v2\/posts\/18408"}],"collection":[{"href":"https:\/\/zurnalsiepirkumi.lv\/index.php?rest_route=\/wp\/v2\/posts"}],"about":[{"href":"https:\/\/zurnalsiepirkumi.lv\/index.php?rest_route=\/wp\/v2\/types\/post"}],"author":[{"embeddable":true,"href":"https:\/\/zurnalsiepirkumi.lv\/index.php?rest_route=\/wp\/v2\/users\/1938"}],"replies":[{"embeddable":true,"href":"https:\/\/zurnalsiepirkumi.lv\/index.php?rest_route=%2Fwp%2Fv2%2Fcomments&post=18408"}],"version-history":[{"count":2,"href":"https:\/\/zurnalsiepirkumi.lv\/index.php?rest_route=\/wp\/v2\/posts\/18408\/revisions"}],"predecessor-version":[{"id":18410,"href":"https:\/\/zurnalsiepirkumi.lv\/index.php?rest_route=\/wp\/v2\/posts\/18408\/revisions\/18410"}],"wp:featuredmedia":[{"embeddable":true,"href":"https:\/\/zurnalsiepirkumi.lv\/index.php?rest_route=\/wp\/v2\/media\/18407"}],"wp:attachment":[{"href":"https:\/\/zurnalsiepirkumi.lv\/index.php?rest_route=%2Fwp%2Fv2%2Fmedia&parent=18408"}],"wp:term":[{"taxonomy":"category","embeddable":true,"href":"https:\/\/zurnalsiepirkumi.lv\/index.php?rest_route=%2Fwp%2Fv2%2Fcategories&post=18408"},{"taxonomy":"post_tag","embeddable":true,"href":"https:\/\/zurnalsiepirkumi.lv\/index.php?rest_route=%2Fwp%2Fv2%2Ftags&post=18408"}],"curies":[{"name":"wp","href":"https:\/\/api.w.org\/{rel}","templated":true}]}}