{"id":18359,"date":"2022-07-26T06:04:00","date_gmt":"2022-07-26T04:04:00","guid":{"rendered":"https:\/\/zurnalsiepirkumi.lv\/?p=18359"},"modified":"2022-07-29T07:43:18","modified_gmt":"2022-07-29T05:43:18","slug":"svarigakie-lemumi-latvijas-energodrosibai","status":"publish","type":"post","link":"https:\/\/zurnalsiepirkumi.lv\/?p=18359","title":{"rendered":"Svar\u012bg\u0101kie l\u0113mumi Latvijas energodro\u0161\u012bbai"},"content":{"rendered":"\n<p>Ekonomikas ministrija<\/p>\n\n\n\n<p>Latvija ir sp\u0113rusi v\u0113sturisku soli, atsakoties no Krievijas dabasg\u0101zes pieg\u0101d\u0113m ar n\u0101kam\u0101 gada 1. janv\u0101ri, savuk\u0101rt Eiropas Komisija ir aicin\u0101jusi dal\u012bbvalstis izstr\u0101d\u0101t dabasg\u0101zes taup\u012bbas pas\u0101kumus.&nbsp;Ekonomikas ministrija turpina str\u0101d\u0101t vair\u0101kos priorit\u0101ros virzienos ener\u0123\u0113tikas sektor\u0101, lai nodro\u0161in\u0101tu gan atbalsta meh\u0101nismus gaid\u0101majai ziemas sezonai, gan ar\u012b risin\u0101jumus energoapg\u0101des dro\u0161\u012bbai un neatkar\u012bbai ilgtermi\u0146\u0101.<\/p>\n\n\n\n<p>\u201cVald\u012bba ir pie\u0146\u0113musi kardin\u0101lu un strat\u0113\u0123isku pas\u0101kumu kopumu turpm\u0101kai ener\u0123\u0113tikas jomas att\u012bst\u012bbai Latvij\u0101. M\u0113s str\u0101d\u0101jam pie energoresursu pieg\u0101\u017eu un pieg\u0101d\u0101t\u0101ju diversifik\u0101cijas, vienlaikus pied\u0101v\u0101jot k\u0101 \u012bstermi\u0146a, t\u0101 ar\u012b ilg\u0101kus atbalsta pas\u0101kumus iedz\u012bvot\u0101jiem, uz\u0146\u0113m\u0113jiem un pa\u0161vald\u012bb\u0101m. Esmu gandar\u012bta, ka svar\u012bg\u0101kos l\u0113mumus esam pie\u0146\u0113mu\u0161i savlaic\u012bgi, \u013caujot \u0101tr\u0101k \u012bstenot ne vien strat\u0113\u0123iski noz\u012bm\u012bgus pas\u0101kumus ener\u0123\u0113tisk\u0101s dro\u0161\u012bbas un neatkar\u012bbas v\u0101rd\u0101, bet ar\u012b pa\u0101trin\u0101t procesus atjaunojamo un alternat\u012bvo energoresursu ra\u017eo\u0161anai\u201d,&nbsp;nor\u0101da&nbsp;ekonomikas ministre Ilze Indriksone.<\/p>\n\n\n\n<p>K\u0101 zi\u0146ots iepriek\u0161, l\u012bdz ar Krievijas iebrukumu Ukrain\u0101 \u0161.g. 24. febru\u0101r\u012b, Ministru kabinets (MK) uzdeva AS \u201cLatvenergo\u201d ieg\u0101d\u0101ties 1,8-2,2 TWh sa\u0161\u0137idrin\u0101t\u0101s dabasg\u0101zes (SDG), lai nodro\u0161in\u0101tu t\u016bl\u012bt\u0113ju dabasg\u0101zes energoapg\u0101des dro\u0161umu. \u0145emot v\u0113r\u0101s kop\u0113jo situ\u0101ciju energoresursu tirg\u016b, MK uzdeva AS \u201cLatvenergo\u201d nodro\u0161in\u0101t ar\u012b 1,8-2.2 TWh valsts dabasg\u0101zes dro\u0161\u012bbas rezervju pieg\u0101di no Klaip\u0113das SDG termin\u0101la, kas sagaid\u0101m \u0161.g. 4.ceturksn\u012b. Savuk\u0101rt dabasg\u0101zes p\u0101rvades sist\u0113mas operators AS \u201cConexus Baltic Grid\u201d \u0161ogad uzs\u0101ka ies\u016bkn\u0113\u0161anas darbus In\u010dukalna pazemes g\u0101zes kr\u0101tuv\u0113 jau 26.febru\u0101r\u012b, lai gan parasti \u0161\u012b sezona tiek uzs\u0101kta tikai 1.maij\u0101.<\/p>\n\n\n\n<p>Vienlaikus \u0161.g. s\u0101kum\u0101 ekonomikas ministrs parakst\u012bja&nbsp;l\u012bgumus ar Igaunijas un Lietuvas Republikas vald\u012bb\u0101m par solidarit\u0101tes pas\u0101kumiem g\u0101zes pieg\u0101des dro\u0161\u012bbas aizsardz\u012bbai, kas apliecina valstu gatav\u012bbu operat\u012bvi sadarboties g\u0101zes pieg\u0101\u017eu jom\u0101 kr\u012bzes situ\u0101cij\u0101. Turkl\u0101t, EM operat\u012bvi uzs\u0101ka sarunas par alternat\u012bv\u0101m dabasg\u0101zes pieg\u0101d\u0113m, tai skait\u0101 ekonomikas ministrs \u0161.g. apr\u012b\u013ca s\u0101kum\u0101 dev\u0101s viz\u012bt\u0113 uz ASV, kur tik\u0101s ar SDG nozari p\u0101rst\u0101vo\u0161ajiem uz\u0146\u0113mumiem.<\/p>\n\n\n\n<p>Sperot n\u0101kamo soli valsts energoapg\u0101des dro\u0161\u012bbai, apr\u012b\u013ca s\u0101kum\u0101&nbsp;MK l\u0113ma par pas\u0101kumiem naftas produktu dro\u0161\u012bbas rezervju pieejam\u012bbas nodro\u0161in\u0101\u0161anai un naftas produktu apg\u0101des iesp\u0113jamo trauc\u0113jumu nov\u0113r\u0161anai Latvij\u0101.<\/p>\n\n\n\n<p>\u0145emot v\u0113r\u0101 straujo dabasg\u0101zes cenu pieejam\u012bbas dinamiku, ekonomikas ministre un EM speci\u0101listi akt\u012bvi uzrun\u0101ja pa\u0161vald\u012bbas un siltumapg\u0101des uz\u0146\u0113mumus, aicinot r\u012bkoties proakt\u012bvi un moderniz\u0113t siltumapg\u0101des sist\u0113mas, p\u0101rejot uz AER, k\u0101 ar\u012b savlaic\u012bgi ieg\u0101d\u0101ties n\u0101kamajai apkures sezonai nepiecie\u0161amo energoresursu apjomu, vienlaikus apsverot iesp\u0113jas ieviest ener\u0123ijas taup\u012bbas pas\u0101kumus. T\u0101pat EM apzin\u0101ja energoietilp\u012bgos uz\u0146\u0113mumus, lai noskaidrotu to g\u0101zes pat\u0113ri\u0146u un pieejam\u012bbu, k\u0101 ar\u012b alternat\u012bvu energoresursu izmanto\u0161anas iesp\u0113jas.<\/p>\n\n\n\n<p>2022. gada 19. apr\u012bl\u012b MK konceptu\u0101li atbalst\u012bja SDG termin\u0101la izveides projekta \u012bsteno\u0161anu Latvij\u0101 un dabasg\u0101zes pieg\u0101des no pl\u0101not\u0101 Paldiski SDG termin\u0101la Igaunij\u0101. K\u0101 noz\u012bm\u012bgs un savlaic\u012bgs jauns infrastrukt\u016bras objekts \u0161aj\u0101 laik\u0101 j\u0101min \u0161.g. 5. maij\u0101 atkl\u0101tais Polijas \u2013 Lietuvas g\u0101zes starpsavienojums, kas \u013caus da\u017e\u0101dot g\u0101zes pieg\u0101des visam Baltijas valstu re\u0123ionam no jebkuras valsts un ostas Eirop\u0101. Savuk\u0101rt \u0161.g. 14. j\u016blij\u0101 Saeima pie\u0146\u0113ma strat\u0113\u0123isku l\u0113mumu par atteik\u0161anos no Krievijas g\u0101zes ieg\u0101des ar 2023. gada janv\u0101ri, vienlaikus paredzot iesp\u0113ju, ka AS \u201cLatvenergo\u201d nepiecie\u0161am\u012bbas gad\u012bjum\u0101 p\u0101r\u0146ems saist\u012btos lietot\u0101jus \u2013 m\u0101jsaimniec\u012bbas.<\/p>\n\n\n\n<p>Ekonomikas ministre:&nbsp;\u201cLatvijas ce\u013c\u0101 uz ener\u0123\u0113tisko neatkar\u012bbu un ilgtsp\u0113ju ir svar\u012bgi iesp\u0113jami pla\u0161\u0101k ieviest atjaun\u012bgos un alternat\u012bvos energoresursus, vienlaikus samazinot dabasg\u0101zes pat\u0113ri\u0146u, k\u013c\u016bstot maksim\u0101li pa\u0161pietiekamiem. Vienlaikus aicinu komersantus b\u016bt godpr\u0101t\u012bgiem un neizmantot \u0161o mums visiem sare\u017e\u0123\u012bto laiku \u0101tras pe\u013c\u0146as g\u016b\u0161anai. Lai sniegtu atbalstu iedz\u012bvot\u0101jiem un uz\u0146\u0113m\u0113jiem, Ekonomikas ministrija jau \u0161obr\u012bd pied\u0101v\u0101 un turpin\u0101s pied\u0101v\u0101t da\u017e\u0101dus atbalsta instrumentus, tai skait\u0101 no Atvese\u013co\u0161anas un notur\u012bbas meh\u0101nisma un ES strukt\u016brfondu jaun\u0101 pl\u0101no\u0161anas perioda finans\u0113juma.\u201d<\/p>\n\n\n\n<p>Lai sniegtu atbalstu pa\u0161vald\u012bb\u0101m apkur\u0113 p\u0101riet no g\u0101zes uz AER kurin\u0101mo, \u0161.g. 8.mart\u0101 MK apstiprin\u0101ja atbalsta programmu un t\u0101s ietvaros jau ir sa\u0146emti 72 iesniegumi finans\u0113juma pie\u0161\u0137ir\u0161anai. Vienlaikus, uz\u0146\u0113m\u0113ju atbalstam, \u0161.g. 7.j\u016bnij\u0101 MK apstiprin\u0101ja Atvese\u013co\u0161anas fonda atbalsta programmu, kas pal\u012bdz\u0113s uzlabot uz\u0146\u0113mumu energoefektivit\u0101ti un ieviest AER.<\/p>\n\n\n\n<p>Savuk\u0101rt jau no 27.apr\u012b\u013ca iedz\u012bvot\u0101jiem ir pieejama ALTUM atbalsta programma priv\u0101tm\u0101ju energoefektivit\u0101tes uzlabo\u0161anai vai elektroener\u0123ijas ra\u017eo\u0161anai, uzst\u0101dot saules pane\u013cus vai nelielus v\u0113ja \u0123eneratorus. Turkl\u0101t, \u0161.g. 14.j\u016blij\u0101 MK apstiprin\u0101ja Atvese\u013co\u0161anas fonda atbalsta programmu, kas pal\u012bdz\u0113s uzlabot daudzdz\u012bvok\u013cu m\u0101ju energoefektivit\u0101ti un ieviest AER.<\/p>\n\n\n\n<p>EM turpina darbu, lai jau dr\u012bzum\u0101 pied\u0101v\u0101tu iedz\u012bvot\u0101jiem un uz\u0146\u0113m\u0113jiem atbalsta iesp\u0113jas energoefektivit\u0101tes pas\u0101kumu \u012bsteno\u0161anai.<\/p>\n\n\n\n<p>Lai nodro\u0161in\u0101tu atbalsta meh\u0101nismus gaid\u0101majai ziemas sezonai, MK apstiprin\u0101ja Labkl\u0101j\u012bbas ministrijas sadarb\u012bb\u0101 ar EM izstr\u0101d\u0101tos&nbsp; atbalsta pas\u0101kumus energoresursu cenu un visp\u0101r\u0113j\u0101s infl\u0101cijas pieauguma ietekmes mazin\u0101\u0161anai iedz\u012bvot\u0101jiem. Cita starp\u0101, tie paredz \u010detrus atbalsta meh\u0101nismus iedz\u012bvot\u0101jiem, kompens\u0113jot pusi no energoresursu sad\u0101rdzin\u0101juma \u2013 centraliz\u0113tai siltumapg\u0101dei, elektroener\u0123ijai (ja to izmanto apkur\u0113), dabasg\u0101zei un granul\u0101m.<\/p>\n\n\n\n<p>\u0160.g. 22. j\u016blij\u0101 dibin\u0101ts AS \u201cLatvenergo\u201d un AS \u201cLatvijas valsts me\u017ei\u201d kopuz\u0146\u0113mums, lai l\u012bdz 2030. gadam \u012bstenotu v\u0113ja parka projektu valsts me\u017eos. T\u0101pat turpin\u0101s darbs pie Latvijas un Igaunijas kop\u0113ja v\u0113ja parka izveides Baltijas j\u016br\u0101. Turpin\u0101s ar\u012b sagatavo\u0161anas darbi, lai tiktu \u012bstenots nacion\u0101lais SDG termin\u0101la projekts Latvij\u0101.<\/p>\n\n\n\n<p>Energoresursu alternat\u012bvo risin\u0101jumu att\u012bst\u012bbai, l\u012bdz 2023.&nbsp;gada beig\u0101m EM pl\u0101no izstr\u0101d\u0101t kodolener\u0123\u0113tikas programmu, izv\u0113rt\u0113jot visus aspektus un dro\u0161\u012bbas riskus.<\/p>\n\n\n\n<p>Turpinot darbu pie energoapg\u0101des dro\u0161uma ilgtermi\u0146\u0101, paredz\u0113ts \u012bstenot virkni pas\u0101kumu energoresursu pieg\u0101\u017eu un pieg\u0101d\u0101t\u0101ju diversifik\u0101cijai, k\u0101 ar\u012b vienlaic\u012bgi prevent\u012bvi tiek str\u0101d\u0101ts pie kr\u012bzes koordin\u0101cijas pl\u0101na \u0101rk\u0101rtas situ\u0101cij\u0101m un nepiecie\u0161amajiem tiesiskajiem un administrat\u012bvajiem regul\u0113jumiem valsts ener\u0123\u0113tikas uz\u0146\u0113mumu r\u012bc\u012bbai kr\u012bzes situ\u0101cij\u0101.<\/p>\n\n\n\n<p>\u201cEner\u0123\u0113tikas sektor\u0101 ir pie\u0146emti daudzi praktiski l\u0113mumi, lai nodro\u0161in\u0101tu energoapg\u0101des dro\u0161umu gan n\u0101kamaj\u0101 apkures sezon\u0101, gan turpm\u0101kajos gados. Vienlaikus energoapg\u0101des dro\u0161umu var veicin\u0101t ar\u012b katra m\u0101jsaimniec\u012bba un komersants, gan optimiz\u0113jot ener\u0123ijas pat\u0113ri\u0146u vai dom\u0101jot par alternat\u012bviem energoresursu ieguves veidiem, gan lielajiem dabasg\u0101zes pat\u0113r\u0113t\u0101jiem laikus par\u016bp\u0113joties par dabasg\u0101zes pieg\u0101des l\u012bgumiem ra\u017eo\u0161anas nep\u0101rtraukt\u012bbai,\u201d&nbsp;uzsver&nbsp;ekonomikas ministre.<\/p>\n\n\n\n<figure class=\"wp-block-image size-full\"><img loading=\"lazy\" decoding=\"async\" width=\"1000\" height=\"2229\" src=\"https:\/\/zurnalsiepirkumi.lv\/wp-content\/uploads\/2022\/07\/26.07.2022_Latv.energo.png\" alt=\"\" class=\"wp-image-18358\" srcset=\"https:\/\/zurnalsiepirkumi.lv\/wp-content\/uploads\/2022\/07\/26.07.2022_Latv.energo.png 1000w, https:\/\/zurnalsiepirkumi.lv\/wp-content\/uploads\/2022\/07\/26.07.2022_Latv.energo-226x504.png 226w, https:\/\/zurnalsiepirkumi.lv\/wp-content\/uploads\/2022\/07\/26.07.2022_Latv.energo-768x1712.png 768w, https:\/\/zurnalsiepirkumi.lv\/wp-content\/uploads\/2022\/07\/26.07.2022_Latv.energo-689x1536.png 689w, https:\/\/zurnalsiepirkumi.lv\/wp-content\/uploads\/2022\/07\/26.07.2022_Latv.energo-919x2048.png 919w\" sizes=\"(max-width: 1000px) 100vw, 1000px\" \/><\/figure>\n","protected":false},"excerpt":{"rendered":"<p>Latvija ir sp\u0113rusi v\u0113sturisku soli, atsakoties no Krievijas dabasg\u0101zes pieg\u0101d\u0113m ar n\u0101kam\u0101 gada 1. janv\u0101ri, savuk\u0101rt Eiropas Komisija ir aicin\u0101jusi dal\u012bbvalstis izstr\u0101d\u0101t dabasg\u0101zes taup\u012bbas pas\u0101kumus.<\/p>\n","protected":false},"author":1938,"featured_media":18357,"comment_status":"closed","ping_status":"open","sticky":false,"template":"","format":"standard","meta":{"footnotes":""},"categories":[22,418],"tags":[],"_links":{"self":[{"href":"https:\/\/zurnalsiepirkumi.lv\/index.php?rest_route=\/wp\/v2\/posts\/18359"}],"collection":[{"href":"https:\/\/zurnalsiepirkumi.lv\/index.php?rest_route=\/wp\/v2\/posts"}],"about":[{"href":"https:\/\/zurnalsiepirkumi.lv\/index.php?rest_route=\/wp\/v2\/types\/post"}],"author":[{"embeddable":true,"href":"https:\/\/zurnalsiepirkumi.lv\/index.php?rest_route=\/wp\/v2\/users\/1938"}],"replies":[{"embeddable":true,"href":"https:\/\/zurnalsiepirkumi.lv\/index.php?rest_route=%2Fwp%2Fv2%2Fcomments&post=18359"}],"version-history":[{"count":3,"href":"https:\/\/zurnalsiepirkumi.lv\/index.php?rest_route=\/wp\/v2\/posts\/18359\/revisions"}],"predecessor-version":[{"id":18395,"href":"https:\/\/zurnalsiepirkumi.lv\/index.php?rest_route=\/wp\/v2\/posts\/18359\/revisions\/18395"}],"wp:featuredmedia":[{"embeddable":true,"href":"https:\/\/zurnalsiepirkumi.lv\/index.php?rest_route=\/wp\/v2\/media\/18357"}],"wp:attachment":[{"href":"https:\/\/zurnalsiepirkumi.lv\/index.php?rest_route=%2Fwp%2Fv2%2Fmedia&parent=18359"}],"wp:term":[{"taxonomy":"category","embeddable":true,"href":"https:\/\/zurnalsiepirkumi.lv\/index.php?rest_route=%2Fwp%2Fv2%2Fcategories&post=18359"},{"taxonomy":"post_tag","embeddable":true,"href":"https:\/\/zurnalsiepirkumi.lv\/index.php?rest_route=%2Fwp%2Fv2%2Ftags&post=18359"}],"curies":[{"name":"wp","href":"https:\/\/api.w.org\/{rel}","templated":true}]}}