{"id":18321,"date":"2022-07-20T10:22:00","date_gmt":"2022-07-20T08:22:00","guid":{"rendered":"https:\/\/zurnalsiepirkumi.lv\/?p=18321"},"modified":"2022-07-21T10:23:45","modified_gmt":"2022-07-21T08:23:45","slug":"sabiedriska-transporta-organizesana-iespejama-ciesaka-sadarbiba-ar-pasvaldibam","status":"publish","type":"post","link":"https:\/\/zurnalsiepirkumi.lv\/?p=18321","title":{"rendered":"Sabiedrisk\u0101 transporta organiz\u0113\u0161an\u0101 iesp\u0113jama cie\u0161\u0101ka sadarb\u012bba ar pa\u0161vald\u012bb\u0101m"},"content":{"rendered":"\n<p>Satiksmes ministrija<\/p>\n\n\n\n<p>Lai sabiedrisk\u0101 transporta pakalpojumi, mar\u0161rutu un reisu pl\u0101nojums v\u0113l vair\u0101k atbilstu iedz\u012bvot\u0101ju interes\u0113m un pasa\u017eieru pl\u016bsmai, t\u0101 organiz\u0113\u0161an\u0101 iesp\u0113jams cie\u0161\u0101k sadarboties ar pa\u0161vald\u012bb\u0101m \u2013 t\u0101 otrdien, 19. j\u016blij\u0101, viz\u012btes laik\u0101 J\u0113kabpil\u012b un Prei\u013cos atzina satiksmes ministrs T\u0101li Linkaits.<\/p>\n\n\n\n<p>Ministrs viz\u012btes laik\u0101 tik\u0101s ar J\u0113kabpils un Prei\u013cu novada domes vad\u012bbu, k\u0101 ar\u012b Latgales pl\u0101no\u0161anas re\u0123iona pa\u0161vald\u012bbu vad\u012bt\u0101jiem, lai p\u0101rrun\u0101tu izmai\u0146as sabiedrisk\u0101 transporta organiz\u0113\u0161an\u0101 re\u0123ion\u0101 un pieredzi ar jauna p\u0101rvad\u0101t\u0101ja \u2013 SIA \u201cTukuma auto\u201d darba uzs\u0101k\u0161anu.<\/p>\n\n\n\n<p>\u0160aj\u0101 re\u0123ion\u0101 pakalpojumu sniedz\u0113ju mai\u0146a norit\u0113ja pl\u016bdeni un netika atcelts neviens reiss. Diskut\u0113jot par mar\u0161rutu t\u012bkla izmai\u0146\u0101m, ministrs atzina, ka tr\u012bs gadu laik\u0101 kop\u0161 l\u0113muma pie\u0146em\u0161anas par jaunu mar\u0161ruta t\u012bklu situ\u0101cija un pasa\u017eieru pl\u016bsma var b\u016bt izmain\u012bjusies. T\u0101d\u0101 gad\u012bjum\u0101 pa\u0161vald\u012bba ar priek\u0161likumiem var v\u0113rsties Autotransporta direkcij\u0101.<\/p>\n\n\n\n<p>T. Linkaits ar\u012b atzina, ka Autotransporta direkcijai nepiecie\u0161ams uzlabot komunik\u0101ciju gan ar pasa\u017eieriem, gan pa\u0161vald\u012bb\u0101m, lai ikvienam b\u016btu pieejama skaidra un saprotama inform\u0101cija par reisiem, to izpildes laikiem un izmai\u0146\u0101m.<\/p>\n\n\n\n<p>Ministrs viz\u012btes laik\u0101 apmekl\u0113ja ar\u012b J\u0113kabpils autoostu, kur tik\u0101s ar SIA \u201cTukuma auto\u201d vad\u012bbu un iepazin\u0101s ar uz\u0146\u0113muma jauno autoparku \u2013 pasa\u017eieru \u0113rt\u012bb\u0101m un m\u016bsdien\u012bga pakalpojuma nodro\u0161in\u0101\u0161anai SIA \u201cTukuma auto\u201d ieg\u0101d\u0101j\u0101s 64 da\u017e\u0101das ietilp\u012bbas IVECO markas autobusus, k\u0101 ar\u012b autobusu parku papildin\u0101ja ar 7 elektroautobusiem un 8 autobusiem, kas izmanto CNG, t\u0101d\u0113j\u0101di nodro\u0161inot ekolo\u0123iski t\u012bru transportu.<\/p>\n\n\n\n<p>Ar Latgales pl\u0101no\u0161anas re\u0123iona pa\u0161vald\u012bbu vad\u012bt\u0101jiem ministrs p\u0101rrun\u0101ja gan jaut\u0101jumu par viet\u0113jo ce\u013cu nodo\u0161anu pa\u0161vald\u012bb\u0101m, gan ar\u012b aktualit\u0101tes ce\u013cu b\u016bvdarbos. Latgales pl\u0101no\u0161anas re\u0123iona att\u012bst\u012bbas padomes vad\u012bt\u0101js, Balvu novada domes priek\u0161s\u0113d\u0113t\u0101js Sergejs Maksimovs izteica atzin\u012bbu, ka \u0161osezon darbi visos svar\u012bg\u0101kajos objektos turpin\u0101s un ce\u013ci Latgal\u0113 daudzviet tiek atjaunoti.<\/p>\n","protected":false},"excerpt":{"rendered":"<p>Lai sabiedrisk\u0101 transporta pakalpojumi, mar\u0161rutu un reisu pl\u0101nojums v\u0113l vair\u0101k atbilstu iedz\u012bvot\u0101ju interes\u0113m un pasa\u017eieru pl\u016bsmai, t\u0101 organiz\u0113\u0161an\u0101 iesp\u0113jams cie\u0161\u0101k sadarboties ar pa\u0161vald\u012bb\u0101m.<\/p>\n","protected":false},"author":1936,"featured_media":18323,"comment_status":"closed","ping_status":"closed","sticky":false,"template":"","format":"standard","meta":{"footnotes":""},"categories":[95,46],"tags":[],"_links":{"self":[{"href":"https:\/\/zurnalsiepirkumi.lv\/index.php?rest_route=\/wp\/v2\/posts\/18321"}],"collection":[{"href":"https:\/\/zurnalsiepirkumi.lv\/index.php?rest_route=\/wp\/v2\/posts"}],"about":[{"href":"https:\/\/zurnalsiepirkumi.lv\/index.php?rest_route=\/wp\/v2\/types\/post"}],"author":[{"embeddable":true,"href":"https:\/\/zurnalsiepirkumi.lv\/index.php?rest_route=\/wp\/v2\/users\/1936"}],"replies":[{"embeddable":true,"href":"https:\/\/zurnalsiepirkumi.lv\/index.php?rest_route=%2Fwp%2Fv2%2Fcomments&post=18321"}],"version-history":[{"count":2,"href":"https:\/\/zurnalsiepirkumi.lv\/index.php?rest_route=\/wp\/v2\/posts\/18321\/revisions"}],"predecessor-version":[{"id":18324,"href":"https:\/\/zurnalsiepirkumi.lv\/index.php?rest_route=\/wp\/v2\/posts\/18321\/revisions\/18324"}],"wp:featuredmedia":[{"embeddable":true,"href":"https:\/\/zurnalsiepirkumi.lv\/index.php?rest_route=\/wp\/v2\/media\/18323"}],"wp:attachment":[{"href":"https:\/\/zurnalsiepirkumi.lv\/index.php?rest_route=%2Fwp%2Fv2%2Fmedia&parent=18321"}],"wp:term":[{"taxonomy":"category","embeddable":true,"href":"https:\/\/zurnalsiepirkumi.lv\/index.php?rest_route=%2Fwp%2Fv2%2Fcategories&post=18321"},{"taxonomy":"post_tag","embeddable":true,"href":"https:\/\/zurnalsiepirkumi.lv\/index.php?rest_route=%2Fwp%2Fv2%2Ftags&post=18321"}],"curies":[{"name":"wp","href":"https:\/\/api.w.org\/{rel}","templated":true}]}}