{"id":18238,"date":"2022-07-13T08:26:44","date_gmt":"2022-07-13T06:26:44","guid":{"rendered":"https:\/\/zurnalsiepirkumi.lv\/?p=18238"},"modified":"2022-07-15T07:43:42","modified_gmt":"2022-07-15T05:43:42","slug":"forumi-uznemejiem-par-latvijas-ekonomikas-attistibas-tendencem-prognozem-un-uznemejdarbibas-atbalsta-iespejam","status":"publish","type":"post","link":"https:\/\/zurnalsiepirkumi.lv\/?p=18238","title":{"rendered":"Forumi uz\u0146\u0113m\u0113jiem par Latvijas ekonomikas att\u012bst\u012bbas tendenc\u0113m, prognoz\u0113m un uz\u0146\u0113m\u0113jdarb\u012bbas atbalsta iesp\u0113j\u0101m"},"content":{"rendered":"\n<p>Latvijas Invest\u012bciju un att\u012bst\u012bbas a\u0123ent\u016bra<\/p>\n\n\n\n<p>\u0160\u0101 gada 25.&nbsp;august\u0101 Dobel\u0113, 2.&nbsp;septembr\u012b Siguld\u0101 un 16.&nbsp;septembr\u012b Valmier\u0101 turpin\u0101sies Ekonomikas ministrijas sadarb\u012bb\u0101 ar Latvijas Invest\u012bciju un att\u012bst\u012bbas a\u0123ent\u016bru un Att\u012bst\u012bbas finan\u0161u instit\u016bcija Altum \u0161ogad organiz\u0113tie forumi \u201c#AtbalstsUz\u0146\u0113m\u0113jiem &#8211; impulss jaunam izr\u0101vienam\u201d.&nbsp;K\u0101 zin\u0101ms, maij\u0101 \u0161\u0101ds forums jau notika R\u0113zekn\u0113 un j\u016bnij\u0101 &#8211; Liep\u0101j\u0101. Forumu m\u0113r\u0137is ir veidot diskusiju par pl\u0101noto atbalstu uz\u0146\u0113m\u0113jdarb\u012bbas att\u012bst\u012bbai, eksporta un konkur\u0113tsp\u0113jas veicin\u0101\u0161anai.<\/p>\n\n\n\n<p>\u201cTie\u0161i m\u016bsu uz\u0146\u0113m\u0113ji veicin\u0101s Latvijas ekonomikas izaugsmi. T\u0101p\u0113c ir svar\u012bgi savlaic\u012bgi uzrun\u0101t uz\u0146\u0113m\u0113jus re\u0123ionos, aicinot pl\u0101not sava biznesa att\u012bst\u012bbu un izaugsmi. \u0160\u0101 gada pavasar\u012b diskusiju ar uz\u0146\u0113m\u0113jiem uzs\u0101k\u0101m Latgales un Kurzemes re\u0123ion\u0101, savuk\u0101rt vasaras izska\u0146\u0101 tiksimies ar uz\u0146\u0113m\u0113jiem Vidzem\u0113, Zemgal\u0113 un Pier\u012bg\u0101. Turpm\u0101ko septi\u0146u gadu laik\u0101 no Atvese\u013co\u0161an\u0101s fonda un ES Strukt\u016brfondu daudzgadu bud\u017eeta&nbsp;Latvij\u0101 b\u016bs pieejamas invest\u012bcijas 1,6 miljardu EUR apm\u0113r\u0101, lai celtu gan uz\u0146\u0113m\u0113ju konkur\u0113tsp\u0113ju un produktivit\u0101ti, gan mazin\u0101tu nevienl\u012bdz\u012bbu un veicin\u0101tu m\u0101jok\u013cu pieejam\u012bbu, k\u0101 ar\u012b paaugstin\u0101tu energoefektivit\u0101ti. Atbalsta programmu kl\u0101sts pla\u0161s un pieejams visa veida uz\u0146\u0113mumiem, un pirm\u0101s programmas b\u016bs pieejamas jau \u0161ogad,\u201d nor\u0101da&nbsp;ekonomikas ministre Ilze Indriksone.<\/p>\n\n\n\n<p>Forumu atkl\u0101\u0161an\u0101 norisin\u0101sies diskusija&nbsp;\u201cIesp\u0113jas p\u0101rmai\u0146\u0101m un att\u012bst\u012bbai\u201d, kur\u0101 piedal\u012bsies Ekonomikas ministrijas,&nbsp;ALTUM,&nbsp;Latvijas Invest\u012bciju un att\u012bst\u012bbas a\u0123ent\u016bras un attiec\u012bgo pils\u0113tu domju vad\u012bba, k\u0101 ar\u012b re\u0123iona uz\u0146\u0113m\u0113ji.<\/p>\n\n\n\n<p>Forumu laik\u0101 Ekonomikas ministrijas p\u0101rst\u0101vji&nbsp;inform\u0113s par Latvijas ekonomikas att\u012bst\u012bbas tendenc\u0113m, iesp\u0113j\u0101m un izaicin\u0101jumiem, kas var\u0113tu m\u016bs sagaid\u012bt jau tuv\u0101kaj\u0101 laik\u0101, k\u0101 ar\u012b par viedaj\u0101m invest\u012bcij\u0101m uz\u0146\u0113mumu konkur\u0113tsp\u0113jas palielin\u0101\u0161anai un ilgtsp\u0113j\u012bgai att\u012bst\u012bbai. Papildu st\u0101st\u012bsim par \u0161ogad uzs\u0101kto septi\u0146u gadu finan\u0161u pl\u0101no\u0161anas un atbalsta periodu, kur\u0101 b\u016bs pieejamas 1,6 miljardu EUR invest\u012bcijas cilv\u0113kresursu att\u012bst\u012bbai, inov\u0101cij\u0101m un eksporta veicin\u0101\u0161anai.<\/p>\n\n\n\n<p>Latvijas Invest\u012bciju un att\u012bst\u012bbas a\u0123ent\u016bras p\u0101rst\u0101vji&nbsp;uzrun\u0101s uz\u0146\u0113m\u0113jus par aktu\u0101lajiem&nbsp;atbalsta instrumentiem biznesa att\u012bst\u012bbai, tostarp par programmu \u201cStarptautisk\u0101s konkur\u0113tsp\u0113jas veicin\u0101\u0161ana\u201d, kas kalpo k\u0101 papla\u0161in\u0101ts atbalsts uz\u0146\u0113mumiem tirgus p\u0101rorient\u0113\u0161anai un starptautisk\u0101s konkur\u0113tsp\u0113jas stiprin\u0101\u0161anai.<\/p>\n\n\n\n<p>T\u0101pat foruma ietvaros&nbsp;ALTUM&nbsp;st\u0101st\u012bs par&nbsp; jau pieejamajiem un dr\u012bzum\u0101 pl\u0101notajiem&nbsp; finan\u0161u instrumentiem uz\u0146\u0113m\u0113jiem, k\u0101 ar\u012b par Tr\u012bs j\u016bru iniciat\u012bvas invest\u012bciju fondu, kas ir jauna iesp\u0113ja transporta, ener\u0123\u0113tikas un digitaliz\u0101cijas projektu finans\u0113\u0161anai.<\/p>\n\n\n\n<p>Forumu laik\u0101 ar saviem&nbsp;iedvesmas st\u0101stiem kl\u0101teso\u0161os uzrun\u0101s ar\u012b re\u0123iona uz\u0146\u0113m\u0113ji, kuri dal\u012bsies ar savu pieredzi un atkl\u0101s vi\u0146u pan\u0101kumu atsl\u0113gas veiksm\u012bga biznesa att\u012bst\u012b\u0161an\u0101, pilnveid\u0113, konkur\u0113tsp\u0113jas un eksporta veicin\u0101\u0161an\u0101.&nbsp;Savuk\u0101rt&nbsp;IT klastera p\u0101rst\u0101vji&nbsp;st\u0101st\u012bs par digitaliz\u0101cijas un inov\u0101ciju ievie\u0161anas pozit\u012bvo ietekmi uz resursu p\u0101rvald\u012b\u0161anu un produktivit\u0101tes faktoru stiprin\u0101\u0161anu. Forumos aicin\u0101ti piedal\u012bties ar\u012b attiec\u012bgo<strong>&nbsp;<\/strong>pl\u0101no\u0161anas re\u0123ionu<strong>&nbsp;<\/strong>p\u0101rst\u0101vji un inform\u0113t par to pied\u0101v\u0101jumu sava re\u0123iona uz\u0146\u0113m\u0113jiem.<\/p>\n\n\n\n<p>Vienlaikus foruma laik\u0101 komersantiem b\u016bs iesp\u0113ja kl\u0101tien\u0113 konsult\u0113ties&nbsp;ar ALTUM, Latvijas Invest\u012bciju un att\u012bst\u012bbas a\u0123ent\u016bras, Valsts darba inspekcijas, Valsts ie\u0146\u0113muma dienesta, Lauku atbalsta dienesta, Nodarbin\u0101t\u012bbas valsts a\u0123ent\u016bras, Vides aizsardz\u012bbas un re\u0123ion\u0101l\u0101s att\u012bst\u012bbas ministrijas un Latvijas Valsts radio un telev\u012bzijas centra ekspertiem, k\u0101 ar\u012b par SOLVIT centra Latvij\u0101 iesp\u0113j\u0101m.<\/p>\n","protected":false},"excerpt":{"rendered":"<p>\u0160\u0101 gada 25.\u00a0august\u0101 Dobel\u0113, 2.\u00a0septembr\u012b Siguld\u0101 un 16.\u00a0septembr\u012b Valmier\u0101 turpin\u0101sies Ekonomikas ministrijas sadarb\u012bb\u0101 ar Latvijas Invest\u012bciju un att\u012bst\u012bbas a\u0123ent\u016bru un Att\u012bst\u012bbas finan\u0161u instit\u016bcija Altum \u0161ogad organiz\u0113tie forumi \u201c#AtbalstsUz\u0146\u0113m\u0113jiem &#8211; impulss jaunam izr\u0101vienam\u201d.<\/p>\n","protected":false},"author":1936,"featured_media":18240,"comment_status":"closed","ping_status":"closed","sticky":false,"template":"","format":"standard","meta":{"footnotes":""},"categories":[407,47],"tags":[],"_links":{"self":[{"href":"https:\/\/zurnalsiepirkumi.lv\/index.php?rest_route=\/wp\/v2\/posts\/18238"}],"collection":[{"href":"https:\/\/zurnalsiepirkumi.lv\/index.php?rest_route=\/wp\/v2\/posts"}],"about":[{"href":"https:\/\/zurnalsiepirkumi.lv\/index.php?rest_route=\/wp\/v2\/types\/post"}],"author":[{"embeddable":true,"href":"https:\/\/zurnalsiepirkumi.lv\/index.php?rest_route=\/wp\/v2\/users\/1936"}],"replies":[{"embeddable":true,"href":"https:\/\/zurnalsiepirkumi.lv\/index.php?rest_route=%2Fwp%2Fv2%2Fcomments&post=18238"}],"version-history":[{"count":3,"href":"https:\/\/zurnalsiepirkumi.lv\/index.php?rest_route=\/wp\/v2\/posts\/18238\/revisions"}],"predecessor-version":[{"id":18284,"href":"https:\/\/zurnalsiepirkumi.lv\/index.php?rest_route=\/wp\/v2\/posts\/18238\/revisions\/18284"}],"wp:featuredmedia":[{"embeddable":true,"href":"https:\/\/zurnalsiepirkumi.lv\/index.php?rest_route=\/wp\/v2\/media\/18240"}],"wp:attachment":[{"href":"https:\/\/zurnalsiepirkumi.lv\/index.php?rest_route=%2Fwp%2Fv2%2Fmedia&parent=18238"}],"wp:term":[{"taxonomy":"category","embeddable":true,"href":"https:\/\/zurnalsiepirkumi.lv\/index.php?rest_route=%2Fwp%2Fv2%2Fcategories&post=18238"},{"taxonomy":"post_tag","embeddable":true,"href":"https:\/\/zurnalsiepirkumi.lv\/index.php?rest_route=%2Fwp%2Fv2%2Ftags&post=18238"}],"curies":[{"name":"wp","href":"https:\/\/api.w.org\/{rel}","templated":true}]}}