{"id":18218,"date":"2022-07-07T06:54:00","date_gmt":"2022-07-07T04:54:00","guid":{"rendered":"https:\/\/zurnalsiepirkumi.lv\/?p=18218"},"modified":"2022-07-08T06:56:50","modified_gmt":"2022-07-08T04:56:50","slug":"latvijai-ir-visas-iespejas-nostiprinat-savu-poziciju-ka-nozimigam-ziemeleiropas-aviacijas-centram","status":"publish","type":"post","link":"https:\/\/zurnalsiepirkumi.lv\/?p=18218","title":{"rendered":"Latvijai ir visas iesp\u0113jas nostiprin\u0101t savu poz\u012bciju k\u0101 noz\u012bm\u012bgam Zieme\u013ceiropas avi\u0101cijas centram"},"content":{"rendered":"\n<p>Satiksmes ministrija<\/p>\n\n\n\n<p>\u012astenojot iecer\u0113tos att\u012bst\u012bbas pl\u0101nus lidostas \u201cR\u012bga\u201d teritorij\u0101 Latvijai un R\u012bgai ir visas iesp\u0113jas nostiprin\u0101t savu poz\u012bciju k\u0101 noz\u012bm\u012bgam Zieme\u013ceiropas avi\u0101cijas centram \u2013 t\u0101 ceturtdien, 7. j\u016blij\u0101, atkl\u0101jot \u201cR\u012bgas Avi\u0101cijas forumu 2022\u201d, pauda satiksmes ministrs T\u0101lis Linkaits.<\/p>\n\n\n\n<p>Lidost\u0101 \u201cR\u012bga\u201d n\u0101kamajos gados gaid\u0101mi v\u0113rien\u012bgi att\u012bst\u012bbas projekti, bet Rail Baltica ietvaros s\u0101kusies b\u016bvniec\u012bba dzelzce\u013ca stacijai pie lidostas, papla\u0161in\u0101ts lidostas termin\u0101lis, lidostas pils\u0113tas koncepcijas termin\u0101lis un citi projekti, kas veidos modernu, dinamisku un daudzveid\u012bgu transporta un pakalpojumu ekosist\u0113mu.<\/p>\n\n\n\n<p>\u201cTurpinot att\u012bst\u012bbu \u0161aj\u0101 jom\u0101, Latvijai ir augsts potenci\u0101ls nostiprin\u0101t savu k\u0101 noz\u012bm\u012bga Zieme\u013ceiropas avi\u0101cijas centra lomu, t\u0101d\u0113j\u0101di veicinot Latvijas savienojam\u012bbu un konkur\u0113tsp\u0113ju re\u0123ion\u0101,\u201d sac\u012bja ministrs. \u201cT\u0101pat ceru, ka lidosta \u201cR\u012bga\u201d piesaist\u012bs vair\u0101k priv\u0101to invest\u012bciju, jo att\u012bst\u012bba ir nep\u0101rtraukts un nebeidzams process,\u201d forum\u0101 uzsv\u0113ra T\u0101lis Linkaits.<\/p>\n\n\n\n<p>Ministrs pauda pateic\u012bbu visiem avi\u0101cijas nozares darbiniekiem par uztic\u012bbu \u0161ai jomai un ieguld\u012bjumu, lai ar\u012b p\u0113d\u0113jo gadu sare\u017e\u0123\u012bt\u0101s situ\u0101cijas laik\u0101 tiktu saglab\u0101ti visaugst\u0101kie pasa\u017eieru apkalpo\u0161anas standarti.<\/p>\n\n\n\n<p>T\u0101lis Linkaits atzina, ka gaisa satiksmi svar\u012bgi att\u012bst\u012bt, dom\u0101jot par \u0113rtiem savienojumiem ar citiem transporta veidiem \u2013 vilcienu, autobusu satiksmi un citiem p\u0101rvieto\u0161an\u0101s veidiem. Labs piem\u0113rs multimod\u0101las satiksmes att\u012bst\u012bbai ir fakts, ka starptautiskai aviokomp\u0101niju aliansei \u201cStar Alliance\u201d tikko pievienojusies dzelzce\u013ca komp\u0101nija \u201cDeutsche Bahn\u201d, kas ir pirmais dal\u012bbnieks \u0101rpus avi\u0101cijas saimes. L\u012bdz ar to aktu\u0101ls ir ar\u012b multimodalit\u0101tes aspekts, kas \u013caus saist\u012bt gaisa satiksmi ar vilcienu, autobusu, pr\u0101mi un citiem ce\u013co\u0161anas veidiem n\u0101kotn\u0113.<\/p>\n\n\n\n<p>R\u012bgas avi\u0101cijas foruma laik\u0101 ministrs tik\u0101s ar\u012b ar komp\u0101nijas \u201cTAV Airports Holding\u201d vad\u012bbu,&nbsp;p\u0101rrun\u0101jot sadarb\u012bbas att\u012bst\u012b\u0161anu R\u012bgas lidostas izaugsm\u0113. T. Linkaits pozit\u012bvi nov\u0113rt\u0113ja l\u012bdz\u0161in\u0113jo veiksm\u012bgo sadarb\u012bbu ar \u0161o&nbsp;lidostu darb\u012bbas un pakalpojumu uz\u0146\u0113mumu.<\/p>\n","protected":false},"excerpt":{"rendered":"<p>\u012astenojot iecer\u0113tos att\u012bst\u012bbas pl\u0101nus lidostas \u201cR\u012bga\u201d teritorij\u0101 Latvijai un R\u012bgai ir visas iesp\u0113jas nostiprin\u0101t savu poz\u012bciju k\u0101 noz\u012bm\u012bgam Zieme\u013ceiropas avi\u0101cijas centram.<\/p>\n","protected":false},"author":1938,"featured_media":18215,"comment_status":"closed","ping_status":"open","sticky":false,"template":"","format":"standard","meta":{"footnotes":""},"categories":[46],"tags":[],"_links":{"self":[{"href":"https:\/\/zurnalsiepirkumi.lv\/index.php?rest_route=\/wp\/v2\/posts\/18218"}],"collection":[{"href":"https:\/\/zurnalsiepirkumi.lv\/index.php?rest_route=\/wp\/v2\/posts"}],"about":[{"href":"https:\/\/zurnalsiepirkumi.lv\/index.php?rest_route=\/wp\/v2\/types\/post"}],"author":[{"embeddable":true,"href":"https:\/\/zurnalsiepirkumi.lv\/index.php?rest_route=\/wp\/v2\/users\/1938"}],"replies":[{"embeddable":true,"href":"https:\/\/zurnalsiepirkumi.lv\/index.php?rest_route=%2Fwp%2Fv2%2Fcomments&post=18218"}],"version-history":[{"count":1,"href":"https:\/\/zurnalsiepirkumi.lv\/index.php?rest_route=\/wp\/v2\/posts\/18218\/revisions"}],"predecessor-version":[{"id":18219,"href":"https:\/\/zurnalsiepirkumi.lv\/index.php?rest_route=\/wp\/v2\/posts\/18218\/revisions\/18219"}],"wp:featuredmedia":[{"embeddable":true,"href":"https:\/\/zurnalsiepirkumi.lv\/index.php?rest_route=\/wp\/v2\/media\/18215"}],"wp:attachment":[{"href":"https:\/\/zurnalsiepirkumi.lv\/index.php?rest_route=%2Fwp%2Fv2%2Fmedia&parent=18218"}],"wp:term":[{"taxonomy":"category","embeddable":true,"href":"https:\/\/zurnalsiepirkumi.lv\/index.php?rest_route=%2Fwp%2Fv2%2Fcategories&post=18218"},{"taxonomy":"post_tag","embeddable":true,"href":"https:\/\/zurnalsiepirkumi.lv\/index.php?rest_route=%2Fwp%2Fv2%2Ftags&post=18218"}],"curies":[{"name":"wp","href":"https:\/\/api.w.org\/{rel}","templated":true}]}}