{"id":18169,"date":"2022-06-30T07:08:00","date_gmt":"2022-06-30T05:08:00","guid":{"rendered":"https:\/\/zurnalsiepirkumi.lv\/?p=18169"},"modified":"2022-07-01T07:17:33","modified_gmt":"2022-07-01T05:17:33","slug":"kudras-nozares-ilgtspejiga-attistiba-ir-atkariga-no-visu-iesaistito-pusu-sekmigas-sadarbibas","status":"publish","type":"post","link":"https:\/\/zurnalsiepirkumi.lv\/?p=18169","title":{"rendered":"K\u016bdras nozares ilgtsp\u0113j\u012bga att\u012bst\u012bba ir atkar\u012bga no visu iesaist\u012bto pu\u0161u sekm\u012bgas sadarb\u012bbas"},"content":{"rendered":"\n<p>Vides aizsardz\u012bbas un re\u0123ion\u0101l\u0101s att\u012bst\u012bbas ministrija<\/p>\n\n\n\n<p>2022. gada 30. j\u016bnijs, R\u012bga &#8211; Vides aizsardz\u012bbas un re\u0123ion\u0101l\u0101s att\u012bst\u012bbas ministrs Art\u016brs Toms Ple\u0161s, atk\u0101rtoti tiekoties ar Latvijas K\u016bdras asoci\u0101cijas vad\u012bbu, p\u0101rrun\u0101ja jaut\u0101jumus, kas saist\u012bti ar k\u016bdras nozares ilgtsp\u0113j\u012bgas att\u012bst\u012bbas veicin\u0101\u0161anu. Vides aizsardz\u012bbas un re\u0123ion\u0101l\u0101s att\u012bst\u012bbas ministrija (VARAM) un Asoci\u0101cija ir vienispr\u0101tis par nepiecie\u0161am\u012bbu \u012bstenot t\u0101lredz\u012bgu nozares politiku un apstiprin\u0101t Taisn\u012bgas p\u0101rejas fonda (TPF) pl\u0101nu.<\/p>\n\n\n\n<p>Ministrs Ple\u0161s: &#8220;Sarun\u0101s ar Eiropas Komisiju esam sekm\u012bgi aizst\u0101v\u0113ju\u0161i Latvijas k\u016bdras nozares intereses un pan\u0101ku\u0161i, ka k\u016bdras ieguves apjomi netiks samazin\u0101ti. Tas izdevies ar\u012b pateicoties veiksm\u012bgai ministrijas ekspertu un Latvijas K\u016bdras asoci\u0101cijas p\u0101rst\u0101vju sadarb\u012bbai. Vienlaikus j\u0101atz\u012bm\u0113, ka pl\u0101ns paredz pas\u0101kumus b\u016btiskai SEG emisiju samazin\u0101\u0161anai k\u016bdras nozar\u0113, taj\u0101 skait\u0101 ap\u0146em\u0161anos no 2030. gada atteikties no k\u016bdras izmanto\u0161ana ener\u0123\u0113tik\u0101. Darbs turpin\u0101s, t\u0101d\u0113\u013c b\u016btiski, ka iesaist\u012bt\u0101s puses sadarbojas.&#8221;<\/p>\n\n\n\n<p>TPF pal\u012bdz\u0113s sniegt re\u0123ionos iesp\u0113ju risin\u0101t jaut\u0101jumus saist\u012bb\u0101 ar soci\u0101laj\u0101m, nodarbin\u0101t\u012bbas, ekonomiskaj\u0101m un vides sek\u0101m, ko rada p\u0101rk\u0101rto\u0161an\u0101s uz 2030. gadam izvirz\u012btajiem Eiropas Savien\u012bbas (ES) ener\u0123\u0113tikas un klimata m\u0113r\u0137r\u0101d\u012bt\u0101jiem un uz klimatneitr\u0101lu Savien\u012bbas ekonomiku l\u012bdz 2050. gadam.<\/p>\n\n\n\n<p>Atteik\u0161an\u0101s no k\u016bdras izmanto\u0161anas ener\u0123\u0113tik\u0101 l\u012bdz 2030. gada 31. decembrim ir priek\u0161nosac\u012bjums, lai Latvija sa\u0146emtu 184,2 milj. eiro TPF finans\u0113jumu paredz\u0113tajiem invest\u012bciju pas\u0101kumiem. \u0160obr\u012bd k\u016bdra tiek izmantota ener\u0123\u0113tik\u0101 niec\u012bgos apjomus, savuk\u0101rt t\u0101s pla\u0161\u0101ka izmanto\u0161ana b\u016btiski palielin\u0101tu SEG emisijas, jo k\u016bdrai k\u0101 kurin\u0101majam ir liela emisiju intensit\u0101te. T\u0101d\u0113j\u0101di tiktu kav\u0113ta gan klimata m\u0113r\u0137u sasnieg\u0161ana, gan potenci\u0101li rad\u012bts papildu slogs uz cit\u0101m nozar\u0113m, kur SEG emisiju samazin\u0101\u0161ana jau \u0161obr\u012bd ir izaicin\u0101jums.<\/p>\n\n\n\n<p>Taisn\u012bgas p\u0101rk\u0101rto\u0161an\u0101s teritori\u0101lais pl\u0101ns izstr\u0101d\u0101ts atbilsto\u0161i nacion\u0101lajiem pl\u0101no\u0161anas dokumentiem, Ministru kabineta mand\u0101tam un ir saska\u0146ots ar Latvijas k\u016bdras asoci\u0101ciju, kas apvieno 20 uz\u0146\u0113mumus un ar tiem saist\u012btos uz\u0146\u0113mumus, kuri veic k\u016bdras ieguvi vair\u0101k nek\u0101 70% no k\u016bdras ieguves plat\u012bb\u0101m Latvij\u0101.<\/p>\n","protected":false},"excerpt":{"rendered":"<p>Vides aizsardz\u012bbas un re\u0123ion\u0101l\u0101s att\u012bst\u012bbas ministrs Art\u016brs Toms Ple\u0161s, atk\u0101rtoti tiekoties ar Latvijas K\u016bdras asoci\u0101cijas vad\u012bbu, p\u0101rrun\u0101ja jaut\u0101jumus, kas saist\u012bti ar k\u016bdras nozares ilgtsp\u0113j\u012bgas att\u012bst\u012bbas veicin\u0101\u0161anu. <\/p>\n","protected":false},"author":1938,"featured_media":18167,"comment_status":"closed","ping_status":"open","sticky":false,"template":"","format":"standard","meta":{"footnotes":""},"categories":[18,418,47],"tags":[],"_links":{"self":[{"href":"https:\/\/zurnalsiepirkumi.lv\/index.php?rest_route=\/wp\/v2\/posts\/18169"}],"collection":[{"href":"https:\/\/zurnalsiepirkumi.lv\/index.php?rest_route=\/wp\/v2\/posts"}],"about":[{"href":"https:\/\/zurnalsiepirkumi.lv\/index.php?rest_route=\/wp\/v2\/types\/post"}],"author":[{"embeddable":true,"href":"https:\/\/zurnalsiepirkumi.lv\/index.php?rest_route=\/wp\/v2\/users\/1938"}],"replies":[{"embeddable":true,"href":"https:\/\/zurnalsiepirkumi.lv\/index.php?rest_route=%2Fwp%2Fv2%2Fcomments&post=18169"}],"version-history":[{"count":1,"href":"https:\/\/zurnalsiepirkumi.lv\/index.php?rest_route=\/wp\/v2\/posts\/18169\/revisions"}],"predecessor-version":[{"id":18170,"href":"https:\/\/zurnalsiepirkumi.lv\/index.php?rest_route=\/wp\/v2\/posts\/18169\/revisions\/18170"}],"wp:featuredmedia":[{"embeddable":true,"href":"https:\/\/zurnalsiepirkumi.lv\/index.php?rest_route=\/wp\/v2\/media\/18167"}],"wp:attachment":[{"href":"https:\/\/zurnalsiepirkumi.lv\/index.php?rest_route=%2Fwp%2Fv2%2Fmedia&parent=18169"}],"wp:term":[{"taxonomy":"category","embeddable":true,"href":"https:\/\/zurnalsiepirkumi.lv\/index.php?rest_route=%2Fwp%2Fv2%2Fcategories&post=18169"},{"taxonomy":"post_tag","embeddable":true,"href":"https:\/\/zurnalsiepirkumi.lv\/index.php?rest_route=%2Fwp%2Fv2%2Ftags&post=18169"}],"curies":[{"name":"wp","href":"https:\/\/api.w.org\/{rel}","templated":true}]}}