{"id":17968,"date":"2022-06-03T12:52:57","date_gmt":"2022-06-03T10:52:57","guid":{"rendered":"https:\/\/zurnalsiepirkumi.lv\/?p=17968"},"modified":"2022-06-03T12:52:58","modified_gmt":"2022-06-03T10:52:58","slug":"digitalas-un-zalas-transformacijas-jomas-javeido-savstarpeji-saskanota-politika","status":"publish","type":"post","link":"https:\/\/zurnalsiepirkumi.lv\/?p=17968","title":{"rendered":"Digit\u0101l\u0101s un za\u013c\u0101s transform\u0101cijas jom\u0101s j\u0101veido savstarp\u0113ji saska\u0146ota politika"},"content":{"rendered":"\n<p>Luksemburg\u0101, 2022. gada 3. j\u016bnij\u0101 Eiropas Savien\u012bbas (ES) Telekomunik\u0101ciju ministru padomes san\u0101ksm\u0113 Vides aizsardz\u012bbas un re\u0123ion\u0101l\u0101s att\u012bst\u012bbas ministrijas valsts sekret\u0101rs Edv\u012bns Bal\u0161evics piedal\u0101s politikas diskusij\u0101 par digit\u0101lo un za\u013co p\u0101rk\u0101rto\u0161anos.\u00a0<\/p>\n\n\n\n<p>San\u0101ksmes laik\u0101 diskusij\u0101 par\u202fza\u013co un digit\u0101lo\u202fp\u0101reju dal\u012bbnieki&nbsp;apspried\u012bs, k\u0101 Eiropas l\u012bmen\u012b ieviest metodes, lai nov\u0113rt\u0113tu digitaliz\u0101cijas rad\u012bto ekolo\u0123isko p\u0113du, un k\u0101das sviras b\u016btu priorit\u0101ri j\u0101iedarbina Eiropas l\u012bmen\u012b, lai risin\u0101tu b\u016btisk\u0101kos ar ietekmi uz vidi saist\u012bto izmaksu jaut\u0101jumus digit\u0101laj\u0101 jom\u0101.&nbsp;<\/p>\n\n\n\n<p>Lai gan \u0161obr\u012bd past\u0101v instrumenti, kas \u013cauj apr\u0113\u0137in\u0101t inform\u0101cijas un komunik\u0101cijas tehnolo\u0123iju tie\u0161o ietekmi, digitaliz\u0101cijas ieguvumu m\u0113r\u012b\u0161ana joproj\u0101m nav pietiekami att\u012bst\u012bta. Nov\u0113rt\u0113\u0161anas metodes un standartiz\u0113tas pamatnost\u0101dnes digitaliz\u0101cijai \u013cautu nodro\u0161in\u0101t ilgtsp\u0113j\u012bgu finans\u0113jumu, lai atbalst\u012btu iniciat\u012bvas un pal\u012bdz\u0113tu sasniegt digit\u0101l\u0101s desmitgades m\u0113r\u0137us. Pagaid\u0101m ir gr\u016bti ieg\u016bt skaidru priek\u0161statu par pas\u0101kumu ietekmi, ko dal\u012bbnieki \u012bsteno vis\u0101 v\u0113rt\u012bbu \u0137\u0113d\u0113, lai virz\u012btu pat\u0113r\u0113t\u0101ju izv\u0113l\u0113ties produktus un pakalpojumus ar maz\u0101ku ietekmi uz vidi.&nbsp;<\/p>\n\n\n\n<p>\u0145emot v\u0113r\u0101 ES un Latvijas normat\u012bvajos aktos noteikt\u0101s pras\u012bbas elektrisko un elektronisko iek\u0101rtu atkritumu sav\u0101k\u0161anai, Latvija \u012bpa\u0161i aicin\u0101s att\u012bst\u012bt \u0161\u0101du atkritumu p\u0101rstr\u0101di ES ietvaros, \u0146emot v\u0113r\u0101 \u0161\u012b jaut\u0101juma sasaisti ar t\u0101diem aktu\u0101liem aspektiem k\u0101 kritiski svar\u012bg\u0101s izejvielas, korporat\u012bv\u0101 ilgtsp\u0113ja un atbild\u012bgas izejvielu ieguves nosac\u012bjumi. Latvijai ir svar\u012bgi, ka \u012bpa\u0161a uzman\u012bba tiek velt\u012bta savstarp\u0113ji saska\u0146otas politikas veido\u0161anai vides, klimata un digit\u0101l\u0101s transform\u0101cijas jom\u0101s, lai sasniegtu ES m\u0113rog\u0101 nospraustos za\u013cos un digit\u0101los m\u0113r\u0137us.&nbsp;<\/p>\n\n\n\n<p>San\u0101ksmes dal\u012bbnieki ar\u012b uzklaus\u012bs Francijas prezident\u016bras inform\u0101ciju par paveikto darb\u0101 ar Datu aktu, kas paredz saska\u0146ot noteikumus par taisn\u012bgu piek\u013cuvi datiem un to lieto\u0161anu, M\u0101ksl\u012bg\u0101 intelekta aktu, ar ko nosaka saska\u0146otus noteikumus par m\u0101ksl\u012bgo intelektu, lai nodro\u0161in\u0101tu, ka ES tirg\u016b laist\u0101s un izmantot\u0101s m\u0101ksl\u012bg\u0101 intelekta sist\u0113mas ir dro\u0161as un ir iev\u0113roti sp\u0113k\u0101 eso\u0161ie ties\u012bbu akti par pamatties\u012bb\u0101m un ES v\u0113rt\u012bb\u0101m. Tiks zi\u0146ots ar\u012b par progresu darb\u0101 ar priek\u0161likumu par elektronisko identifik\u0101ciju un uzticam\u012bbas pakalpojumiem elektronisko dar\u012bjumu veik\u0161anai iek\u0161\u0113j\u0101 tirg\u016b.<\/p>\n","protected":false},"excerpt":{"rendered":"<p>Luksemburg\u0101, 2022. gada 3. j\u016bnij\u0101 Eiropas Savien\u012bbas (ES) Telekomunik\u0101ciju ministru padomes san\u0101ksm\u0113 Vides aizsardz\u012bbas un re\u0123ion\u0101l\u0101s att\u012bst\u012bbas ministrijas valsts sekret\u0101rs Edv\u012bns Bal\u0161evics piedal\u0101s politikas diskusij\u0101 par digit\u0101lo un za\u013co p\u0101rk\u0101rto\u0161anos.\u00a0<\/p>\n","protected":false},"author":1938,"featured_media":17967,"comment_status":"closed","ping_status":"open","sticky":false,"template":"","format":"standard","meta":{"footnotes":""},"categories":[26],"tags":[],"_links":{"self":[{"href":"https:\/\/zurnalsiepirkumi.lv\/index.php?rest_route=\/wp\/v2\/posts\/17968"}],"collection":[{"href":"https:\/\/zurnalsiepirkumi.lv\/index.php?rest_route=\/wp\/v2\/posts"}],"about":[{"href":"https:\/\/zurnalsiepirkumi.lv\/index.php?rest_route=\/wp\/v2\/types\/post"}],"author":[{"embeddable":true,"href":"https:\/\/zurnalsiepirkumi.lv\/index.php?rest_route=\/wp\/v2\/users\/1938"}],"replies":[{"embeddable":true,"href":"https:\/\/zurnalsiepirkumi.lv\/index.php?rest_route=%2Fwp%2Fv2%2Fcomments&post=17968"}],"version-history":[{"count":1,"href":"https:\/\/zurnalsiepirkumi.lv\/index.php?rest_route=\/wp\/v2\/posts\/17968\/revisions"}],"predecessor-version":[{"id":17969,"href":"https:\/\/zurnalsiepirkumi.lv\/index.php?rest_route=\/wp\/v2\/posts\/17968\/revisions\/17969"}],"wp:featuredmedia":[{"embeddable":true,"href":"https:\/\/zurnalsiepirkumi.lv\/index.php?rest_route=\/wp\/v2\/media\/17967"}],"wp:attachment":[{"href":"https:\/\/zurnalsiepirkumi.lv\/index.php?rest_route=%2Fwp%2Fv2%2Fmedia&parent=17968"}],"wp:term":[{"taxonomy":"category","embeddable":true,"href":"https:\/\/zurnalsiepirkumi.lv\/index.php?rest_route=%2Fwp%2Fv2%2Fcategories&post=17968"},{"taxonomy":"post_tag","embeddable":true,"href":"https:\/\/zurnalsiepirkumi.lv\/index.php?rest_route=%2Fwp%2Fv2%2Ftags&post=17968"}],"curies":[{"name":"wp","href":"https:\/\/api.w.org\/{rel}","templated":true}]}}