{"id":17961,"date":"2022-06-03T12:37:37","date_gmt":"2022-06-03T10:37:37","guid":{"rendered":"https:\/\/zurnalsiepirkumi.lv\/?p=17961"},"modified":"2022-06-03T12:37:38","modified_gmt":"2022-06-03T10:37:38","slug":"administrativi-teritoriala-reforma-sekme-uznemejdarbibas-attistibu-regionos-uzlabojas-specialistu-nodrosinajums","status":"publish","type":"post","link":"https:\/\/zurnalsiepirkumi.lv\/?p=17961","title":{"rendered":"Administrat\u012bvi teritori\u0101l\u0101 reforma sekm\u0113 uz\u0146\u0113m\u0113jdarb\u012bbas att\u012bst\u012bbu re\u0123ionos; uzlabojas speci\u0101listu nodro\u0161in\u0101jums"},"content":{"rendered":"\n<p>\u0160odien vides aizsardz\u012bbas un re\u0123ion\u0101l\u0101s att\u012bst\u012bbas ministrs Art\u016brs Toms Ple\u0161s un valsts sekret\u0101ra vietniece re\u0123ion\u0101l\u0101s att\u012bst\u012bbas jaut\u0101jumos Ilze O\u0161a preses konferenc\u0113 inform\u0113ja par izmai\u0146\u0101m pa\u0161vald\u012bbu soci\u0101lekonomiskaj\u0101 situ\u0101cij\u0101 un administrat\u012bvi teritori\u0101l\u0101s reformas (ATR) rezult\u0101tiem. Ministrs uzsv\u0113ra, ka pa\u0161vald\u012bb\u0101m \u0161obr\u012bd ir liel\u0101ka kapacit\u0101te veicin\u0101t viet\u0113jo uz\u0146\u0113m\u0113jdarb\u012bbu, turkl\u0101t n\u0101kotn\u0113 j\u0101turpina stiprin\u0101t pa\u0161vald\u012bbu finansi\u0101l\u0101 un administrat\u012bv\u0101 kapacit\u0101te.\u00a0<\/p>\n\n\n\n<p>Kopum\u0101 s\u0101kotn\u0113j\u0101 izv\u0113rt\u0113jum\u0101&nbsp;secin\u0101ts, ka reformas rezult\u0101t\u0101 uzlabojusies un pieaugusi pa\u0161vald\u012bbu kapacit\u0101te, aug pakalpojumu pieejam\u012bba un kvalit\u0101te. Papildus t\u0101diem ieguvumiem k\u0101 deput\u0101tu skaita samazin\u0101jums un pieaugo\u0161\u0101 konkurence uz deput\u0101tu viet\u0101m, samazin\u0101ju\u0161\u0101s bud\u017eeta l\u012bdzek\u013cu at\u0161\u0137ir\u012bbas starp novadu liel\u0101kajiem un maz\u0101kajiem kop\u0113jiem bud\u017eeta ie\u0146\u0113mumiem, t\u0101pat ministrija secina, ka ir uzlabojies speci\u0101listu nodro\u0161in\u0101jums vair\u0101k\u0101s jom\u0101s \u2013 k\u0101 pa\u0161vald\u012bbas strukt\u016br\u0101s, t\u0101 ar\u012b uz\u0146\u0113m\u0113jdarb\u012bbas vid\u0113. T\u0101, piem\u0113ram, pirms ATR 2018.gad\u0101 atbalstu uz\u0146\u0113m\u0113jiem grantu veid\u0101 nodro\u0161in\u0101ja nedaudz vair\u0101k nek\u0101 puse pa\u0161vald\u012bbu (71 no 119); 2021.gad\u0101 tos nodro\u0161ina \u010detras piektda\u013cas pa\u0161vald\u012bbu (35 no 43).&nbsp;&nbsp;<\/p>\n\n\n\n<p>Izv\u0113rt\u0113jot reformas ietekmi, ministrija izvirz\u012bjusi ar\u012b priek\u0161likumus turpm\u0101kai ATR m\u0113r\u0137u sasnieg\u0161anai. B\u016btiski ir nodro\u0161in\u0101t valsts bud\u017eeta un ES fondu invest\u012bciju \u012bsteno\u0161anu atbilsto\u0161i Re\u0123ion\u0101l\u0101s politikas pamatnost\u0101dn\u0113s 2021.\u20132027.gadam paredz\u0113tajam teritori\u0101l\u0101s pieejas modelim.&nbsp;&nbsp;<\/p>\n\n\n\n<p>Izv\u0113rt\u0113jot ATR rezult\u0101tus, ministrija secin\u0101ja, ka ir j\u0101stiprina pa\u0161vald\u012bbu un citu teritorijas att\u012bst\u012bbas pl\u0101no\u0161an\u0101 iesaist\u012bto pu\u0161u kapacit\u0101te, veicinot pa\u0161vald\u012bbu sp\u0113ju uz\u0146emties pa\u0161iniciat\u012bvu re\u0123ion\u0101l\u0101s att\u012bst\u012bbas at\u0161\u0137ir\u012bbu mazin\u0101\u0161an\u0101, pa\u0161vald\u012bbu pakalpojumu kvalit\u0101tes un iedz\u012bvot\u0101ju labkl\u0101j\u012bbas uzlabo\u0161an\u0101, k\u0101 ar\u012b sabiedr\u012bbas l\u012bdzdal\u012bbas veicin\u0101\u0161anai.&nbsp;&nbsp;<\/p>\n\n\n\n<p>Ministrija izvirz\u012bjusi ar\u012b vair\u0101kus priek\u0161likumus turpm\u0101kai ATR rezult\u0101tu uzraudz\u012bbai. K\u0101 piem\u0113ram, ir j\u0101uzlabo datu un inform\u0101cijas pieejam\u012bba par teritoriju soci\u0101lekonomisko situ\u0101ciju un pa\u0161vald\u012bbu darb\u012bbu \u2013 j\u0101pilnveido pa\u0161vald\u012bbu bud\u017eeta pl\u0101no\u0161anas un uzskaites sist\u0113ma, ievie\u0161ot vienotu pieeju izdevumu uzskaitei. T\u0101pat ir j\u0101izv\u0113rt\u0113 iesp\u0113ja main\u012bt pa\u0161vald\u012bbu finan\u0161u izl\u012bdzin\u0101\u0161anas pieeju, j\u0101pilnveido pieeja datu un inform\u0101cijas par pa\u0161vald\u012bbas darb\u012bbu iev\u0101k\u0161anai, ievie\u0161ot digit\u0101lus risin\u0101jumus. Vair\u0101k nek\u0101 puse no jaunizveidotaj\u0101m pa\u0161vald\u012bb\u0101m uzs\u0101ku\u0161as darba efektiviz\u0113\u0161anu, centraliz\u0113jot administrat\u012bvos procesus ar IT sist\u0113mu ievie\u0161anu.&nbsp;&nbsp;&nbsp;<\/p>\n\n\n\n<p>J\u0101pilnveido att\u012bst\u012bbas pl\u0101no\u0161anas sist\u0113ma, nodro\u0161inot iesp\u0113ju skat\u012bt pl\u0101notos un realiz\u0113tos ieguld\u012bjumus pa\u0161vald\u012bb\u0101s kopsakar\u012bb\u0101 ar att\u012bst\u012bbas m\u0113r\u0137iem, pa\u0161vald\u012bbu autonomaj\u0101m funkcij\u0101m, k\u0101 ar\u012b re\u0123ion\u0101la un nacion\u0101la l\u012bme\u0146a ieguld\u012bjumiem no publiskiem l\u012bdzek\u013ciem. K\u0101 ar\u012b ir j\u0101nodro\u0161ina piek\u013cuve inform\u0101cijai par t\u0101diem pa\u0161vald\u012bbu darb\u012bbas aspektiem k\u0101 pakalpojumu kvalit\u0101te un pieejam\u012bba, administr\u0101cijas darba efektivit\u0101te, digitaliz\u0101cijas l\u012bmenis, pa\u0161vald\u012bbas darba atv\u0113rt\u012bba un sabiedr\u012bbas iesaiste teritorijas att\u012bst\u012bb\u0101.&nbsp;<\/p>\n\n\n\n<p>Papildus ministrija ierosina kop\u0113j\u0101s statistiskas teritori\u0101lo vien\u012bbu klasifik\u0101cijas otr\u0101 l\u012bme\u0146a jeb NUTS 2 re\u0123iona (visa Latvija) viet\u0101 izveidot divus NUTS 2 re\u0123ionus \u2013 R\u012bgas NUTS 2 un Rietumlatvijas un Austrumlatvijas NUTS 2 re\u0123ionu. T\u0101pat ministrijas ieskat\u0101 ir j\u0101p\u0101rdefin\u0113 pa\u0161vald\u012bbu finan\u0161u izl\u012bdzin\u0101\u0161anas fonda izl\u012bdzin\u0101\u0161anas m\u0113r\u0137is, lai nodro\u0161in\u0101tu iesp\u0113ju iedz\u012bvot\u0101jiem jebkur\u0101 pa\u0161vald\u012bb\u0101 sa\u0146emt pakalpojumus un atbalstu l\u012bdzv\u0113rt\u012bg\u0101 apm\u0113r\u0101. &nbsp;<\/p>\n\n\n\n<p>K\u0101 zi\u0146ots iepriek\u0161, Vides aizsardz\u012bbas un re\u0123ion\u0101l\u0101s att\u012bst\u012bbas ministrija \u0161o otrdien vald\u012bbas p\u0101rst\u0101vjiem prezent\u0113ja informat\u012bvo zi\u0146ojumu par izmai\u0146\u0101m pa\u0161vald\u012bbu soci\u0101lekonomiskaj\u0101 situ\u0101cij\u0101 un administrat\u012bvi teritori\u0101l\u0101s reformas (ATR) rezult\u0101tiem. Zi\u0146ojuma ietvaros tika secin\u0101ts, ka kop\u0113jais deput\u0101tu skaits pa\u0161vald\u012bb\u0101s samazin\u0101jies par 53% jeb no 1614 uz 758. Konkurence uz vienu pa\u0161vald\u012bbas domes deput\u0101ta vietu 2021. gada v\u0113l\u0113\u0161an\u0101s pieauga no 5,38 l\u012bdz 8,14 pretendentiem, sal\u012bdzinot ar 2017. gada pa\u0161vald\u012bbu v\u0113l\u0113\u0161an\u0101m. Turkl\u0101t p\u0113c VARAM apl\u0113s\u0113m deput\u0101tu atl\u012bdz\u012bbai nepiecie\u0161amie l\u012bdzek\u013ci no 2021. gada j\u016blija l\u012bdz 2022. gada j\u016blijam samazin\u0101ju\u0161ies par aptuveni 10 milj. EUR. T\u0101pat uzlabojusies pa\u0161vald\u012bbu finansi\u0101l\u0101 kapacit\u0101te: p\u0113c bud\u017eeta ie\u0146\u0113mumiem at\u0161\u0137ir\u012bba starp novadu liel\u0101kajiem un maz\u0101kajiem kop\u0113jiem bud\u017eeta ie\u0146\u0113mumiem samazin\u0101jusies no 34 reiz\u0113m l\u012bdz se\u0161\u0101m reiz\u0113m p\u0113c ATR. Iedz\u012bvot\u0101jiem tiek nodro\u0161in\u0101ti nepiecie\u0161amie pakalpojumi. Darbu turpina visi l\u012bdz\u0161in\u0113jie Valsts un pa\u0161vald\u012bbu vienotie klientu apkalpo\u0161anas centri (VPVKAC), un no 2022. gada atv\u0113rti asto\u0146i jauni VPVKAC. Pavisam pa\u0161laik darbojas 131 VPVKAC, un kopum\u0101 pl\u0101nots papla\u0161in\u0101t teritori\u0101lo VPVKAC pieejam\u012bbu l\u012bdz katram pagastam un pils\u0113tai.&nbsp;<\/p>\n\n\n\n<p>B\u016btiski, ka p\u0113c novadu apvieno\u0161anas vismaz viena vidusskola ir vis\u0101s 43 pa\u0161vald\u012bb\u0101s. T\u0101pat atsevi\u0161\u0137\u0101s kategorij\u0101s izv\u0113rt\u0113jot pieejamo atbalstu pirms un p\u0113c pa\u0161vald\u012bbu apvieno\u0161an\u0101s, secin\u0101ms, ka ar pozit\u012bvu tendenci ir pa\u0161vald\u012bbu noteiktie pabalsti par b\u0113rnu piedzim\u0161anu, pabalsts kr\u012bzes situ\u0101cij\u0101s; liel\u0101kaj\u0101 da\u013c\u0101 gad\u012bjumu noteikts ar\u012b augst\u0101ks maznodro\u0161in\u0101tas m\u0101jsaimniec\u012bbas ien\u0101kumu slieksnis.&nbsp;&nbsp;<\/p>\n","protected":false},"excerpt":{"rendered":"<p>\u0160odien vides aizsardz\u012bbas un re\u0123ion\u0101l\u0101s att\u012bst\u012bbas ministrs Art\u016brs Toms Ple\u0161s un valsts sekret\u0101ra vietniece re\u0123ion\u0101l\u0101s att\u012bst\u012bbas jaut\u0101jumos Ilze O\u0161a preses konferenc\u0113 inform\u0113ja par izmai\u0146\u0101m pa\u0161vald\u012bbu soci\u0101lekonomiskaj\u0101 situ\u0101cij\u0101 un administrat\u012bvi teritori\u0101l\u0101s reformas (ATR) rezult\u0101tiem.<\/p>\n","protected":false},"author":1938,"featured_media":17960,"comment_status":"closed","ping_status":"open","sticky":false,"template":"","format":"standard","meta":{"footnotes":""},"categories":[47,48],"tags":[],"_links":{"self":[{"href":"https:\/\/zurnalsiepirkumi.lv\/index.php?rest_route=\/wp\/v2\/posts\/17961"}],"collection":[{"href":"https:\/\/zurnalsiepirkumi.lv\/index.php?rest_route=\/wp\/v2\/posts"}],"about":[{"href":"https:\/\/zurnalsiepirkumi.lv\/index.php?rest_route=\/wp\/v2\/types\/post"}],"author":[{"embeddable":true,"href":"https:\/\/zurnalsiepirkumi.lv\/index.php?rest_route=\/wp\/v2\/users\/1938"}],"replies":[{"embeddable":true,"href":"https:\/\/zurnalsiepirkumi.lv\/index.php?rest_route=%2Fwp%2Fv2%2Fcomments&post=17961"}],"version-history":[{"count":1,"href":"https:\/\/zurnalsiepirkumi.lv\/index.php?rest_route=\/wp\/v2\/posts\/17961\/revisions"}],"predecessor-version":[{"id":17962,"href":"https:\/\/zurnalsiepirkumi.lv\/index.php?rest_route=\/wp\/v2\/posts\/17961\/revisions\/17962"}],"wp:featuredmedia":[{"embeddable":true,"href":"https:\/\/zurnalsiepirkumi.lv\/index.php?rest_route=\/wp\/v2\/media\/17960"}],"wp:attachment":[{"href":"https:\/\/zurnalsiepirkumi.lv\/index.php?rest_route=%2Fwp%2Fv2%2Fmedia&parent=17961"}],"wp:term":[{"taxonomy":"category","embeddable":true,"href":"https:\/\/zurnalsiepirkumi.lv\/index.php?rest_route=%2Fwp%2Fv2%2Fcategories&post=17961"},{"taxonomy":"post_tag","embeddable":true,"href":"https:\/\/zurnalsiepirkumi.lv\/index.php?rest_route=%2Fwp%2Fv2%2Ftags&post=17961"}],"curies":[{"name":"wp","href":"https:\/\/api.w.org\/{rel}","templated":true}]}}