{"id":17716,"date":"2022-05-10T13:43:32","date_gmt":"2022-05-10T11:43:32","guid":{"rendered":"https:\/\/zurnalsiepirkumi.lv\/?p=17716"},"modified":"2022-05-10T13:43:33","modified_gmt":"2022-05-10T11:43:33","slug":"precizeti-atbalsta-nodrosinasanas-nosacijumi-kas-pasvaldibam-jaievero-organizejot-ukrainas-civiliedzivotaju-izmitinasanu-un-edinasanu","status":"publish","type":"post","link":"https:\/\/zurnalsiepirkumi.lv\/?p=17716","title":{"rendered":"Preciz\u0113ti atbalsta nodro\u0161in\u0101\u0161anas nosac\u012bjumi, kas pa\u0161vald\u012bb\u0101m j\u0101iev\u0113ro, organiz\u0113jot Ukrainas civiliedz\u012bvot\u0101ju izmitin\u0101\u0161anu un \u0113din\u0101\u0161anu"},"content":{"rendered":"\n<p>\u0145emot v\u0113r\u0101, ka ir p\u0101rsniegts s\u0101kotn\u0113ji prognoz\u0113tais Ukrainas civiliedz\u012bvot\u0101ju skaits, kas ierodas Latvijas Republik\u0101 Krievijas Feder\u0101cijas izrais\u012bt\u0101 bru\u0146ot\u0101 konflikta Ukrain\u0101 d\u0113\u013c,\u00a0Ministru kabinets 2022. gada 10. maija s\u0113d\u0113 apstiprin\u0101ja izmai\u0146as k\u0101rt\u012bb\u0101, k\u0101d\u0101 Ukrainas civiliedz\u012bvot\u0101jiem Latvij\u0101 tiek nodro\u0161in\u0101ta izmitin\u0101\u0161ana un \u0113din\u0101\u0161ana.<\/p>\n\n\n\n<p>Izmai\u0146u m\u0113r\u0137is ir nodro\u0161in\u0101t prim\u0101r\u0101 atbalsta snieg\u0161anu iesp\u0113jami vair\u0101k Ukrainas civiliedz\u012bvot\u0101jiem, vienlaikus sapr\u0101t\u012bgi un lietder\u012bgi izmantojot valsts bud\u017eeta l\u012bdzek\u013cus.<\/p>\n\n\n\n<p>Izv\u0113loties Ukrainas civiliedz\u012bvot\u0101jam izmitin\u0101\u0161anas veidu un vietu, pa\u0161vald\u012bb\u0101m ir j\u0101\u0146em v\u0113r\u0101 Ukrainas civiliedz\u012bvot\u0101ja vajadz\u012bbas un j\u0101izv\u0113las ekonomiski visizdev\u012bg\u0101kais prim\u0101ri sniedzam\u0101 atbalsta veids un vieta.\u00a0Gad\u012bjum\u0101, ja Ukrainas civiliedz\u012bvot\u0101jus br\u012bvpr\u0101t\u012bgi nav izmitin\u0101jusi Latvijas m\u0101jsaimniec\u012bba, pa\u0161vald\u012bbai ir pien\u0101kums organiz\u0113t Ukrainas civiliedz\u012bvot\u0101jiem izmitin\u0101\u0161anu, prim\u0101ri izv\u0113rt\u0113jot iesp\u0113ju to veikt pa\u0161vald\u012bbas \u012bpa\u0161um\u0101, vald\u012bjum\u0101 vai tur\u0113jum\u0101 eso\u0161\u0101s izmitin\u0101\u0161anas viet\u0101s vai sl\u0113gt \u012bres l\u012bgumu ar priv\u0101tpersonu (iz\u012br\u0113t\u0101ju) par m\u0101jok\u013ca iz\u012br\u0113\u0161anu. Tom\u0113r, ja iepriek\u0161 min\u0113t\u0101s izmitin\u0101\u0161anas iesp\u0113jas konkr\u0113taj\u0101 gad\u012bjum\u0101 nav iesp\u0113jamas, pa\u0161vald\u012bba izv\u0113rt\u0113s iesp\u0113ju personas novirz\u012bt izmitin\u0101\u0161anai cit\u0101s izmitin\u0101\u0161anas viet\u0101s (piem\u0113ram, t\u016bristu m\u012btn\u0113s).\u00a0<\/p>\n\n\n\n<p>Pa\u0161vald\u012bba Ukrainas civiliedz\u012bvot\u0101jam izmitin\u0101\u0161anai var sl\u0113gt \u012bres l\u012bgumu ar priv\u0101tpersonu (iz\u012br\u0113t\u0101ju), pirms tam veicot cenu aptauju jeb tirgus izp\u0113ti, lai atlas\u012btu ekonomiski pamatot\u0101ko pakalpojumu sniedz\u0113ju pied\u0101v\u0101jumus.\u00a0T\u0101d\u0101 gad\u012bjum\u0101\u00a0pa\u0161vald\u012bba maks\u0101s priv\u0101tpersonai (iz\u012br\u0113t\u0101jam) atl\u012bdz\u012bbu par m\u0101jok\u013ca lieto\u0161anu 100% apm\u0113r\u0101 no piel\u012bgt\u0101s \u012bres maksas, kas ietvers visus ar dz\u012bvojam\u0101s telpas lieto\u0161anu saist\u012btos maks\u0101jumu<strong>s<\/strong>, tai skait\u0101 komun\u0101los maks\u0101jumus, bet\u00a0ne vair\u0101k k\u0101 400 eiro m\u0113nes\u012b<strong>\u00a0<\/strong>par m\u0101jokli.<\/p>\n\n\n\n<p>Savuk\u0101rt, ja pa\u0161vald\u012bba Ukrainas civiliedz\u012bvot\u0101ju izmitin\u0101\u0161anai izmantos citus izmitin\u0101\u0161anas veidus &#8211;\u00a0pa\u0161vald\u012bbas r\u012bc\u012bb\u0101 eso\u0161as izmitin\u0101\u0161anas vietas, t\u016bristu m\u012btnes u.c., \u0161os izdevumus valsts segs pa\u0161vald\u012bbai 100% apm\u0113r\u0101 no izmitin\u0101\u0161anas faktiskaj\u0101m izmaks\u0101m, bet ne vair\u0101k k\u0101 15 eiro par personu diennakt\u012b.<\/p>\n\n\n\n<p>Tom\u0113r, ja pa\u0161vald\u012bbas teritorij\u0101 nav pieejamas izmitin\u0101\u0161anas vietas, kas atbilst noteiktaj\u0101m izmaks\u0101m,\u00a0pa\u0161vald\u012bba uz laiku, l\u012bdz ir pieejamas atbilsto\u0161as izmitin\u0101\u0161anas vietas, bet ne ilg\u0101k k\u0101 uz 7 diennakt\u012bm, var izmitin\u0101t Ukrainas civiliedz\u012bvot\u0101jus viet\u0101s, kuru izmaksas p\u0101rsniedz regul\u0113jum\u0101 noteikt\u0101s izmaksas jeb 15 eiro par personu diennakt\u012b.\u00a0<\/p>\n\n\n\n<p>Vienlaikus paredz\u0113ts, ka izdevumus pa\u0161vald\u012bbai par Ukrainas civiliedz\u012bvot\u0101ju izmitin\u0101\u0161anu viet\u0101s, kas nav pa\u0161vald\u012bbas \u012bpa\u0161um\u0101, vald\u012bjum\u0101 vai tur\u0113jum\u0101, valsts segs l\u012bdz 2022.gada 30.j\u016bnijam, t\u0101d\u0101 veid\u0101 termin\u0113jot pa\u0161vald\u012bbas iesp\u0113jas izmantot, piem\u0113ram, viesn\u012bcu izmanto\u0161anu izmitin\u0101\u0161anai.<\/p>\n\n\n\n<p>Valsts t\u0101pat k\u0101 l\u012bdz \u0161im segs pa\u0161vald\u012bb\u0101m\u00a0<strong>a<\/strong>r\u012b izdevumus, kuri t\u0101m radu\u0161ies, nodro\u0161inot Ukrainas civiliedz\u012bvot\u0101jiem \u0113din\u0101\u0161anu, ta\u010du \u0161\u012bs izmaksas nedr\u012bkst\u0113s p\u0101rsniegt 10 eiro par personu dien\u0101. Pa\u0161vald\u012bbu sniegt\u0101 inform\u0101cija par Ukrainas civiliedz\u012bvot\u0101jiem l\u012bdz \u0161im nodro\u0161in\u0101to \u0113din\u0101\u0161anu liecina, ka vid\u0113j\u0101s izmaksas par vienas personas \u0113din\u0101\u0161anu bija 8 eiro dien\u0101. Tom\u0113r, \u0146emot v\u0113r\u0101 pieaugo\u0161\u0101s p\u0101rtikas produktu un \u0113din\u0101\u0161anas pakalpojumu cenas, \u0113din\u0101\u0161anas limits palielin\u0101ts l\u012bdz 10 eiro par personu dien\u0101.<\/p>\n\n\n\n<p>Papildu finans\u0113jums min\u0113to pas\u0101kumu \u012bsteno\u0161anai 7 749&nbsp;600 eiro apm\u0113r\u0101 tiks pie\u0161\u0137irts no gadsk\u0101rt\u0113j\u0101 valsts bud\u017eeta l\u012bdzek\u013ciem neparedz\u0113tiem gad\u012bjumiem atbilsto\u0161i faktiski nepiecie\u0161amajam apm\u0113ram. P\u0101rskatu par attiec\u012bgaj\u0101 m\u0113nes\u012b sniegtajiem pakalpojumiem un to apm\u0113ru pa\u0161vald\u012bbai j\u0101iesniedz Vides aizsardz\u012bbas un re\u0123ion\u0101l\u0101s att\u012bst\u012bbas ministrijai, kas attiec\u012bgi reizi m\u0113nes\u012b kompens\u0113s pa\u0161vald\u012bb\u0101m izdevumus, kas radu\u0161ies par sniegto atbalstu Ukrainas civiliedz\u012bvot\u0101jiem.<\/p>\n\n\n\n<p>Paredz\u0113ts, ka jaunie izmaksu nosac\u012bjumi, kas b\u016bs j\u0101\u0146em v\u0113r\u0101 pa\u0161vald\u012bb\u0101m, organiz\u0113jot izmitin\u0101\u0161anu un \u0113din\u0101\u0161anu Ukrainas civiliedz\u012bvot\u0101jiem, st\u0101sies sp\u0113k\u0101 2022.gada 25.maij\u0101.&nbsp;<\/p>\n\n\n\n<p>Detaliz\u0113ti ar groz\u012bjumiem Ministru kabineta 2022. gada 12. marta noteikumos Nr.&nbsp;168 &#8220;Noteikumi par izmitin\u0101\u0161anas un \u0113din\u0101\u0161anas pakalpojuma nodro\u0161in\u0101\u0161anu Ukrainas civiliedz\u012bvot\u0101jiem&#8221; var iepaz\u012bties&nbsp;<a href=\"https:\/\/tapportals.mk.gov.lv\/legal_acts\/3e80bb0f-4ee3-48b2-8316-af155d9f253a\" target=\"_blank\" rel=\"noreferrer noopener\">Vienotaj\u0101 ties\u012bbu aktu projektu port\u0101l\u0101<\/a>.<\/p>\n\n\n\n<p>K\u0101 zin\u0101ms, 2022. gada 29. apr\u012bl\u012b Ministru kabinets apstiprin\u0101ja jaunu Pas\u0101kumu pl\u0101nu par atbalsta snieg\u0161anu Ukrainas civiliedz\u012bvot\u0101jiem Latvijas Republik\u0101 (turpm\u0101k &#8211; Pl\u0101ns), kas nosaka valsts instit\u016bciju, pa\u0161vald\u012bbu un komersantu saska\u0146otu un nekav\u0113jo\u0161u r\u012bc\u012bbu, lai sp\u0113tu uz\u0146emt, izmitin\u0101t un nodro\u0161in\u0101t soci\u0101lo atbalstu pak\u0101peniski l\u012bdz \u010detrdesmit t\u016bksto\u0161iem Ukrainas civiliedz\u012bvot\u0101ju, kuri b\u0113g no kara.<\/p>\n","protected":false},"excerpt":{"rendered":"<p>\u0145emot v\u0113r\u0101, ka ir p\u0101rsniegts s\u0101kotn\u0113ji prognoz\u0113tais Ukrainas civiliedz\u012bvot\u0101ju skaits, kas ierodas Latvijas Republik\u0101 Krievijas Feder\u0101cijas izrais\u012bt\u0101 bru\u0146ot\u0101 konflikta Ukrain\u0101 d\u0113\u013c,\u00a0Ministru kabinets 2022. gada 10. maija s\u0113d\u0113 apstiprin\u0101ja izmai\u0146as k\u0101rt\u012bb\u0101, k\u0101d\u0101 Ukrainas civiliedz\u012bvot\u0101jiem Latvij\u0101 tiek nodro\u0161in\u0101ta izmitin\u0101\u0161ana un \u0113din\u0101\u0161ana.<\/p>\n","protected":false},"author":1936,"featured_media":17718,"comment_status":"closed","ping_status":"closed","sticky":false,"template":"","format":"standard","meta":{"footnotes":""},"categories":[396,37,38,95],"tags":[],"_links":{"self":[{"href":"https:\/\/zurnalsiepirkumi.lv\/index.php?rest_route=\/wp\/v2\/posts\/17716"}],"collection":[{"href":"https:\/\/zurnalsiepirkumi.lv\/index.php?rest_route=\/wp\/v2\/posts"}],"about":[{"href":"https:\/\/zurnalsiepirkumi.lv\/index.php?rest_route=\/wp\/v2\/types\/post"}],"author":[{"embeddable":true,"href":"https:\/\/zurnalsiepirkumi.lv\/index.php?rest_route=\/wp\/v2\/users\/1936"}],"replies":[{"embeddable":true,"href":"https:\/\/zurnalsiepirkumi.lv\/index.php?rest_route=%2Fwp%2Fv2%2Fcomments&post=17716"}],"version-history":[{"count":2,"href":"https:\/\/zurnalsiepirkumi.lv\/index.php?rest_route=\/wp\/v2\/posts\/17716\/revisions"}],"predecessor-version":[{"id":17719,"href":"https:\/\/zurnalsiepirkumi.lv\/index.php?rest_route=\/wp\/v2\/posts\/17716\/revisions\/17719"}],"wp:featuredmedia":[{"embeddable":true,"href":"https:\/\/zurnalsiepirkumi.lv\/index.php?rest_route=\/wp\/v2\/media\/17718"}],"wp:attachment":[{"href":"https:\/\/zurnalsiepirkumi.lv\/index.php?rest_route=%2Fwp%2Fv2%2Fmedia&parent=17716"}],"wp:term":[{"taxonomy":"category","embeddable":true,"href":"https:\/\/zurnalsiepirkumi.lv\/index.php?rest_route=%2Fwp%2Fv2%2Fcategories&post=17716"},{"taxonomy":"post_tag","embeddable":true,"href":"https:\/\/zurnalsiepirkumi.lv\/index.php?rest_route=%2Fwp%2Fv2%2Ftags&post=17716"}],"curies":[{"name":"wp","href":"https:\/\/api.w.org\/{rel}","templated":true}]}}