{"id":17695,"date":"2022-05-05T13:19:00","date_gmt":"2022-05-05T11:19:00","guid":{"rendered":"https:\/\/zurnalsiepirkumi.lv\/?p=17695"},"modified":"2022-05-06T13:22:10","modified_gmt":"2022-05-06T11:22:10","slug":"lietuvas-polijas-gazes-starpsavienojums-nosledz-baltijas-valstu-regiona-integresanu-vienotaja-eiropas-gazes-tikla","status":"publish","type":"post","link":"https:\/\/zurnalsiepirkumi.lv\/?p=17695","title":{"rendered":"Lietuvas \u2013 Polijas g\u0101zes starpsavienojums nosl\u0113dz Baltijas valstu re\u0123iona integr\u0113\u0161anu vienotaj\u0101 Eiropas g\u0101zes t\u012bkl\u0101"},"content":{"rendered":"\n<p>5. maij\u0101, piedaloties Latvijas valsts prezidentam Egilam Levitam, Lietuvas valsts prezidentam Gitanas Naus\u0113da (Gitanas Naus\u0117da),Polijas valsts prezidentam And\u017eejam Dudam (Andrzej Duda), Eiropas ener\u0123\u0113tikas komis\u0101rei Kadri Simson, k\u0101 ar\u012b Latvijas, Lietuvas, Igaunijas un Polijas augsta l\u012bme\u0146a amatperson\u0101m\u00a0svin\u012bgi tika atkl\u0101ts Polijas \u2013 Lietuvas g\u0101zes starpsavienojums (GIPL).<\/p>\n\n\n\n<p>\u201c\u0160odien ir v\u0113sturisks br\u012bdis ne tikai Lietuvai un Polijai, bet ar\u012b visam Baltijas re\u0123ionam un tas ir v\u0113l viens noz\u012bm\u012bgs ce\u013c\u0161 g\u0101zes pieg\u0101\u017eu da\u017e\u0101do\u0161anai un energoapg\u0101des dro\u0161\u012bbai. Tagad Latvija un visas Baltijas valstis var\u0113s sa\u0146emt dabasg\u0101zes pieg\u0101des ne tikai no Klaip\u0113das sa\u0161\u0137idrin\u0101t\u0101s g\u0101zes termin\u0101la, bet no jebkuras valsts un termin\u0101la Eirop\u0101, t\u0101d\u0113j\u0101di pau\u017eot m\u016bsu stingro ap\u0146em\u0161anos atteikties no\u00a0 Krievijas g\u0101zes importa,\u201d GIPL atkl\u0101\u0161anas pas\u0101kuma uzsv\u0113ra\u00a0ekonomikas ministrs J\u0101nis Vitenbergs.<\/p>\n\n\n\n<p>Atkl\u0101t\u0101\u00a0Jauni\u016bnai\u00a0g\u0101zes kompresoru stacija ir 508 km gar\u0101 GIPL g\u0101zesvada gala punkts Lietuvas teritorij\u0101 un t\u0101 jauda ir 34,5 MW. G\u0101zesvads GIPL savienos Lietuvu, p\u0101r\u0113j\u0101s Baltijas valstis un Somiju ar Eiropas Savien\u012bbas g\u0101zes tirgu, da\u017e\u0101dojot re\u0123ionam pieejamos dabasg\u0101zes pieg\u0101des ce\u013cus un t\u0101d\u0113j\u0101di b\u016btiski stiprinot energoapg\u0101des dro\u0161umu.<\/p>\n\n\n\n<p>\u201cPolijas un Lietuvas g\u0101zes starpsavienojuma darb\u012bbas uzs\u0101k\u0161ana apliecina m\u016bsu re\u0123iona valstu solidarit\u0101ti un ap\u0146\u0113m\u012bbu risin\u0101t vissare\u017e\u0123\u012bt\u0101kos jaut\u0101jumus, lai stiprin\u0101tu re\u0123iona ener\u0123\u0113tisko neatkar\u012bbu. Kop\u012bg\u0101 m\u0113r\u0137a sasnieg\u0161anai \u2013 re\u0123iona g\u0101zes tirgus stiprin\u0101\u0161anai un g\u0101zes pieg\u0101\u017eu dro\u0161\u012bbai mums v\u0113l ir j\u0101pabeidz ar\u012b citi re\u0123ion\u0101lie g\u0101zes infrastrukt\u016bras projekti Lietuv\u0101, Latvij\u0101, Igaunij\u0101, k\u0101 ar\u012b Somij\u0101 un Polij\u0101,\u201d nor\u0101d\u012bja\u00a0ekonomikas ministrs.<\/p>\n\n\n\n<p>GIPL projekts tika uzs\u0101kts 2018. gada 11. maij\u0101, kad Baltijas valstu un Polijas p\u0101rvades sist\u0113mu operatori pabeidza l\u012bguma nosl\u0113g\u0161anas procesu par Polijas-Lietuvas g\u0101zes starpsavienojuma projekta p\u0101rrobe\u017eu izmaksu seg\u0161anu. G\u0101zes starpsavienojums darbu uzs\u0101ka 2022. gada 1. maij\u0101, nodro\u0161inot g\u0101zes pl\u016bsmu abos \u2013 Polijas \u2013 Lietuvas \u2013 Polijas virzienos. GIPL integr\u0113s Baltijas valstu un Somijas g\u0101zes tirgus kop\u0113j\u0101 Eiropas Savien\u012bbas g\u0101zes tirg\u016b, da\u017e\u0101dojot piek\u013cuvi alternat\u012bviem g\u0101zes pieg\u0101des avotiem un palielin\u0101s konkurenci re\u0123ion\u0101. Vienlaikus, starpsavienojums palielin\u0101s g\u0101zes pieg\u0101des dro\u0161\u012bbu un uzticam\u012bbu, jo tiek palielin\u0101tas pieg\u0101des jaudas, gan ar\u012b sniegs iesp\u0113ju, nepiecie\u0161am\u012bbas gad\u012bjum\u0101, piem\u0113rot solidarit\u0101tes pas\u0101kumus starp dal\u012bbvalst\u012bm.<\/p>\n\n\n\n<p><\/p>\n","protected":false},"excerpt":{"rendered":"<p>5. maij\u0101, piedaloties Latvijas valsts prezidentam Egilam Levitam, Lietuvas valsts prezidentam Gitanas Naus\u0113da (Gitanas Naus\u0117da),Polijas valsts prezidentam And\u017eejam Dudam (Andrzej Duda), Eiropas ener\u0123\u0113tikas komis\u0101rei Kadri Simson, k\u0101 ar\u012b Latvijas, Lietuvas, Igaunijas un Polijas augsta l\u012bme\u0146a amatperson\u0101m\u00a0svin\u012bgi tika atkl\u0101ts Polijas \u2013 Lietuvas g\u0101zes starpsavienojums (GIPL).<\/p>\n","protected":false},"author":1938,"featured_media":17694,"comment_status":"closed","ping_status":"open","sticky":false,"template":"","format":"standard","meta":{"footnotes":""},"categories":[22,418,403],"tags":[],"_links":{"self":[{"href":"https:\/\/zurnalsiepirkumi.lv\/index.php?rest_route=\/wp\/v2\/posts\/17695"}],"collection":[{"href":"https:\/\/zurnalsiepirkumi.lv\/index.php?rest_route=\/wp\/v2\/posts"}],"about":[{"href":"https:\/\/zurnalsiepirkumi.lv\/index.php?rest_route=\/wp\/v2\/types\/post"}],"author":[{"embeddable":true,"href":"https:\/\/zurnalsiepirkumi.lv\/index.php?rest_route=\/wp\/v2\/users\/1938"}],"replies":[{"embeddable":true,"href":"https:\/\/zurnalsiepirkumi.lv\/index.php?rest_route=%2Fwp%2Fv2%2Fcomments&post=17695"}],"version-history":[{"count":1,"href":"https:\/\/zurnalsiepirkumi.lv\/index.php?rest_route=\/wp\/v2\/posts\/17695\/revisions"}],"predecessor-version":[{"id":17696,"href":"https:\/\/zurnalsiepirkumi.lv\/index.php?rest_route=\/wp\/v2\/posts\/17695\/revisions\/17696"}],"wp:featuredmedia":[{"embeddable":true,"href":"https:\/\/zurnalsiepirkumi.lv\/index.php?rest_route=\/wp\/v2\/media\/17694"}],"wp:attachment":[{"href":"https:\/\/zurnalsiepirkumi.lv\/index.php?rest_route=%2Fwp%2Fv2%2Fmedia&parent=17695"}],"wp:term":[{"taxonomy":"category","embeddable":true,"href":"https:\/\/zurnalsiepirkumi.lv\/index.php?rest_route=%2Fwp%2Fv2%2Fcategories&post=17695"},{"taxonomy":"post_tag","embeddable":true,"href":"https:\/\/zurnalsiepirkumi.lv\/index.php?rest_route=%2Fwp%2Fv2%2Ftags&post=17695"}],"curies":[{"name":"wp","href":"https:\/\/api.w.org\/{rel}","templated":true}]}}