{"id":17607,"date":"2022-04-22T09:03:45","date_gmt":"2022-04-22T07:03:45","guid":{"rendered":"https:\/\/zurnalsiepirkumi.lv\/?p=17607"},"modified":"2022-04-22T09:05:59","modified_gmt":"2022-04-22T07:05:59","slug":"ar-114-miljonu-es-fondu-atbalstu-uzsaks-elektrovilcienu-iegadi","status":"publish","type":"post","link":"https:\/\/zurnalsiepirkumi.lv\/?p=17607","title":{"rendered":"Ar 114 miljonu ES fondu atbalstu uzs\u0101ks elektrovilcienu ieg\u0101di"},"content":{"rendered":"\n<p>Centr\u0101l\u0101 finan\u0161u un l\u012bgumu a\u0123ent\u016bra (CFLA) ir apstiprin\u0101jusi AS \u201cPasa\u017eieru vilciens\u201d projektu elektrovilcienu ieg\u0101dei, no Koh\u0113zijas fonda pie\u0161\u0137irot finans\u0113jumu vair\u0101k nek\u0101 114 miljonu eiro apm\u0113r\u0101. Par projekta ieceri pozit\u012bvu atzinumu sniegusi Eiropas Komisija.<\/p>\n\n\n\n<p>Lai veicin\u0101tu videi draudz\u012bga sabiedrisk\u0101 transporta izmanto\u0161anu un pasa\u017eieru skaita pieaugumu videi draudz\u012bg\u0101 sabiedriskaj\u0101 transport\u0101, ar Eiropas Savien\u012bbas (ES) fondu finans\u0113jumu pl\u0101nota\u00a023 jaunu pasa\u017eieru elektrovilcienu sast\u0101vu ieg\u0101de, kas ir da\u013ca no AS \u201cPasa\u017eieru vilciens\u201d iepirkum\u0101 paredz\u0113t\u0101 jauno elektrovilcienu sast\u0101vu skaita. Tiek pl\u0101nota v\u0113l papildu 9 elektrovilcienu ieg\u0101de, kas tiks piln\u012bb\u0101 finans\u0113ta no valsts bud\u017eeta un kas nav iek\u013cauta projekt\u0101.<\/p>\n\n\n\n<p>CFLA direktore Anita Kr\u016bmi\u0146a: \u201cLiel\u0101kais no 2014. \u2013 2020. gada ES fondu pl\u0101no\u0161anas perioda projektiem ir sa\u0146\u0113mis ar\u012b Eiropas Komisijas\u00a0<em>za\u013co gaismu<\/em>\u00a0realiz\u0101cijai \u2013 elektrovilcienu ieg\u0101dei no ES fondu l\u012bdzek\u013ciem tiks pie\u0161\u0137irti vair\u0101k nek\u0101 114 miljoni eiro. M\u016bsdien\u012bga, \u0113rta dzelzce\u013ca satiksme ir viens no gaid\u012bt\u0101kajiem sabiedrisk\u0101 transporta att\u012bst\u012bbas posmiem, kas lielu da\u013cu sabiedr\u012bbas mudin\u0101tu p\u0101rskat\u012bt p\u0101rvieto\u0161an\u0101s paradumus. V\u0113lam \u201cPasa\u017eieru vilcienam\u201d veiksm\u012bgu projekta \u012bsteno\u0161anu!\u201d.<\/p>\n\n\n\n<p>Pl\u0101nots, ka projekta \u012bsteno\u0161ana \u013caus 2023. gad\u0101 videi draudz\u012bg\u0101 sabiedriskaj\u0101 transport\u0101 p\u0101rvad\u0101t vismaz 2,7 miljonus pasa\u017eieru. \u0112rts dzelzce\u013ca transports veicin\u0101s vieglo automobi\u013cu satiksmes samazin\u0101\u0161anos, t\u0101d\u0113j\u0101di uzlabojot satiksmes dro\u0161\u012bbu un mazinot vides pies\u0101r\u0146ojumu. T\u0101pat dzelzce\u013ca pasa\u017eieru p\u0101rvad\u0101jumi k\u013c\u016bs efekt\u012bv\u0101ki, samazinoties braucien\u0101 pavad\u012btajam laikam.<\/p>\n\n\n\n<p>Dzelzce\u013ca elektrifik\u0101cijas projektu paredz\u0113ts \u012bstenot l\u012bdz 2023. gada nogalei.\u00a02019. gada 30. j\u016blij\u0101 AS \u201cPasa\u017eieru vilciens\u201d un uz\u0146\u0113muma \u201c\u0160KODA VAGONKA\u201d vad\u012bba ir parakst\u012bjusi l\u012bgumu par 32 jaunu elektrovilcienu pieg\u0101di. Pl\u0101nots, ka jauno elektrovilcienu pieg\u0101de notiks pak\u0101peniski &#8211; pirmie vilcieni tiks pieg\u0101d\u0101ti 2022.\u00a0gada pirmaj\u0101 pusgad\u0101, bet l\u012bdz 2023. gada beig\u0101m pasa\u017eieru p\u0101rvad\u0101jumi tiks veikti jau ar visiem 32 jaunajiem vilcieniem.<\/p>\n\n\n\n<p>Elektrovilcienu ieg\u0101de ir viens no finansi\u0101li apjom\u012bg\u0101kajiem no ES fondiem finans\u0113tajiem projektiem \u0161aj\u0101 pl\u0101no\u0161anas period\u0101, tam no\u00a0Koh\u0113zijas fonda pie\u0161\u0137irot finans\u0113jumu 114,21 miljonu eiro<strong>\u00a0<\/strong>apm\u0113r\u0101 un no valsts bud\u017eeta gandr\u012bz 47 miljonus eiro. \u0145emot v\u0113r\u0101, ka finans\u0113jums projektam p\u0101rsniedz 50\u00a0miljonus eiro, projekta iecere izskat\u012bta un saska\u0146ota ar\u012b Eiropas Komisij\u0101 &#8211; \u00a018.\u00a0apr\u012bl\u012b sa\u0146emts pozit\u012bvs atzinums.<\/p>\n\n\n\n<p>Koh\u0113zijas fonda atbalsts elektrovilcienu ieg\u0101dei paredz\u0113ts pl\u0101no\u0161anas dokumenta \u2013 darb\u012bbas programmas \u201cIzaugsme un nodarbin\u0101t\u012bba\u201d 4.5.1. specifisk\u0101 atbalsta m\u0113r\u0137a \u201cAtt\u012bst\u012bt videi draudz\u012bgu sabiedrisk\u0101 transporta infrastrukt\u016bru\u201d&nbsp;<a href=\"https:\/\/likumi.lv\/ta\/id\/316400-darbibas-programmas-izaugsme-un-nodarbinatiba-4-5-1-specifiska-atbalsta-merka-attistit-videi-draudzigu-sabiedriska-transporta\">4.5.1.1.<\/a>&nbsp;pas\u0101kuma \u201cAtt\u012bst\u012bt videi draudz\u012bgu sabiedrisk\u0101 transporta infrastrukt\u016bru (slie\u017eu transporta)\u201d tre\u0161\u0101s projektu iesniegumu atlases k\u0101rtas \u201c<a href=\"https:\/\/atlase.cfla.gov.lv\/lv\/4-5-1-1-k-3\" target=\"_blank\" rel=\"noreferrer noopener\">Att\u012bst\u012bt videi draudz\u012bgu sabiedrisk\u0101 transporta infrastrukt\u016bru \u2013 elektrovilcieni<\/a>\u201d ietvaros.<\/p>\n","protected":false},"excerpt":{"rendered":"<p>Centr\u0101l\u0101 finan\u0161u un l\u012bgumu a\u0123ent\u016bra (CFLA) ir apstiprin\u0101jusi AS \u201cPasa\u017eieru vilciens\u201d projektu elektrovilcienu ieg\u0101dei, no Koh\u0113zijas fonda pie\u0161\u0137irot finans\u0113jumu vair\u0101k nek\u0101 114 miljonu eiro apm\u0113r\u0101. Par projekta ieceri pozit\u012bvu atzinumu sniegusi Eiropas Komisija.<\/p>\n","protected":false},"author":1936,"featured_media":17610,"comment_status":"closed","ping_status":"closed","sticky":false,"template":"","format":"standard","meta":{"footnotes":""},"categories":[120,46],"tags":[],"_links":{"self":[{"href":"https:\/\/zurnalsiepirkumi.lv\/index.php?rest_route=\/wp\/v2\/posts\/17607"}],"collection":[{"href":"https:\/\/zurnalsiepirkumi.lv\/index.php?rest_route=\/wp\/v2\/posts"}],"about":[{"href":"https:\/\/zurnalsiepirkumi.lv\/index.php?rest_route=\/wp\/v2\/types\/post"}],"author":[{"embeddable":true,"href":"https:\/\/zurnalsiepirkumi.lv\/index.php?rest_route=\/wp\/v2\/users\/1936"}],"replies":[{"embeddable":true,"href":"https:\/\/zurnalsiepirkumi.lv\/index.php?rest_route=%2Fwp%2Fv2%2Fcomments&post=17607"}],"version-history":[{"count":2,"href":"https:\/\/zurnalsiepirkumi.lv\/index.php?rest_route=\/wp\/v2\/posts\/17607\/revisions"}],"predecessor-version":[{"id":17609,"href":"https:\/\/zurnalsiepirkumi.lv\/index.php?rest_route=\/wp\/v2\/posts\/17607\/revisions\/17609"}],"wp:featuredmedia":[{"embeddable":true,"href":"https:\/\/zurnalsiepirkumi.lv\/index.php?rest_route=\/wp\/v2\/media\/17610"}],"wp:attachment":[{"href":"https:\/\/zurnalsiepirkumi.lv\/index.php?rest_route=%2Fwp%2Fv2%2Fmedia&parent=17607"}],"wp:term":[{"taxonomy":"category","embeddable":true,"href":"https:\/\/zurnalsiepirkumi.lv\/index.php?rest_route=%2Fwp%2Fv2%2Fcategories&post=17607"},{"taxonomy":"post_tag","embeddable":true,"href":"https:\/\/zurnalsiepirkumi.lv\/index.php?rest_route=%2Fwp%2Fv2%2Ftags&post=17607"}],"curies":[{"name":"wp","href":"https:\/\/api.w.org\/{rel}","templated":true}]}}