{"id":17559,"date":"2022-04-13T09:46:25","date_gmt":"2022-04-13T07:46:25","guid":{"rendered":"https:\/\/zurnalsiepirkumi.lv\/?p=17559"},"modified":"2022-04-13T09:46:25","modified_gmt":"2022-04-13T07:46:25","slug":"ministrs-pless-konference-bauska-informe-par-pasvaldibam-pieejamo-atbalstu-celu-infrastrukturas-attistibai","status":"publish","type":"post","link":"https:\/\/zurnalsiepirkumi.lv\/?p=17559","title":{"rendered":"Ministrs Ple\u0161s konferenc\u0113 Bausk\u0101 inform\u0113 par pa\u0161vald\u012bb\u0101m pieejamo atbalstu ce\u013cu infrastrukt\u016bras att\u012bst\u012bbai"},"content":{"rendered":"\n<p>2022. gada 13. apr\u012blis, Bauska \u2013 Vides aizsardz\u012bbas un re\u0123ion\u0101l\u0101s att\u012bst\u012bbas ministrs Art\u016brs Toms Ple\u0161s (AP!) piedal\u0101s Bauskas novada pa\u0161vald\u012bbas r\u012bkotaj\u0101 konferenc\u0113 \u201cK\u0101 (iz)dz\u012bvosim l\u012bdz Bauskas apvedce\u013cam?\u201d, lai aktualiz\u0113tu ar Bauskas un Iecavas apvedce\u013ca izb\u016bvi saist\u012bto jaut\u0101jumu virz\u012bbu. Konferences laik\u0101 paredz\u0113ta ar\u012b diskusija par iesp\u0113jamiem \u012bstermi\u0146a risin\u0101jumiem A7 tranz\u012bta ietekmes mazin\u0101\u0161anai ab\u0101s pils\u0113t\u0101s.<\/p>\n\n\n\n<p>Pa\u0161vald\u012bbas ieskat\u0101 pieaugo\u0161\u0101 kravu transporta tranz\u012bta pl\u016bsma caur Bauskas pils\u0113tas v\u0113sturisko centru rada negat\u012bvu ietekmi t\u0101 v\u0113sturiskajai apb\u016bvei, k\u0101 ar\u012b nelabv\u0113l\u012bgi ietekm\u0113 Bauskas iedz\u012bvot\u0101ju dz\u012bves kvalit\u0101ti. Ministrs uzver, ka l\u012bdz apvedce\u013ca izb\u016bvei nepiecie\u0161ams rast alternat\u012bvus risin\u0101jumus, k\u0101, piem\u0113ram, izv\u0113rt\u0113t iesp\u0113ju tranz\u012bta kravu pl\u016bsmu novirz\u012bt pa jau eso\u0161ajiem re\u0123ion\u0101l\u0101s un viet\u0113j\u0101s noz\u012bmes autoce\u013ciem, vienlaikus diskut\u0113jot par lok\u0101las satiksmes mierino\u0161iem pas\u0101kumiem Bauskas v\u0113sturiskaj\u0101 centr\u0101.\u00a0<\/p>\n\n\n\n<p>Ministrs Ple\u0161s: \u201cPie ce\u013cu infrastrukt\u016bras uzlabo\u0161anas darbs nekad neapst\u0101jas, un progress, \u0161\u0137iet, p\u0113c b\u016bt\u012bbas nekad nav sasniedzams \u201cte un tagad\u201d, ta\u010du vienlaikus skaidrs, ka iedz\u012bvot\u0101ju mobilit\u0101tes veicin\u0101\u0161ana ir sekm\u012bgas re\u0123ion\u0101l\u0101s att\u012bst\u012bbas st\u016brakmens. Vides aizsardz\u012bbas un re\u0123ion\u0101l\u0101s att\u012bst\u012bbas ministrija pa\u0161vald\u012bb\u0101m pied\u0101v\u0101 un turpin\u0101s pied\u0101v\u0101t vair\u0101kas atbalsta programmas, kas tostarp paredz ce\u013cu t\u012bkla sak\u0101rto\u0161anu. Run\u0101jot par \u0161odienas konferences tematu, ticu, ka Satiksmes ministrijai l\u012bdz vasarai izdosies izstr\u0101d\u0101t projekta tehniski ekonomisko pamatojumu, kas pav\u0113rtu iesp\u0113ju \u012bstenot k\u0101du no priv\u0101t\u0101s partner\u012bbas projektiem jau sal\u012bdzino\u0161i p\u0101rskat\u0101m\u0101 n\u0101kotn\u0113. Labs piem\u0113rs \u0161\u0101da veida projektiem ir \u0136ekavas apvedce\u013ca izb\u016bve.\u201d<\/p>\n\n\n\n<p>P\u0113d\u0113jo divu gadu laik\u0101 Bauskas novad\u0101 par l\u012bdzek\u013ciem VARAM kompetences jom\u0101s jau realiz\u0113ti vair\u0101ki ce\u013cu infrastrukt\u016bras att\u012bst\u012bbas projekti, un iez\u012bm\u0113ts atbalsts mobilit\u0101tes veicin\u0101\u0161anai ar\u012b n\u0101kamajiem gadiem. T\u0101, piem\u0113ram, Administrat\u012bvi teritori\u0101l\u0101s reformas kontekst\u0101 2021. gad\u0101 Bauskas novad\u0101 veikta valsts viet\u0113j\u0101 autoce\u013ca Likverteni\u2013Jaunsaule\u2013Skaistkalne atjauno\u0161ana 2,38 kilometru garum\u0101, savuk\u0101rt no Eiropas Savien\u012bbas (ES) Atvese\u013co\u0161anas fonda un valsts bud\u017eeta pl\u0101not\u0101 finans\u0113juma 2022.\u20132024. gadam pl\u0101nots p\u0101rb\u016bv\u0113t autoce\u013cu Bauska\u2013Linde 2,98 km garum\u0101 un autoce\u013cu P\u0101rslas\u2013Misa\u2013\u0160arlotes 10 kilometru garum\u0101.<\/p>\n\n\n\n<p>T\u0101pat VARAM atbalst\u012bjusi vair\u0101kus Bauskas novada pa\u0161vald\u012bbas invest\u012bciju projektus valsts aizdevumu pie\u0161\u0137ir\u0161anai \u0101rk\u0101rt\u0113j\u0101s situ\u0101cijas ietekmes mazin\u0101\u0161anai un nov\u0113r\u0161anai saist\u012bb\u0101 ar Covid-19 izplat\u012bbu, kas v\u0113rsti uz transporta infrastrukt\u016bru:<\/p>\n\n\n\n<ul><li>2020. gad\u0101: Pa\u0161vald\u012bbas autoce\u013ca A3 &#8220;Pilsrund\u0101le\u2013Dzirnavu pietura&#8221; posma p\u0101rb\u016bve, Seguma mai\u0146a Zemga\u013cu ielas posmam no Skolas ielas l\u012bdz Lauku ielai un Lauku ielai Bauskas pils\u0113t\u0101;<\/li><li>2021. gad\u0101: P\u0101rupes ielas p\u0101rb\u016bve Bausk\u0101, Autoce\u013ca \u201cV1040\u2013Ro\u0146i\u2013T\u0101mas\u2013Renceles\u2013A7\u201d p\u0101rb\u016bves 2. k\u0101rta, k\u0101 ar\u012b Ceri\u0146u ielas p\u0101rb\u016bve Vecumniekos un Sporta un Strauta ielu p\u0101rb\u016bve Skaistkaln\u0113.<\/li><\/ul>\n\n\n\n<p>Ar\u012b \u0161ogad pa\u0161vald\u012bb\u0101m ir iesp\u0113ja pieteikties k\u0101dai no VARAM atbalsta programm\u0101m iedz\u012bvot\u0101jiem un novada att\u012bst\u012bbai b\u016btisku projektu realiz\u0113\u0161anai, tai skait\u0101 ce\u013cu t\u012bkla labiek\u0101rto\u0161anai.<\/p>\n","protected":false},"excerpt":{"rendered":"<p>2022. gada 13. apr\u012blis, Bauska \u2013 Vides aizsardz\u012bbas un re\u0123ion\u0101l\u0101s att\u012bst\u012bbas ministrs Art\u016brs Toms Ple\u0161s (AP!) piedal\u0101s Bauskas novada pa\u0161vald\u012bbas r\u012bkotaj\u0101 konferenc\u0113 \u201cK\u0101 (iz)dz\u012bvosim l\u012bdz Bauskas apvedce\u013cam?\u201d, lai aktualiz\u0113tu ar Bauskas un Iecavas apvedce\u013ca izb\u016bvi saist\u012bto jaut\u0101jumu virz\u012bbu. Konferences laik\u0101 paredz\u0113ta ar\u012b diskusija par iesp\u0113jamiem \u012bstermi\u0146a risin\u0101jumiem A7 tranz\u012bta ietekmes mazin\u0101\u0161anai ab\u0101s pils\u0113t\u0101s.<\/p>\n","protected":false},"author":1938,"featured_media":17558,"comment_status":"closed","ping_status":"open","sticky":false,"template":"","format":"standard","meta":{"footnotes":""},"categories":[233],"tags":[],"_links":{"self":[{"href":"https:\/\/zurnalsiepirkumi.lv\/index.php?rest_route=\/wp\/v2\/posts\/17559"}],"collection":[{"href":"https:\/\/zurnalsiepirkumi.lv\/index.php?rest_route=\/wp\/v2\/posts"}],"about":[{"href":"https:\/\/zurnalsiepirkumi.lv\/index.php?rest_route=\/wp\/v2\/types\/post"}],"author":[{"embeddable":true,"href":"https:\/\/zurnalsiepirkumi.lv\/index.php?rest_route=\/wp\/v2\/users\/1938"}],"replies":[{"embeddable":true,"href":"https:\/\/zurnalsiepirkumi.lv\/index.php?rest_route=%2Fwp%2Fv2%2Fcomments&post=17559"}],"version-history":[{"count":1,"href":"https:\/\/zurnalsiepirkumi.lv\/index.php?rest_route=\/wp\/v2\/posts\/17559\/revisions"}],"predecessor-version":[{"id":17560,"href":"https:\/\/zurnalsiepirkumi.lv\/index.php?rest_route=\/wp\/v2\/posts\/17559\/revisions\/17560"}],"wp:featuredmedia":[{"embeddable":true,"href":"https:\/\/zurnalsiepirkumi.lv\/index.php?rest_route=\/wp\/v2\/media\/17558"}],"wp:attachment":[{"href":"https:\/\/zurnalsiepirkumi.lv\/index.php?rest_route=%2Fwp%2Fv2%2Fmedia&parent=17559"}],"wp:term":[{"taxonomy":"category","embeddable":true,"href":"https:\/\/zurnalsiepirkumi.lv\/index.php?rest_route=%2Fwp%2Fv2%2Fcategories&post=17559"},{"taxonomy":"post_tag","embeddable":true,"href":"https:\/\/zurnalsiepirkumi.lv\/index.php?rest_route=%2Fwp%2Fv2%2Ftags&post=17559"}],"curies":[{"name":"wp","href":"https:\/\/api.w.org\/{rel}","templated":true}]}}