{"id":17369,"date":"2022-03-17T11:48:43","date_gmt":"2022-03-17T09:48:43","guid":{"rendered":"https:\/\/zurnalsiepirkumi.lv\/?p=17369"},"modified":"2022-03-17T11:48:43","modified_gmt":"2022-03-17T09:48:43","slug":"zalais-kurss-ir-vitala-nepieciesamiba-eiropas-energetiskajai-neatkaribai","status":"publish","type":"post","link":"https:\/\/zurnalsiepirkumi.lv\/?p=17369","title":{"rendered":"Za\u013cais kurss ir vit\u0101la nepiecie\u0161am\u012bba Eiropas ener\u0123\u0113tiskajai neatkar\u012bbai"},"content":{"rendered":"\n<p>Vides aizsardz\u012bbas un re\u0123ion\u0101l\u0101s att\u012bst\u012bbas ministrs un ministrijas (VARAM) p\u0101rst\u0101vji\u00a0 17. mart\u0101 piedal\u0101s Eiropas Savien\u012bbas (ES) Vides ministru padomes san\u0101ksm\u0113, kur\u0101 lems un p\u0101rrun\u0101s priorit\u0101tes vides jom\u0101 \u2013 virz\u012bbu uz klimatneitr\u0101lu ekonomiku, ilgtsp\u0113j\u012bgu resursu izmanto\u0161anu, p\u0101reju uz aprites ekonomiku un jaut\u0101jumus, kas nodro\u0161ina r\u016bpes par vidi.<\/p>\n\n\n\n<p>Padomes san\u0101ksm\u0113 tiks turpin\u0101tas diskusijas par 2021. gada 14. j\u016blij\u0101 public\u0113to ties\u012bbu aktu priek\u0161likumu pakotni \u201cGatavi m\u0113r\u0137r\u0101d\u012bt\u0101jam 55 %\u201d jeb \u201cFitfor 55\u201d. VARAM uzskata, ka l\u012bdz \u0161im paveikts noz\u012bm\u012bgs darbs tehnisk\u0101 l\u012bmen\u012b, lai izskat\u012btu ties\u012bbu aktu priek\u0161likumus un virz\u012btos uz kompromisiem. Tom\u0113r joproj\u0101m ir virkne politisku un tehnisku jaut\u0101jumu, pie kuriem darbs ir j\u0101turpina, lai sasniegtu iez\u012bm\u0113to m\u0113r\u0137i &#8211; pan\u0101kt, ka ES l\u012bdz 2050. gadam k\u013c\u016bst klimatneitr\u0101la. ES ties\u012bbu akti ir j\u0101piel\u0101go, lai za\u013co p\u0101rk\u0101rto\u0161anos padar\u012btu par realit\u0101ti.<\/p>\n\n\n\n<p>Ministrs Art\u016brs Toms Ple\u0161s: \u201cSadarb\u012bb\u0101 ar partneriem Eiropas Savien\u012bb\u0101 ir j\u0101sper arvien ambicioz\u0101ki so\u013ci, lai k\u0101pin\u0101tu atjaunojamo energoresursu jaudas, celtu energoefektivit\u0101ti vis\u0101s tautsaimniec\u012bbas nozar\u0113s un virz\u012btos prom no fosil\u0101 kurin\u0101m\u0101 izmanto\u0161anas gan m\u0101jsaimniec\u012bb\u0101s, gan komercsektor\u0101.&nbsp; Jau iepriek\u0161 esmu teicis, ka Za\u013cais kurss ir vit\u0101la nepiecie\u0161am\u012bba, un \u0161obr\u012bd, kad k\u0101 Latvija, t\u0101 visa Eiropa tiecas sekm\u0113t ener\u0123\u0113tisko neatkar\u012bbu no tre\u0161aj\u0101m valst\u012bm, rea\u0123\u0113jot uz Krievijas izv\u0113rsto karu Ukrain\u0101, virz\u012bba uz ilgtsp\u0113j\u012bgiem risin\u0101jumiem ir ne vien att\u012bst\u012bbas, bet ar\u012b dro\u0161\u012bbas garants.\u201d<\/p>\n\n\n\n<p>K\u0101 inform\u0113ts iepriek\u0161, pakete \u201cGatavi m\u0113r\u0137r\u0101d\u012bt\u0101jam 55%\u201d ir jaunu ties\u012bbas aktu priek\u0161likumu un sp\u0113k\u0101 eso\u0161o ES ties\u012bbu aktu groz\u012bjumu kopums, kas pal\u012bdz\u0113s ES samazin\u0101t t\u0101s siltumn\u012bcefekta g\u0101zu neto emisijas vismas par 55% sal\u012bdzin\u0101jum\u0101 ar 1990. gada l\u012bmeni.<\/p>\n\n\n\n<p>Svar\u012bgs darba k\u0101rt\u012bbas punkts ir par baterij\u0101m un bateriju atkritumiem, pan\u0101kot vides ministru vieno\u0161anos par visp\u0101r\u0113ju pieeju attiec\u012bb\u0101 uz jaunu regulu par baterij\u0101m un to atkritumiem. \u0145emot v\u0113r\u0101, ka baterijas ir noz\u012bm\u012bgs elements p\u0101rej\u0101 uz t\u012bru ener\u0123iju un paredzot, ka tuv\u0101kajos gados piepras\u012bjums p\u0113c baterij\u0101m augs, regulas m\u0113r\u0137is ir savlaic\u012bgi pl\u0101not un samazin\u0101t bateriju ietekmi uz vidi visos to aprites cikla posmos \u2013 no materi\u0101lu ieguves l\u012bdz ra\u017eo\u0161anai, lieto\u0161anai, sav\u0101k\u0161anai, recikl\u0113\u0161anai un apglab\u0101\u0161anai. Baterijas ir uzskat\u0101mas par vienu no galvenajiem faktoriem, kas pal\u012bdz\u0113s p\u0101rk\u0101rtoties uz ilgtsp\u0113j\u012bgu att\u012bst\u012bbu, za\u013co mobilit\u0101ti, t\u012bru ener\u0123iju un klimatneitralit\u0101ti.<\/p>\n\n\n\n<p>Padomes san\u0101ksm\u0113 tiks spriests ar\u012b par atme\u017eo\u0161anas politikas jaut\u0101jumiem, veicinot t\u0101du produktu importu, kuri neizraisa atme\u017eo\u0161anu un me\u017eu degrad\u0101ciju pasaul\u0113, k\u0101 ar\u012b notiks viedok\u013cu apmai\u0146a par Eiropas Semestra za\u013cin\u0101\u0161anu.<\/p>\n","protected":false},"excerpt":{"rendered":"<p>Vides aizsardz\u012bbas un re\u0123ion\u0101l\u0101s att\u012bst\u012bbas ministrs un ministrijas (VARAM) p\u0101rst\u0101vji\u00a0 17. mart\u0101 piedal\u0101s Eiropas Savien\u012bbas (ES) Vides ministru padomes san\u0101ksm\u0113, kur\u0101 lems un p\u0101rrun\u0101s priorit\u0101tes vides jom\u0101 \u2013 virz\u012bbu uz klimatneitr\u0101lu ekonomiku, ilgtsp\u0113j\u012bgu resursu izmanto\u0161anu, p\u0101reju uz aprites ekonomiku un jaut\u0101jumus, kas nodro\u0161ina r\u016bpes par vidi.<\/p>\n","protected":false},"author":1938,"featured_media":17368,"comment_status":"closed","ping_status":"open","sticky":false,"template":"","format":"standard","meta":{"footnotes":""},"categories":[22,418,50],"tags":[],"_links":{"self":[{"href":"https:\/\/zurnalsiepirkumi.lv\/index.php?rest_route=\/wp\/v2\/posts\/17369"}],"collection":[{"href":"https:\/\/zurnalsiepirkumi.lv\/index.php?rest_route=\/wp\/v2\/posts"}],"about":[{"href":"https:\/\/zurnalsiepirkumi.lv\/index.php?rest_route=\/wp\/v2\/types\/post"}],"author":[{"embeddable":true,"href":"https:\/\/zurnalsiepirkumi.lv\/index.php?rest_route=\/wp\/v2\/users\/1938"}],"replies":[{"embeddable":true,"href":"https:\/\/zurnalsiepirkumi.lv\/index.php?rest_route=%2Fwp%2Fv2%2Fcomments&post=17369"}],"version-history":[{"count":1,"href":"https:\/\/zurnalsiepirkumi.lv\/index.php?rest_route=\/wp\/v2\/posts\/17369\/revisions"}],"predecessor-version":[{"id":17370,"href":"https:\/\/zurnalsiepirkumi.lv\/index.php?rest_route=\/wp\/v2\/posts\/17369\/revisions\/17370"}],"wp:featuredmedia":[{"embeddable":true,"href":"https:\/\/zurnalsiepirkumi.lv\/index.php?rest_route=\/wp\/v2\/media\/17368"}],"wp:attachment":[{"href":"https:\/\/zurnalsiepirkumi.lv\/index.php?rest_route=%2Fwp%2Fv2%2Fmedia&parent=17369"}],"wp:term":[{"taxonomy":"category","embeddable":true,"href":"https:\/\/zurnalsiepirkumi.lv\/index.php?rest_route=%2Fwp%2Fv2%2Fcategories&post=17369"},{"taxonomy":"post_tag","embeddable":true,"href":"https:\/\/zurnalsiepirkumi.lv\/index.php?rest_route=%2Fwp%2Fv2%2Ftags&post=17369"}],"curies":[{"name":"wp","href":"https:\/\/api.w.org\/{rel}","templated":true}]}}