{"id":17026,"date":"2022-02-10T12:03:03","date_gmt":"2022-02-10T10:03:03","guid":{"rendered":"https:\/\/zurnalsiepirkumi.lv\/?p=17026"},"modified":"2022-02-10T12:03:03","modified_gmt":"2022-02-10T10:03:03","slug":"finansu-ministrs-paraksta-deklaraciju-par-eiropas-meroga-tehnologiju-uznemumu-finansesanas-fonda-scale-up-europe-iniciativu","status":"publish","type":"post","link":"https:\/\/zurnalsiepirkumi.lv\/?p=17026","title":{"rendered":"Finan\u0161u ministrs paraksta deklar\u0101ciju par Eiropas m\u0113roga tehnolo\u0123iju uz\u0146\u0113mumu finans\u0113\u0161anas fonda \u201cScale-Up Europe\u201d iniciat\u012bvu"},"content":{"rendered":"\n<p>Otrdienas, 8. febru\u0101ra, vakar\u0101 finan\u0161u ministrs J\u0101nis Reirs parakst\u012bja kop\u012bgu dal\u012bbvalstu deklar\u0101ciju par Eiropas m\u0113roga invest\u012bciju fonda \u201cScale-Up Europe\u201d izveidi, lai veicin\u0101tu ieguld\u012bjumus straujai izaugsmei gatavos jaunuz\u0146\u0113mumos. \u00a0<\/p>\n\n\n\n<p>\u201cFinans\u0113juma pieejam\u012bba un kapit\u0101la tirgus att\u012bst\u012bba uz\u0146\u0113m\u0113jdarb\u012bbas izaugsmes pa\u0101trin\u0101\u0161anai Latvij\u0101 ir \u013coti aktu\u0101la t\u0113ma, t\u0101d\u0113\u013c m\u016bsu valsts atbalsta iniciat\u012bvu par Eiropas m\u0113roga fonda izveidi ar kapit\u0101lu 10 miljardu eiro apm\u0113r\u0101. Tas palielin\u0101s piek\u013cuvi finans\u0113jumam\u00a0un veicin\u0101s inovat\u012bvu tehnolo\u0123iju uz\u0146\u0113mumu izaugsmi Eirop\u0101 un Latvij\u0101,\u201d\u00a0atzina finan\u0161u ministrs J\u0101nis Reirs.<\/p>\n\n\n\n<p>\u201cScale-up Europe\u201d fonds veiks ieguld\u012bjumus dal\u012bbvalstu nacion\u0101lajos fondos, kas tie\u0161i ieguld\u012btu uz\u0146\u0113mumu s\u0101kotn\u0113jos publiskajos pied\u0101v\u0101jumos, kad tiek pied\u0101v\u0101tas akcijas priv\u0101tajiem investoriem bir\u017e\u0101. \u0160\u0101di atbalstot priv\u0101to invest\u012bciju piesaisti, fonda izveide stiprin\u0101s kop\u0113jo finan\u0161u ekosist\u0113mu.&nbsp; Eiropas m\u0113rog\u0101 un ar\u012b Latvij\u0101 ir konstat\u0113ta finan\u0161u tirgus nepiln\u012bba, uz\u0146\u0113mumiem saskaroties ar gr\u016bt\u012bb\u0101m piesaist\u012bt institucion\u0101los investorus (bankas, ieguld\u012bjumu fondi, pensiju fondi). L\u012bdz ar to ir kav\u0113ta uz\u0146\u0113mumu izaugsme un p\u0101reja no priv\u0101t\u0101 kapit\u0101la uz bir\u017eas m\u0113rogu. Dal\u012bbvalstu fondi ir izveidoti vair\u0101k\u0101s Eiropas Savien\u012bbas valst\u012bs, piem\u0113ram Somij\u0101, \u010cehij\u0101, Ung\u0101rij\u0101 un ar\u012b citur pasaul\u0113, piem\u0113ram, ASV.<\/p>\n\n\n\n<p>Francijas prezident\u016bras rosin\u0101t\u0101 deklar\u0101cija ir starta \u0161\u0101viens, un pl\u0101nots, ka l\u012bdz \u0161\u012b gada septembra beig\u0101m b\u016bs iez\u012bm\u0113tas skaidr\u0101kas \u201cScale-Up Europe\u201d fonda aprises, pan\u0101kot vieno\u0161an\u0101s par fonda p\u0101rvald\u012bbu, (finan\u0161u) iemaks\u0101m un operacion\u0101l\u0101m deta\u013c\u0101m.<\/p>\n\n\n\n<p>\u0160\u0101da veida fonds ir interesants Latvijai \u2013 tas atbilst m\u016bsu iestr\u0101d\u0113m par Baltijas m\u0113roga fonda izveidi un potenci\u0101li var\u0113tu ieguld\u012bt l\u012bdzek\u013cus Baltijas fond\u0101. Ministru kabinets 2021. gada 24. august\u0101 izskat\u012bja informat\u012bvo zi\u0146ojumu \u201cPar Baltijas mazo un vid\u0113jo uz\u0146\u0113mumu s\u0101kotn\u0113j\u0101 publisk\u0101 pied\u0101v\u0101juma fonda izveidi\u201d.<\/p>\n\n\n\n<p>Deklar\u0101cijas parakst\u012b\u0161ana ir noz\u012bm\u012bgs solis ce\u013c\u0101 uz dinamisk\u0101ku Eiropas jaunuz\u0146\u0113mumu un tehnolo\u0123iju uz\u0146\u0113mumu ekosist\u0113mu, un \u0161\u012b iniciat\u012bva \u013caus palielin\u0101t Eiropas ekonomikas un tehnolo\u0123iju uz\u0146\u0113mumu konkur\u0113tsp\u0113ju pasaul\u0113.<\/p>\n\n\n\n<p>Deklar\u0101ciju parakst\u012bja 16 dal\u012bbvalstu \u2013 Francijas, D\u0101nijas, V\u0101cijas, Igaunijas, Grie\u0137ijas, Sp\u0101nijas, It\u0101lijas, Latvijas, Lietuvas, Luksemburgas, N\u012bderlandes, Austrijas, Portug\u0101les, Rum\u0101nijas, Somijas un Zviedrijas \u2013 ministri.<\/p>\n","protected":false},"excerpt":{"rendered":"<p>Otrdienas, 8. febru\u0101ra, vakar\u0101 finan\u0161u ministrs J\u0101nis Reirs parakst\u012bja kop\u012bgu dal\u012bbvalstu deklar\u0101ciju par Eiropas m\u0113roga invest\u012bciju fonda \u201cScale-Up Europe\u201d izveidi, lai veicin\u0101tu ieguld\u012bjumus straujai izaugsmei gatavos jaunuz\u0146\u0113mumos.<\/p>\n","protected":false},"author":1938,"featured_media":17024,"comment_status":"closed","ping_status":"open","sticky":false,"template":"","format":"standard","meta":{"footnotes":""},"categories":[44,47],"tags":[],"_links":{"self":[{"href":"https:\/\/zurnalsiepirkumi.lv\/index.php?rest_route=\/wp\/v2\/posts\/17026"}],"collection":[{"href":"https:\/\/zurnalsiepirkumi.lv\/index.php?rest_route=\/wp\/v2\/posts"}],"about":[{"href":"https:\/\/zurnalsiepirkumi.lv\/index.php?rest_route=\/wp\/v2\/types\/post"}],"author":[{"embeddable":true,"href":"https:\/\/zurnalsiepirkumi.lv\/index.php?rest_route=\/wp\/v2\/users\/1938"}],"replies":[{"embeddable":true,"href":"https:\/\/zurnalsiepirkumi.lv\/index.php?rest_route=%2Fwp%2Fv2%2Fcomments&post=17026"}],"version-history":[{"count":1,"href":"https:\/\/zurnalsiepirkumi.lv\/index.php?rest_route=\/wp\/v2\/posts\/17026\/revisions"}],"predecessor-version":[{"id":17027,"href":"https:\/\/zurnalsiepirkumi.lv\/index.php?rest_route=\/wp\/v2\/posts\/17026\/revisions\/17027"}],"wp:featuredmedia":[{"embeddable":true,"href":"https:\/\/zurnalsiepirkumi.lv\/index.php?rest_route=\/wp\/v2\/media\/17024"}],"wp:attachment":[{"href":"https:\/\/zurnalsiepirkumi.lv\/index.php?rest_route=%2Fwp%2Fv2%2Fmedia&parent=17026"}],"wp:term":[{"taxonomy":"category","embeddable":true,"href":"https:\/\/zurnalsiepirkumi.lv\/index.php?rest_route=%2Fwp%2Fv2%2Fcategories&post=17026"},{"taxonomy":"post_tag","embeddable":true,"href":"https:\/\/zurnalsiepirkumi.lv\/index.php?rest_route=%2Fwp%2Fv2%2Ftags&post=17026"}],"curies":[{"name":"wp","href":"https:\/\/api.w.org\/{rel}","templated":true}]}}