{"id":16897,"date":"2022-01-26T17:05:53","date_gmt":"2022-01-26T15:05:53","guid":{"rendered":"https:\/\/zurnalsiepirkumi.lv\/?p=16897"},"modified":"2022-01-26T17:05:53","modified_gmt":"2022-01-26T15:05:53","slug":"atskatas-uz-kurzemes-planosanas-regiona-paveikto-un-parruna-ieceres-2022-gadam","status":"publish","type":"post","link":"https:\/\/zurnalsiepirkumi.lv\/?p=16897","title":{"rendered":"Atskat\u0101s uz Kurzemes pl\u0101no\u0161anas re\u0123iona paveikto un p\u0101rrun\u0101 ieceres 2022.gadam"},"content":{"rendered":"\n<p>\u0160odien, 26.janv\u0101r\u012b, uz \u0161\u012b gada pirmo s\u0113di att\u0101lin\u0101ti pulc\u0113j\u0101s Kurzemes pl\u0101no\u0161anas re\u0123iona Att\u012bst\u012bbas padome, lai atskat\u012btos uz re\u0123iona paveikto 2021.gad\u0101 un p\u0101rrun\u0101tu pl\u0101noto 2022.gadam. S\u0113d\u0113 Kurzemes pa\u0161vald\u012bbu vad\u012bt\u0101ji un vad\u012bt\u0101ju vietnieki atzin\u012bgi nov\u0113rt\u0113ja Kurzemes pl\u0101no\u0161anas re\u0123iona administr\u0101cijas darbu gan tam uztic\u0113to funkciju izpild\u0113, gan finan\u0161u piesaist\u0113, \u012bstenojot projektus Kurzemes att\u012bst\u012bbas veicin\u0101\u0161anai, k\u0101 ar\u012b apstiprin\u0101ja pl\u0101notos darbus un finans\u0113juma izlietojumu 2022.gadam.<\/p>\n\n\n\n<p>Kurzemes pl\u0101no\u0161anas re\u0123ions 2021.gad\u0101 turpin\u0101jis akt\u012bvu savu funkciju \u012bsteno\u0161anu re\u0123iona att\u012bst\u012bbas pl\u0101no\u0161an\u0101, uz\u0146\u0113m\u0113jdarb\u012bbas veicin\u0101\u0161an\u0101, re\u0123ion\u0101lu projektu inici\u0113\u0161an\u0101 un \u012bsteno\u0161an\u0101, l\u012bdzdarbojies sabiedrisk\u0101 transporta organiz\u0113\u0161an\u0101, turpin\u0101jis remigr\u0101cijas veicin\u0101\u0161anu, k\u0101 ar\u012b \u012bstenojis da\u017e\u0101das br\u012bvpr\u0101t\u012bgas iniciat\u012bvas, piem\u0113ram pieaugu\u0161o izgl\u012bt\u012bbas t\u012bkla att\u012bst\u012bbu Kurzem\u0113 un Kurzemes kult\u016bras programmu. \u00a0<\/p>\n\n\n\n<p>Pl\u0101no\u0161anas jom\u0101 \u0161ogad turpin\u0101sies darbs pie Kurzemes pl\u0101no\u0161anas re\u0123iona Att\u012bst\u012bbas programmas 2021.-2027.gadam gala redakcijas sagatavo\u0161anas, k\u0101 ar\u012b Re\u0123iona Ilgtsp\u0113j\u012bgas att\u012bst\u012bbas strat\u0113\u0123ijas 2015.-2030.gadam aktualiz\u0113t\u0101s redakcijas apstiprin\u0101\u0161anas. 2021.gad\u0101 sagatavota Att\u012bst\u012bbas programmas 2.redakcija un organiz\u0113ta publisk\u0101 apsprie\u0161ana, g\u016bstot v\u0113rt\u012bgus priek\u0161likumus un ierosin\u0101jumus, kas \u0161obr\u012bd tiek iestr\u0101d\u0101ti dokument\u0101. Kurzemes pl\u0101no\u0161anas re\u0123ions turpin\u0101s ar\u012b sniegt atbalstu da\u017e\u0101du pa\u0161vald\u012bbu pl\u0101no\u0161anas dokumentu izstr\u0101d\u0113, veicot to caurskat\u012b\u0161anu un sniedzot priek\u0161likumus, k\u0101 ar\u012b savas kompetences ietvaros akt\u012bvi l\u012bdzdarbosies nacion\u0101la un viet\u0113ja l\u012bme\u0146a att\u012bst\u012bbas pl\u0101no\u0161anas dokumentu izstr\u0101d\u0113.<\/p>\n\n\n\n<p>Uz\u0146\u0113m\u0113ju atbalstam Kurzemes pl\u0101no\u0161anas re\u0123iona Uz\u0146\u0113m\u0113jdarb\u012bbas centrs p\u0113rn sniedzis inform\u0101ciju un konsult\u0101cijas, organiz\u0113jis izgl\u012btojo\u0161us semin\u0101rus gan uz\u0146\u0113m\u0113jiem, gan pa\u0161vald\u012bbu uz\u0146\u0113m\u0113jdarb\u012bbas atbalsta speci\u0101listiem, k\u0101 ar\u012b ar dal\u012bbu izst\u0101d\u0113s un ar da\u017e\u0101du atbalsta pas\u0101kumu un projektu \u012bsteno\u0161anu veicin\u0101jis Kurzemes uz\u0146\u0113m\u0113ju atpaz\u012bstam\u012bbu un konkur\u0113tsp\u0113ju. Ar\u012b \u0161ogad uz\u0146\u0113m\u0113jiem ir iesp\u0113ja sa\u0146emt konsult\u0101cijas un atbalstu Kurzemes pl\u0101no\u0161anas re\u0123iona Uz\u0146\u0113m\u0113jdarb\u012bbas centr\u0101 da\u017e\u0101du aktivit\u0101\u0161u form\u0101.<\/p>\n\n\n\n<p>Sabiedrisk\u0101 transporta jom\u0101 \u0161aj\u0101 gad\u0101 turpin\u0101sies darbs pie pieturvietu apseko\u0161anas un uzraudz\u012bbas, mar\u0161rutu apseko\u0161anas, uzklausot pa\u0161vald\u012bbu un iedz\u012bvot\u0101ju viedok\u013cus par mar\u0161rutu t\u012bklu un taj\u0101 veicamaj\u0101m izmai\u0146\u0101m, k\u0101 ar\u012b priek\u0161likumu izstr\u0101d\u0101\u0161anas re\u0123ion\u0101l\u0101s noz\u012bmes mar\u0161rutu groz\u012b\u0161anai un mar\u0161rutu t\u012bkla funkcionalit\u0101tes uzlabo\u0161anai. P\u0113rn apsekotas 538 pieturvietas, veiktas daudzas nepiecie\u0161amas izmai\u0146as re\u0123ion\u0101lo autobusu mar\u0161rutos, k\u0101 ar\u012b izmai\u0146as vilciena kust\u012bbas sarakstos. 2021.gad\u0101 Kurzemes pl\u0101no\u0161anas re\u0123ions vid\u0113ji m\u0113nes\u012b izsniedzis aptuveni 11 at\u013cauju jeb licences karti\u0146u pasa\u017eieru komercp\u0101rvad\u0101jumiem, kopum\u0101 Kurzemes pl\u0101no\u0161anas re\u0123iona teritorij\u0101 &nbsp;p\u0113rnaj\u0101 gad\u0101 bija 22 sp\u0113k\u0101 eso\u0161as speci\u0101l\u0101s at\u013caujas pasa\u017eieru komercp\u0101rvad\u0101jumiem ar taksometru.<\/p>\n\n\n\n<p>2021.gad\u0101 Kurzemes pl\u0101no\u0161anas re\u0123ions \u012bstenojis vai piedal\u012bjies kopum\u0101 13 re\u0123ion\u0101lu projektu ievie\u0161an\u0101 t\u0101d\u0101s re\u0123ionam noz\u012bm\u012bg\u0101s jom\u0101s k\u0101 t\u016brisms, soci\u0101l\u0101 joma, atbalsts uz\u0146\u0113m\u0113jiem, vides aizsardz\u012bba, att\u012bst\u012bbas pl\u0101no\u0161ana un cit\u0101s. 2022.gad\u0101 iecer\u0113ts turpin\u0101t 11 da\u017e\u0101du projektu \u012bsteno\u0161anu Kurzemes re\u0123iona att\u012bst\u012bbas veicin\u0101\u0161anai da\u017e\u0101d\u0101s Eiropas Savien\u012bbas un cit\u0101s programm\u0101s. T\u0101pat Kurzemes pl\u0101no\u0161anas re\u0123ions ar\u012b turpin\u0101s inform\u0113t pa\u0161vald\u012bbas par da\u017e\u0101d\u0101m atbalsta iesp\u0113j\u0101m Eiropas Savien\u012bbas fondu un cita finans\u0113juma piesaist\u0113.<\/p>\n\n\n\n<p>Remigr\u0101cijas jom\u0101 turpin\u0101ta sazi\u0146a ar remigrantiem un individualiz\u0113tu pied\u0101v\u0101jumu sagatavo\u0161ana, k\u0101 ar\u012b \u012bstenotas da\u017e\u0101das aktivit\u0101tes un pas\u0101kumi gan remigrantiem, gan pa\u0161vald\u012bb\u0101m, lai var\u0113tu sniegt lab\u0101ko atbalstu cilv\u0113kiem, kuri izl\u0113mu\u0161i atgriezties uz dz\u012bvi Kurzem\u0113. Savuk\u0101rt pieaugu\u0161o izgl\u012bt\u012bbas jom\u0101 turpin\u0101ts darbs ar pa\u0161vald\u012bbu pieaugu\u0161o izgl\u012bt\u012bbas koordinatoriem, veicinot sadarb\u012bbas att\u012bst\u012bbu Kurzem\u0113. Ar\u012b 2022.gad\u0101 ab\u0101s \u0161aj\u0101s jom\u0101s turpin\u0101sies akt\u012bvs darbs, gan ikdien\u0101 sniedzot nepiecie\u0161amo atbalstu, gan ar\u012b organiz\u0113jot da\u017e\u0101dus semin\u0101rus un pas\u0101kumus aktu\u0101lo jaut\u0101jumu risin\u0101\u0161anai.<\/p>\n\n\n\n<p>Kurzemes kult\u016bras programmas ietvaros 2021.gad\u0101 kopum\u0101 tika \u012bstenoti 54 projekti da\u017e\u0101d\u0101s kult\u016bras nozar\u0113s, kuru aktivit\u0101tes p\u0101rkl\u0101ja visu Kurzemes re\u0123ionu. Ar\u012b \u0161ogad, lai veicin\u0101tu kult\u016bras pieejam\u012bbu sabiedr\u012bbai, Kurzemes pl\u0101no\u0161anas re\u0123ions \u012bstenos Kurzemes kult\u016bras programmu. Jau ir s\u0101kusies jaun\u0101s programmas 2022.gadam izstr\u0101de, lai jau dr\u012bzum\u0101 var\u0113tu izsludin\u0101t konkursu kult\u016bras projektu atbalstam Kurzemes re\u0123ion\u0101.<\/p>\n\n\n\n<p>Kurzemes pl\u0101no\u0161anas re\u0123iona Att\u012bst\u012bbas padomes 2022.gada 26. janv\u0101ra s\u0113des darba k\u0101rt\u012bba un citi dokumenti pieejami\u00a0<a rel=\"noreferrer noopener\" href=\"https:\/\/www.kurzemesregions.lv\/26-janvari-attalinati-notiks-kurzemes-planosanas-regiona-attistibas-padomes-sede\/\" target=\"_blank\">tie\u0161saist\u0113<\/a>.<\/p>\n\n\n\n<h3 class=\"wp-block-heading\"><strong>Par Kurzemes pl\u0101no\u0161anas re\u0123ionu<\/strong><\/h3>\n\n\n\n<p>Kurzemes pl\u0101no\u0161anas re\u0123ions ir viens no pieciem pl\u0101no\u0161anas re\u0123ioniem, kas izveidots 2006. gada j\u016bnij\u0101 ar m\u0113r\u0137i \u2013 nodro\u0161in\u0101t re\u0123iona att\u012bst\u012bbas pl\u0101no\u0161anu, koordin\u0101ciju, pa\u0161vald\u012bbu un citu valsts p\u0101rvaldes iest\u0101\u017eu sadarb\u012bbu. To veido 8 pa\u0161vald\u012bbas&nbsp; &#8211; 2 valstspils\u0113tas &#8211; Liep\u0101ja un Ventspils &#8211; un 6 novadi &#8211; Dienvidkurzemes, Kuld\u012bgas, Saldus, Talsu, Tukuma un Ventspils novads.<\/p>\n","protected":false},"excerpt":{"rendered":"<p>\u0160odien, 26.janv\u0101r\u012b, uz \u0161\u012b gada pirmo s\u0113di att\u0101lin\u0101ti pulc\u0113j\u0101s Kurzemes pl\u0101no\u0161anas re\u0123iona Att\u012bst\u012bbas padome, lai atskat\u012btos uz re\u0123iona paveikto 2021.gad\u0101 un p\u0101rrun\u0101tu pl\u0101noto 2022.gadam.<\/p>\n","protected":false},"author":1936,"featured_media":16899,"comment_status":"closed","ping_status":"closed","sticky":false,"template":"","format":"standard","meta":{"footnotes":""},"categories":[23,120,95],"tags":[],"_links":{"self":[{"href":"https:\/\/zurnalsiepirkumi.lv\/index.php?rest_route=\/wp\/v2\/posts\/16897"}],"collection":[{"href":"https:\/\/zurnalsiepirkumi.lv\/index.php?rest_route=\/wp\/v2\/posts"}],"about":[{"href":"https:\/\/zurnalsiepirkumi.lv\/index.php?rest_route=\/wp\/v2\/types\/post"}],"author":[{"embeddable":true,"href":"https:\/\/zurnalsiepirkumi.lv\/index.php?rest_route=\/wp\/v2\/users\/1936"}],"replies":[{"embeddable":true,"href":"https:\/\/zurnalsiepirkumi.lv\/index.php?rest_route=%2Fwp%2Fv2%2Fcomments&post=16897"}],"version-history":[{"count":2,"href":"https:\/\/zurnalsiepirkumi.lv\/index.php?rest_route=\/wp\/v2\/posts\/16897\/revisions"}],"predecessor-version":[{"id":16900,"href":"https:\/\/zurnalsiepirkumi.lv\/index.php?rest_route=\/wp\/v2\/posts\/16897\/revisions\/16900"}],"wp:featuredmedia":[{"embeddable":true,"href":"https:\/\/zurnalsiepirkumi.lv\/index.php?rest_route=\/wp\/v2\/media\/16899"}],"wp:attachment":[{"href":"https:\/\/zurnalsiepirkumi.lv\/index.php?rest_route=%2Fwp%2Fv2%2Fmedia&parent=16897"}],"wp:term":[{"taxonomy":"category","embeddable":true,"href":"https:\/\/zurnalsiepirkumi.lv\/index.php?rest_route=%2Fwp%2Fv2%2Fcategories&post=16897"},{"taxonomy":"post_tag","embeddable":true,"href":"https:\/\/zurnalsiepirkumi.lv\/index.php?rest_route=%2Fwp%2Fv2%2Ftags&post=16897"}],"curies":[{"name":"wp","href":"https:\/\/api.w.org\/{rel}","templated":true}]}}