{"id":16573,"date":"2021-12-17T14:24:24","date_gmt":"2021-12-17T12:24:24","guid":{"rendered":"https:\/\/zurnalsiepirkumi.lv\/?p=16573"},"modified":"2021-12-17T14:42:59","modified_gmt":"2021-12-17T12:42:59","slug":"par-svarigako-veikumu-aizvaditaja-gada-pless-uzskata-pasvaldibu-reformu-klimata-merkus-un-depozita-sistemu","status":"publish","type":"post","link":"https:\/\/zurnalsiepirkumi.lv\/?p=16573","title":{"rendered":"Par svar\u012bg\u0101ko veikumu aizvad\u012btaj\u0101 gad\u0101 Ple\u0161s uzskata pa\u0161vald\u012bbu reformu, klimata m\u0113r\u0137us un depoz\u012bta sist\u0113mu"},"content":{"rendered":"\n<p>Noz\u012bm\u012bg\u0101kie paveiktie darbi aizvad\u012btaj\u0101 gad\u0101 vides aizsardz\u012bbas un re\u0123ion\u0101l\u0101s att\u012bst\u012bbas ministram Arturam Tomam Ple\u0161am (AP) saist\u0101s ar pa\u0161vald\u012bbu reformas st\u0101\u0161anos sp\u0113k\u0101, izvirz\u012btajiem klimata m\u0113r\u0137iem un dz\u0113rienu iepakojuma depoz\u012bta sist\u0113mas izveido\u0161anu.<\/p>\n\n\n\n<p><br>\u0160odien preses konferenc\u0113 Ple\u0161s nor\u0101d\u012bja, ka aizvad\u012btais gads iez\u012bm\u0113 noz\u012bm\u012bgas desmitgades s\u0101kumu, kura laik\u0101 Vides aizsardz\u012bbas un re\u0123ion\u0101l\u0101s att\u012bst\u012bbas ministrija (VARAM) \u012bstenojusi b\u016btiskas reformas, pie\u0146\u0113musi uz ilgtsp\u0113j\u012bgu att\u012bst\u012bbu v\u0113rstus l\u0113mumus un devusi nepiecie\u0161amo stimulu virz\u012bbai uz \u0161aj\u0101 desmitgad\u0113 noteikto m\u0113r\u0137u sasnieg\u0161anu.<\/p>\n\n\n\n<p><br>Viens no b\u016btisk\u0101kajiem atskaites punktiem 2021.gad\u0101 ir 1.j\u016blijs, kad sp\u0113k\u0101 st\u0101j\u0101s Administrat\u012bvi teritori\u0101l\u0101 reforma un darbu s\u0101ka 43 pa\u0161vald\u012bbu domes l\u012bdz\u0161in\u0113jo 119 viet\u0101. \u0160o piecu m\u0113ne\u0161u laik\u0101 virkn\u0113 pa\u0161vald\u012bbu jau v\u0113rojams l\u012bdzek\u013cu ietaup\u012bjums, ko novirz\u012bt iedz\u012bvot\u0101jiem noz\u012bm\u012bgu iniciat\u012bvu realiz\u0113\u0161anai vai pakalpojumu pilnveidei.<\/p>\n\n\n\n<p><br>Preses konferenc\u0113 ministrs uzsv\u0113ra, ka \u012bstenot\u0101 reforma nodro\u0161in\u0101s l\u012bdzsvarot\u0101ku re\u0123ion\u0101lo att\u012bst\u012bbu vis\u0101 Latvijas teritorij\u0101, aicinot vietvaru p\u0101rst\u0101vjus izmantot reformas sniegt\u0101s iesp\u0113jas par labu pa\u0161vald\u012bbas izaugsmei ilgtermi\u0146\u0101.<\/p>\n\n\n\n<p><br>K\u0101 a\u0123ent\u016bru LETA inform\u0113ja ministrij\u0101, lai mazin\u0101tu Covid-19 pand\u0113mijas negat\u012bvo ietekmi uz ekonomiku, VARAM ar\u012b \u0161ogad turpin\u0101ja \u012bstenot valsts aizdevumu programmu pa\u0161vald\u012bbu invest\u012bciju projektiem, un kopum\u0101 Ministru kabinets atbalst\u012bjis 270 invest\u012bciju projektus par 119 miljoniem eiro, no kuriem valsts aizdevums ir teju 100 miljoni eiro.<\/p>\n\n\n\n<p><br>T\u0101pat pa\u0161vald\u012bb\u0101m bija iesp\u0113ja pieteikties ar\u012b cit\u0101m atbalsta programm\u0101m &#8211; augstas gatav\u012bbas invest\u012bciju projektiem, pa\u0161vald\u012bbu priorit\u0101ti \u012bstenojamiem projektiem; jaunu pirmsskolas izgl\u012bt\u012bbas iest\u0101\u017eu b\u016bvniec\u012bbai vai eso\u0161o atjauno\u0161anai u.c.&nbsp;<\/p>\n\n\n\n<p><br>Gada laik\u0101 rinda uz pa\u0161vald\u012bbu pirmsskolas izgl\u012bt\u012bbas iest\u0101d\u0113m esot samazin\u0101ta par 21%, savuk\u0101rt pie\u0161\u0137irtie l\u012bdzek\u013ci rad\u012bs 2500 jaunas vietas b\u0113rnud\u0101rzos.<\/p>\n\n\n\n<p><br>Pa\u0161vald\u012bbu reformas kontekst\u0101 valsts autoce\u013cu att\u012bst\u012bbai 2021.gad\u0101 tika pie\u0161\u0137irts finans\u0113jums teju 92 milj. EUR apm\u0113r\u0101; turkl\u0101t \u0161ogad finan\u0161u ekonomijas rezult\u0101t\u0101 radies gandr\u012bz 12 miljonu eiro ietaup\u012bjums, kas 2022.gad\u0101 \u013caus atjaunot papildu ce\u013cus.<\/p>\n\n\n\n<p><br>&#8220;Pa\u0161vald\u012bbu projekti, kuriem ministrija \u0161ogad sniegusi atbalstu, materializ\u0113sies aptuveni 1000 kilometros atjaunot\u0101 ce\u013cu segum\u0101, pa\u0161vald\u012bbu \u0113ku energoefektivit\u0101tes pas\u0101kumi sniegs elektroener\u0123ijas ietaup\u012bjumu, kas m\u0113rojams 10 500 elektroauto uzl\u0101des rei\u017eu, rindu uz b\u0113rnud\u0101rziem samazin\u0101\u0161anu par vair\u0101k nek\u0101 20%; \u012bres dz\u012bvok\u013cu izveidi re\u0123ionos ar dz\u012bvojamo plat\u012bbu Rund\u0101les pils izm\u0113r\u0101,&#8221; teica ministrs.<\/p>\n\n\n\n<p><br>Ministrija \u0161ogad akt\u012bvi sekojusi l\u012bdzi pa\u0161vald\u012bbu darba tiesiskuma iev\u0113ro\u0161anai. Pa\u0161vald\u012bbu darb\u012bbas uzraudz\u012bbas ietvaros \u0161ogad izv\u0113rt\u0113ti 1366 saisto\u0161o noteikumu projekti un par 303 no tiem sniegti iebildumi.<\/p>\n\n\n\n<p>&nbsp;<br>VARAM \u0161ogad turpin\u0101ja darbu pie Eiropas Za\u013c\u0101 kursu \u012bsteno\u0161anas, lai l\u012bdz 2030.gadam sasniegtu k\u0101pin\u0101to Eiropas Savien\u012bbas (ES) m\u0113r\u0137i &#8211; vismaz 55% siltumn\u012bcefekta g\u0101zu jeb SEG emisiju neto samazin\u0101jumu sal\u012bdzin\u0101jum\u0101 ar 1990.gadu, &#8211; bet 2050.gad\u0101 sasniegtu klimatneitralit\u0101ti.<br>\u0160ogad izveidots klimata politikas sarunu apa\u013cais galds, lai veicin\u0101tu diskusijas par klimatneitralit\u0101ti un klimatnotur\u012bgumu ar nevalstiskaj\u0101m organiz\u0101cij\u0101m, nozaru p\u0101rst\u0101vjiem, pa\u0161vald\u012bb\u0101m un valsts instit\u016bcij\u0101m. \u0160\u0101du form\u0101tu ministrs iecer\u0113jis turpin\u0101t ar\u012b n\u0101kamgad.<\/p>\n\n\n\n<p><br>2021.gad\u0101 turpin\u0101ta za\u013c\u0101&nbsp;iepirkuma&nbsp;\u012bsteno\u0161ana publiskajos iepirkumos, un tas piem\u0113rots arvien bie\u017e\u0101k.&nbsp;<\/p>\n\n\n\n<p><br>\u0160ogad norisin\u0101jies ar\u012b akt\u012bvs darbs pie depoz\u012bta sist\u0113mas ievie\u0161anas dz\u0113rienu iepakojumam; taj\u0101 skait\u0101 tika izstr\u0101d\u0101ti un pie\u0146emti groz\u012bjumi ties\u012bbu aktos, lai nodro\u0161in\u0101tu pilnv\u0113rt\u012bgu depoz\u012bta sist\u0113mas ievie\u0161anu un darb\u012bbu.&nbsp;<\/p>\n\n\n\n<p><br>Depoz\u012bta sist\u0113ma, par ko spriests 20 gadus, uzs\u0101ks darbu 2022.gada 1.febru\u0101r\u012b.<\/p>\n\n\n\n<p><br>\u0160\u012b gada 3.j\u016blij\u0101 st\u0101j\u0101s sp\u0113k\u0101 Plastmasu saturo\u0161u izstr\u0101d\u0101jumu pat\u0113ri\u0146a samazin\u0101\u0161anas likums, k\u0101 rezult\u0101t\u0101 tirdzniec\u012bb\u0101 jau ir samazin\u0101jies noteiktu vienreizlietojamu plastmasu saturo\u0161u izstr\u0101d\u0101jumu apjoms, \u0161o produkciju aizst\u0101jot ar plastmasu nesaturo\u0161iem izstr\u0101d\u0101jumiem. T\u0101pat ir samazin\u0101jies \u0161\u0101du plastmasu saturo\u0161u izstr\u0101d\u0101jumu rad\u012btais pies\u0101r\u0146ojums dab\u0101 un sara\u017eotais plastmasas atkritumu apjoms.<\/p>\n\n\n\n<p><br>K\u0101 b\u016btisks ieguld\u012bjums vides aizsardz\u012bb\u0101 j\u0101min \u0161ogad Ministru kabinet\u0101 apstiprin\u0101tais Atkritumu apsaimnieko\u0161anas valsts pl\u0101ns n\u0101kamajiem septi\u0146iem gadiem. Taj\u0101 ietverta atkritumu ra\u0161an\u0101s nov\u0113r\u0161anas programma, k\u0101 ar\u012b iez\u012bm\u0113ti r\u012bc\u012bbas virzieni, lai nodro\u0161in\u0101tu atkritumu apsaimnieko\u0161anas m\u0113r\u0137u izpildi, k\u0101 ar\u012b palielin\u0101tu atkritumu apsaimnieko\u0161anas efektivit\u0101ti atkritumu apsaimnieko\u0161anas re\u0123ionu reformas rezult\u0101t\u0101.<\/p>\n\n\n\n<p><br>T\u0101pat ieviesti uzlabojumi ar\u012b riepu apsaimnieko\u0161anas jom\u0101, un Ministru kabinets jau apstiprin\u0101jis VARAM priek\u0161likumu l\u012bdz 2025.gadam pak\u0101peniski paaugstin\u0101t nolietotu riepu sav\u0101k\u0161anas m\u0113r\u0137i no 65% uz 90% no tirg\u016b laist\u0101 riepu apjoma gad\u0101.<\/p>\n\n\n\n<p><br>K\u0101 viens no digit\u0101l\u0101s politikas st\u016brakme\u0146iem j\u0101min \u0161ogad apstiprin\u0101t\u0101s Digit\u0101l\u0101s transform\u0101cijas pamatnost\u0101dnes 2021-2027.gadam, kas nosaka valsts digit\u0101l\u0101s att\u012bst\u012bbas vid\u0113ja termi\u0146a priorit\u0101tes.<\/p>\n\n\n\n<p><br>\u0160ogad ielikti pamati un tiesiskais ietvars vienotai Valsts Inform\u0101cijas un komunik\u0101ciju tehnolo\u0123iju jeb IKT p\u0101rvald\u012bbas reformai un rad\u012bta Digit\u0101lo risin\u0101jumu b\u016bvvalde, kas b\u016bt\u012bb\u0101 ir noteikumu kopums, kas nosaka, ka ar\u012b digit\u0101laj\u0101 telp\u0101 j\u0101pielieto tie pa\u0161i uzraudz\u012bbas krit\u0113riji, k\u0101diem sekojam, veidojot un att\u012bstot vidi fiziskaj\u0101 telp\u0101. L\u012bdz \u0161im pras\u012bbas valsts inform\u0101cijas sist\u0113mu tehniskajiem risin\u0101jumiem bija formul\u0113tas tikai ieteikumu un vadl\u012bniju form\u0101, t\u0101d\u0113\u013c \u0161\u0101das b\u016bvvaldes izveido\u0161ana ir b\u016btisks atsp\u0113riena punkts centraliz\u0101cijas un resursu koplieto\u0161anas veicin\u0101\u0161an\u0101, skaidroja ministrs.<\/p>\n\n\n\n<p><br>Savuk\u0101rt ar groz\u012bjumiem Elektronisko sakaru likum\u0101 nostiprin\u0101ta iesp\u0113ja iedz\u012bvot\u0101jiem nacion\u0101los elektronisk\u0101s identifik\u0101cijas l\u012bdzek\u013cus &#8211; eiD; e-paraksts mobile &#8211; izmantot ar\u012b komercsektora pakalpojumu sa\u0146em\u0161anai.<\/p>\n\n\n\n<p><br>\u0160ogad ministrija \u012bstenojusi ar\u012b pla\u0161u invest\u012bciju programmu kl\u0101stu no Eiropas Savien\u012bbas fondu l\u012bdzek\u013ciem, atbalstot virkni projektu Latvijas pa\u0161vald\u012bb\u0101s ar m\u0113r\u0137i stiprin\u0101t re\u0123ionu ekonomiku un uz\u0146\u0113m\u0113jdarb\u012bbas kapacit\u0101ti, mazin\u0101t nevienl\u012bdz\u012bbu un Covid-19 izrais\u012bt\u0101s kr\u012bzes seku mazin\u0101\u0161anai.<\/p>\n\n\n\n<p><br>Ministrs preses konferenc\u0113 \u012bpa\u0161i izc\u0113la Ministru kabineta apstiprin\u0101to Latvijas Atvese\u013co\u0161anas fonda pl\u0101nu, kas paredz invest\u012bcijas 1,82 miljardu eiro apm\u0113r\u0101 se\u0161\u0101s tautsaimniec\u012bbai b\u016btisk\u0101s jom\u0101s &#8211; digit\u0101laj\u0101 transform\u0101cij\u0101, nevienl\u012bdz\u012bbas mazin\u0101\u0161an\u0101, vesel\u012bb\u0101, ekonomikas transform\u0101cij\u0101 un produktivit\u0101tes reform\u0101, k\u0101 ar\u012b likuma varas stiprin\u0101\u0161an\u0101.<\/p>\n\n\n\n<p><br>Kopum\u0101 VARAM aktivit\u0101t\u0113m Atvese\u013co\u0161an\u0101s fonda pl\u0101n\u0101 pl\u0101noti 364 miljoni eiro, paredzot b\u016btiskas invest\u012bcijas digit\u0101l\u0101s transform\u0101cijas jom\u0101, klimata p\u0101rmai\u0146u rad\u012bto seku mazin\u0101\u0161anai, vides ilgtsp\u0113jas veicin\u0101\u0161anai, k\u0101 ar\u012b nevienl\u012bdz\u012bbas mazin\u0101\u0161anu re\u0123ionos.<br>&nbsp;<\/p>\n","protected":false},"excerpt":{"rendered":"<p>Noz\u012bm\u012bg\u0101kie paveiktie darbi aizvad\u012btaj\u0101 gad\u0101 vides aizsardz\u012bbas un re\u0123ion\u0101l\u0101s att\u012bst\u012bbas ministram Arturam Tomam Ple\u0161am (AP) saist\u0101s ar pa\u0161vald\u012bbu reformas st\u0101\u0161anos sp\u0113k\u0101, izvirz\u012btajiem klimata m\u0113r\u0137iem un dz\u0113rienu iepakojuma depoz\u012bta sist\u0113mas izveido\u0161anu.<\/p>\n","protected":false},"author":1936,"featured_media":16581,"comment_status":"closed","ping_status":"open","sticky":false,"template":"","format":"standard","meta":{"footnotes":""},"categories":[421,233,396,95,48,50,401],"tags":[],"_links":{"self":[{"href":"https:\/\/zurnalsiepirkumi.lv\/index.php?rest_route=\/wp\/v2\/posts\/16573"}],"collection":[{"href":"https:\/\/zurnalsiepirkumi.lv\/index.php?rest_route=\/wp\/v2\/posts"}],"about":[{"href":"https:\/\/zurnalsiepirkumi.lv\/index.php?rest_route=\/wp\/v2\/types\/post"}],"author":[{"embeddable":true,"href":"https:\/\/zurnalsiepirkumi.lv\/index.php?rest_route=\/wp\/v2\/users\/1936"}],"replies":[{"embeddable":true,"href":"https:\/\/zurnalsiepirkumi.lv\/index.php?rest_route=%2Fwp%2Fv2%2Fcomments&post=16573"}],"version-history":[{"count":2,"href":"https:\/\/zurnalsiepirkumi.lv\/index.php?rest_route=\/wp\/v2\/posts\/16573\/revisions"}],"predecessor-version":[{"id":16580,"href":"https:\/\/zurnalsiepirkumi.lv\/index.php?rest_route=\/wp\/v2\/posts\/16573\/revisions\/16580"}],"wp:featuredmedia":[{"embeddable":true,"href":"https:\/\/zurnalsiepirkumi.lv\/index.php?rest_route=\/wp\/v2\/media\/16581"}],"wp:attachment":[{"href":"https:\/\/zurnalsiepirkumi.lv\/index.php?rest_route=%2Fwp%2Fv2%2Fmedia&parent=16573"}],"wp:term":[{"taxonomy":"category","embeddable":true,"href":"https:\/\/zurnalsiepirkumi.lv\/index.php?rest_route=%2Fwp%2Fv2%2Fcategories&post=16573"},{"taxonomy":"post_tag","embeddable":true,"href":"https:\/\/zurnalsiepirkumi.lv\/index.php?rest_route=%2Fwp%2Fv2%2Ftags&post=16573"}],"curies":[{"name":"wp","href":"https:\/\/api.w.org\/{rel}","templated":true}]}}