{"id":16546,"date":"2021-12-15T08:14:10","date_gmt":"2021-12-15T06:14:10","guid":{"rendered":"https:\/\/zurnalsiepirkumi.lv\/?p=16546"},"modified":"2021-12-20T12:10:17","modified_gmt":"2021-12-20T10:10:17","slug":"pasvaldibam-par-valsts-vietejo-autocelu-posmu-parnemsanu-bus-iespeja-sanemt-papildu-merkdotaciju","status":"publish","type":"post","link":"https:\/\/zurnalsiepirkumi.lv\/?p=16546","title":{"rendered":"Pa\u0161vald\u012bb\u0101m par valsts viet\u0113jo autoce\u013cu posmu p\u0101r\u0146em\u0161anu b\u016bs iesp\u0113ja sa\u0146emt papildu m\u0113r\u0137dot\u0101ciju"},"content":{"rendered":"\n<p>Ministru kabinets otrdien, 14. decembr\u012b, pie\u0146\u0113ma izmai\u0146as noteikumos par k\u0101rt\u012bbu, k\u0101 tiek izlietoti valsts autoce\u013cu fonda programmas l\u012bdzek\u013ci, nosakot jaunu proced\u016bru papildu m\u0113r\u0137dot\u0101ciju pie\u0161\u0137ir\u0161anai pa\u0161vald\u012bb\u0101m, ja t\u0101s sav\u0101 \u012bpa\u0161um\u0101 p\u0101r\u0146em valsts viet\u0113jos autoce\u013cus.<\/p>\n\n\n\n<p>Satiksmes ministrija sarun\u0101s ar pa\u0161vald\u012bbu intereses p\u0101rst\u0101vo\u0161\u0101m organiz\u0101cij\u0101m un ar\u012b pa\u0161u novadu administr\u0101cij\u0101m ir pla\u0161i apspriedusi iniciat\u012bvu par valsts viet\u0113jo ce\u013cu nodo\u0161anu pa\u0161vald\u012bbu \u012bpa\u0161um\u0101, l\u012bdzi dodot papildu m\u0113r\u0137dot\u0101cijas finans\u0113jumu.<\/p>\n\n\n\n<p>Noteikumu projekts paredz, ka, p\u0101r\u0146emot sav\u0101 \u012bpa\u0161um\u0101 valsts viet\u0113jo autoce\u013cu vai t\u0101 posmu, pa\u0161vald\u012bba sa\u0146ems m\u0113r\u0137dot\u0101ciju 1560 eiro apm\u0113r\u0101 par katru p\u0101r\u0146emto kilometru uz termi\u0146u ne ilg\u0101ku par pieciem gadiem.<\/p>\n\n\n\n<p>\u201c\u0160is b\u016bs stimul\u0113jo\u0161s meh\u0101nisms pa\u0161vald\u012bb\u0101m p\u0101r\u0146emt valsts viet\u0113jo autoce\u013cu posmus, kas dos ieguld\u012bjumu kop\u0113j\u0101 ce\u013cu kvalit\u0101tes uzlabo\u0161an\u0101, \u0146emot v\u0113r\u0101, ka pa\u0161vald\u012bbas ir sp\u0113j\u012bgas pie\u0146emt inform\u0113t\u0101kus l\u0113mumus par sav\u0101 teritorij\u0101 eso\u0161o viet\u0113jo autoce\u013cu uztur\u0113\u0161anu un priorit\u0101t\u0113m,\u201d pau\u017e satiksmes ministrs&nbsp;T\u0101lis Linkaits, uzsverot, ka viet\u0113jo autoce\u013ca p\u0101rvald\u012bbas formas mai\u0146a ir iek\u013cauta ar\u012b deklar\u0101cij\u0101 par Ministru kabineta iecer\u0113to darb\u012bbu.<\/p>\n\n\n\n<p>Atbilsto\u0161i Satiksmes ministrijas veiktajam izv\u0113rt\u0113jumam liela da\u013ca no valsts viet\u0113jo autoce\u013cu p\u0113c administrat\u012bvi teritori\u0101l\u0101s reformas st\u0101\u0161an\u0101s sp\u0113k\u0101 neatbilst likum\u0101 \u201cPar autoce\u013ciem\u201d noteiktajai valsts viet\u0113j\u0101 autoce\u013ca defin\u012bcijai, jo tie nesavieno novada administrat\u012bvos centrus ar&nbsp; pils\u0113t\u0101m, apdz\u012bvot\u0101m teritorij\u0101m, kur\u0101s atrodas pagastu p\u0101rvaldes, ciemiem vai citiem valsts autoce\u013ciem vai sav\u0101 starp\u0101 atsevi\u0161\u0137u novadu administrat\u012bvos centrus.<\/p>\n\n\n\n<p>Ministru kabineta otrdien apstiprin\u0101tie groz\u012bjumi \u201cValsts pamatbud\u017eeta valsts autoce\u013cu fonda programmai pie\u0161\u0137irto l\u012bdzek\u013cu izlieto\u0161anas k\u0101rt\u012bb\u0101&#8221; ar\u012b nov\u0113r\u0161 vair\u0101kas Valsts kontroles un ar\u012b Satiksmes ministrijas iek\u0161\u0113j\u0101 audit\u0101 konstat\u0113t\u0101s nepiln\u012bbas m\u0113r\u0137dot\u0101ciju sadal\u0113 pa\u0161vald\u012bb\u0101m. Turkl\u0101t l\u012bdz \u0161im eso\u0161\u0101&nbsp; k\u0101rt\u012bba m\u0113r\u0137dot\u0101cijas sadal\u012bjumam starp pa\u0161vald\u012bb\u0101m nebija p\u0101rskat\u012bta &nbsp;kop\u0161 2008. gada, l\u012bdz ar to m\u0113r\u0137dot\u0101cijas sadal\u012bjums vairs nebija atbilsto\u0161s eso\u0161ajai situ\u0101cijai pa\u0161vald\u012bb\u0101s saist\u012bb\u0101 ar infrastrukt\u016bru un taj\u0101s re\u0123istr\u0113to transportl\u012bdzek\u013cu skaitu. \u0145emot v\u0113r\u0101 iepriek\u0161 min\u0113to, noteikumos aktualiz\u0113ts m\u0113r\u0137dot\u0101cijas pa\u0161vald\u012bbu autoce\u013ciem un iel\u0101m sadal\u012bjums atbilsto\u0161i noteikumos noteiktajiem krit\u0113rijiem.<\/p>\n","protected":false},"excerpt":{"rendered":"<p>Ministru kabinets otrdien, 14. decembr\u012b, pie\u0146\u0113ma izmai\u0146as noteikumos par k\u0101rt\u012bbu, k\u0101 tiek izlietoti valsts autoce\u013cu fonda programmas l\u012bdzek\u013ci, nosakot jaunu proced\u016bru papildu m\u0113r\u0137dot\u0101ciju pie\u0161\u0137ir\u0161anai pa\u0161vald\u012bb\u0101m, ja t\u0101s sav\u0101 \u012bpa\u0161um\u0101 p\u0101r\u0146em valsts viet\u0113jos autoce\u013cus.<\/p>\n","protected":false},"author":1936,"featured_media":16547,"comment_status":"closed","ping_status":"open","sticky":false,"template":"","format":"standard","meta":{"footnotes":""},"categories":[233,23],"tags":[],"_links":{"self":[{"href":"https:\/\/zurnalsiepirkumi.lv\/index.php?rest_route=\/wp\/v2\/posts\/16546"}],"collection":[{"href":"https:\/\/zurnalsiepirkumi.lv\/index.php?rest_route=\/wp\/v2\/posts"}],"about":[{"href":"https:\/\/zurnalsiepirkumi.lv\/index.php?rest_route=\/wp\/v2\/types\/post"}],"author":[{"embeddable":true,"href":"https:\/\/zurnalsiepirkumi.lv\/index.php?rest_route=\/wp\/v2\/users\/1936"}],"replies":[{"embeddable":true,"href":"https:\/\/zurnalsiepirkumi.lv\/index.php?rest_route=%2Fwp%2Fv2%2Fcomments&post=16546"}],"version-history":[{"count":2,"href":"https:\/\/zurnalsiepirkumi.lv\/index.php?rest_route=\/wp\/v2\/posts\/16546\/revisions"}],"predecessor-version":[{"id":16591,"href":"https:\/\/zurnalsiepirkumi.lv\/index.php?rest_route=\/wp\/v2\/posts\/16546\/revisions\/16591"}],"wp:featuredmedia":[{"embeddable":true,"href":"https:\/\/zurnalsiepirkumi.lv\/index.php?rest_route=\/wp\/v2\/media\/16547"}],"wp:attachment":[{"href":"https:\/\/zurnalsiepirkumi.lv\/index.php?rest_route=%2Fwp%2Fv2%2Fmedia&parent=16546"}],"wp:term":[{"taxonomy":"category","embeddable":true,"href":"https:\/\/zurnalsiepirkumi.lv\/index.php?rest_route=%2Fwp%2Fv2%2Fcategories&post=16546"},{"taxonomy":"post_tag","embeddable":true,"href":"https:\/\/zurnalsiepirkumi.lv\/index.php?rest_route=%2Fwp%2Fv2%2Ftags&post=16546"}],"curies":[{"name":"wp","href":"https:\/\/api.w.org\/{rel}","templated":true}]}}