{"id":16458,"date":"2021-12-09T14:58:22","date_gmt":"2021-12-09T12:58:22","guid":{"rendered":"https:\/\/zurnalsiepirkumi.lv\/?p=16458"},"modified":"2021-12-09T15:06:51","modified_gmt":"2021-12-09T13:06:51","slug":"eiropas-komisija-nak-klaja-ar-socialas-ekonomikas-veicinasanas-un-darbvietu-radisanas-ricibas-planu","status":"publish","type":"post","link":"https:\/\/zurnalsiepirkumi.lv\/?p=16458","title":{"rendered":"Eiropas Komisija n\u0101k klaj\u0101 ar soci\u0101l\u0101s ekonomikas veicin\u0101\u0161anas un darbvietu rad\u012b\u0161anas r\u012bc\u012bbas pl\u0101nu"},"content":{"rendered":"\n<p>Eiropas Komisija \u0161odien, 9. decembr\u012b, n\u0101ca klaj\u0101 ar r\u012bc\u012bbas pl\u0101nu, kura m\u0113r\u0137is ir veicin\u0101t soci\u0101l\u0101s ekonomikas uzplaukumu, izmantojot soci\u0101l\u0101s ekonomikas tautsaimniecisko un darbvietu rad\u012b\u0161anas potenci\u0101lu, k\u0101 ar\u012b t\u0101s ieguld\u012bjumu taisn\u012bg\u0101 un iek\u013caujo\u0161\u0101 ekonomikas atvese\u013co\u0161an\u0101 un za\u013caj\u0101 un digit\u0101laj\u0101 p\u0101rveid\u0113.<\/p>\n\n\n\n<p>Priek\u0161s\u0113d\u0113t\u0101jas izpildvietnieks jaut\u0101jumos par ekonomiku, kas str\u0101d\u0101 cilv\u0113ku lab\u0101 Valdis Dombrovskis: &#8220;Soci\u0101l\u0101s ekonomikas r\u012bc\u012bbas pl\u0101ns mazina plaisu starp soci\u0101lo ekonomiku un atbalstu, kas nepiecie\u0161ams, lai t\u0101 sniegtu v\u0113l liel\u0101ku ieguld\u012bjumu sabiedr\u012bbas vajadz\u012bb\u0101m. Lai \u012bstenotu taisn\u012bgu za\u013co un digit\u0101lo ekonomikas p\u0101rk\u0101rto\u0161anos, k\u0101 ar\u012b nodro\u0161in\u0101tu iek\u013caujo\u0161u ekonomikas atvese\u013co\u0161anu p\u0113c pand\u0113mijas, svar\u012bgi ir gan mazin\u0101t birokr\u0101tiju, ar ko saskaras da\u017ei soci\u0101lie uz\u0146\u0113m\u0113ji, gan rad\u012bt darbvietas un pied\u0101v\u0101t cilv\u0113kiem jaunas iesp\u0113jas k\u0101 celt profesion\u0101lo kvalifik\u0101ciju un iesp\u0113ju p\u0101rkvalific\u0113ties.&#8221;<\/p>\n\n\n\n<p>Komisija ierosina r\u012bkoties tr\u012bs jom\u0101s:<br>Rad\u012bt piem\u0113rotus apst\u0101k\u013cus soci\u0101l\u0101s ekonomikas uzplaukumam. Lai rad\u012btu labv\u0113l\u012bgu vidi soci\u0101l\u0101s ekonomikas uzplaukumam, svar\u012bga noz\u012bme ir r\u012bc\u012bbpolitiskajam un tiesiskajam regul\u0113jumam. Konkr\u0113t\u0101k, soci\u0101l\u0101s ekonomikas vajadz\u012bb\u0101m ir j\u0101piel\u0101go nodok\u013cu, publisk\u0101&nbsp;iepirkuma&nbsp;un valsts atbalsta regul\u0113jums. Lai risin\u0101tu \u0161os jaut\u0101jumus, Komisija 2023.gad\u0101 ierosin\u0101s Padomes ieteikumu par soci\u0101l\u0101s ekonomikas pamatnosac\u012bjumu izstr\u0101di. T\u0101 ar\u012b public\u0113s nor\u0101d\u012bjumus dal\u012bbvalst\u012bm par soci\u0101l\u0101s ekonomikas organiz\u0101ciju nodok\u013cu sist\u0113m\u0101m un sekm\u0113s viegl\u0101ku piek\u013cuvi nor\u0101d\u012bjumiem par valsts atbalstu. R\u012bc\u012bbas pl\u0101na m\u0113r\u0137is ir ar\u012b uzlabot paraugpraksi soci\u0101li atbild\u012bga publisk\u0101&nbsp;iepirkuma&nbsp;jom\u0101 un veicin\u0101t soci\u0101l\u0101s ekonomikas noz\u012bmi \u0101rpus ES robe\u017e\u0101m.<\/p>\n\n\n\n<p>Pav\u0113rt iesp\u0113jas soci\u0101l\u0101s ekonomikas organiz\u0101cij\u0101m s\u0101kt un izv\u0113rst darb\u012bbu. Lai soci\u0101l\u0101s ekonomikas strukt\u016bras var\u0113tu s\u0101kt darb\u012bbu un att\u012bst\u012bties, k\u0101 ar\u012b \u012bstenot savu darbinieku p\u0101rkvalific\u0113\u0161anu un prasmju izkop\u0161anu, t\u0101m b\u016btu j\u0101sa\u0146em uz\u0146\u0113m\u0113jdarb\u012bbas att\u012bst\u012bbas atbalsts. Laikposm\u0101 no 2021. l\u012bdz 2027.gadam Komisija pl\u0101no palielin\u0101t atbalstu un t\u0101d\u0113j\u0101di p\u0101rsniegt apl\u0113stos 2,5 miljardus eiro, kas jau agr\u0101k (2014.-2020.gad\u0101) pie\u0161\u0137irti soci\u0101l\u0101s ekonomikas veicin\u0101\u0161anai. Lai visa vajadz\u012bg\u0101 inform\u0101cija par ES finans\u0113jumu, r\u012bc\u012bbpolitiku, apm\u0101c\u012bbu un iniciat\u012bv\u0101m soci\u0101l\u0101s ekonomikas dal\u012bbniekiem b\u016btu pieejama vienuviet, Komisija cita starp\u0101 2023.gad\u0101 iedarbin\u0101s jaunu ES soci\u0101l\u0101s ekonomikas v\u0101rteju. Turkl\u0101t 2022.gad\u0101 Komisija programmas InvestEU ietvaros ievies\u012bs jaunus finan\u0161u produktus un uzlabos piek\u013cuvi finans\u0113jumam. 2022.gad\u0101 Komisija ar\u012b izveidos Eiropas Soci\u0101l\u0101s inov\u0101cijas kompetences centru.<\/p>\n\n\n\n<p>Pan\u0101kt soci\u0101l\u0101s ekonomikas un t\u0101s potenci\u0101la atz\u012b\u0161anu. R\u012bc\u012bbas pl\u0101na m\u0113r\u0137is ir padar\u012bt soci\u0101lo ekonomiku lab\u0101k paman\u0101mu un uzlabot t\u0101s darba un potenci\u0101la atz\u012b\u0161anu. Komisija \u012bstenos komunik\u0101cijas pas\u0101kumus, kuri uzsv\u0113rs soci\u0101l\u0101s ekonomikas noz\u012bmi un specifiku. Turkl\u0101t Komisija s\u0101ks p\u0113t\u012bjumu, kura nol\u016bks ir sav\u0101kt kvalitat\u012bvus un kvantitat\u012bvus datus, kas pal\u012bdz\u0113tu lab\u0101k izprast soci\u0101lo ekonomiku vis\u0101 Eiropas Savien\u012bb\u0101. T\u0101 ar\u012b organiz\u0113s valsts ier\u0113d\u0146iem paredz\u0113tus m\u0101c\u012bbu kursus par da\u017e\u0101diem soci\u0101l\u0101s ekonomikas jaut\u0101jumiem, ar p\u0101rrobe\u017eu apmai\u0146u veicin\u0101s soci\u0101lo ekonomiku re\u0123ionu un pa\u0161vald\u012bbu l\u012bmen\u012b, k\u0101 ar\u012b \u012bstenos virkni citu pas\u0101kumu. <\/p>\n\n\n\n<p>Pla\u0161\u0101ka inform\u0101cija: Komisija n\u0101k klaj\u0101 ar soci\u0101l\u0101s ekonomikas veicin\u0101\u0161anas un darbvietu rad\u012b\u0161anas r\u012bc\u012bbas pl\u0101nu <a href=\"https:\/\/ec.europa.eu\/info\/strategy\/recovery-plan-europe_lv\" target=\"blank\" rel=\"noopener noreferrer\">(europa.eu)<\/a><\/p>\n\n\n\n<p><\/p>\n","protected":false},"excerpt":{"rendered":"<p>Eiropas Komisija \u0161odien, 9. decembr\u012b, n\u0101ca klaj\u0101 ar r\u012bc\u012bbas pl\u0101nu, kura m\u0113r\u0137is ir veicin\u0101t soci\u0101l\u0101s ekonomikas uzplaukumu, izmantojot soci\u0101l\u0101s ekonomikas tautsaimniecisko un darbvietu rad\u012b\u0161anas potenci\u0101lu, k\u0101 ar\u012b t\u0101s ieguld\u012bjumu taisn\u012bg\u0101 un iek\u013caujo\u0161\u0101 ekonomikas atvese\u013co\u0161an\u0101 un za\u013caj\u0101 un digit\u0101laj\u0101 p\u0101rveid\u0113.<\/p>\n","protected":false},"author":1938,"featured_media":16457,"comment_status":"closed","ping_status":"open","sticky":false,"template":"","format":"standard","meta":{"footnotes":""},"categories":[394,47],"tags":[],"_links":{"self":[{"href":"https:\/\/zurnalsiepirkumi.lv\/index.php?rest_route=\/wp\/v2\/posts\/16458"}],"collection":[{"href":"https:\/\/zurnalsiepirkumi.lv\/index.php?rest_route=\/wp\/v2\/posts"}],"about":[{"href":"https:\/\/zurnalsiepirkumi.lv\/index.php?rest_route=\/wp\/v2\/types\/post"}],"author":[{"embeddable":true,"href":"https:\/\/zurnalsiepirkumi.lv\/index.php?rest_route=\/wp\/v2\/users\/1938"}],"replies":[{"embeddable":true,"href":"https:\/\/zurnalsiepirkumi.lv\/index.php?rest_route=%2Fwp%2Fv2%2Fcomments&post=16458"}],"version-history":[{"count":3,"href":"https:\/\/zurnalsiepirkumi.lv\/index.php?rest_route=\/wp\/v2\/posts\/16458\/revisions"}],"predecessor-version":[{"id":16462,"href":"https:\/\/zurnalsiepirkumi.lv\/index.php?rest_route=\/wp\/v2\/posts\/16458\/revisions\/16462"}],"wp:featuredmedia":[{"embeddable":true,"href":"https:\/\/zurnalsiepirkumi.lv\/index.php?rest_route=\/wp\/v2\/media\/16457"}],"wp:attachment":[{"href":"https:\/\/zurnalsiepirkumi.lv\/index.php?rest_route=%2Fwp%2Fv2%2Fmedia&parent=16458"}],"wp:term":[{"taxonomy":"category","embeddable":true,"href":"https:\/\/zurnalsiepirkumi.lv\/index.php?rest_route=%2Fwp%2Fv2%2Fcategories&post=16458"},{"taxonomy":"post_tag","embeddable":true,"href":"https:\/\/zurnalsiepirkumi.lv\/index.php?rest_route=%2Fwp%2Fv2%2Ftags&post=16458"}],"curies":[{"name":"wp","href":"https:\/\/api.w.org\/{rel}","templated":true}]}}