{"id":16362,"date":"2021-11-26T08:02:57","date_gmt":"2021-11-26T06:02:57","guid":{"rendered":"https:\/\/zurnalsiepirkumi.lv\/?p=16362"},"modified":"2021-11-26T08:02:57","modified_gmt":"2021-11-26T06:02:57","slug":"24-miljoni-jaunu-darba-vietu-izveidei-un-privato-investiciju-piesaistei-regionos","status":"publish","type":"post","link":"https:\/\/zurnalsiepirkumi.lv\/?p=16362","title":{"rendered":"24 miljoni jaunu darba vietu izveidei un priv\u0101to invest\u012bciju piesaistei re\u0123ionos"},"content":{"rendered":"\n<p>Lai veicin\u0101tu uz\u0146\u0113m\u0113jdarb\u012bbas att\u012bst\u012bbu re\u0123ionos, \u0161oned\u0113\u013c Ministru kabinet\u0101 tika apstiprin\u0101ts Vides aizsardz\u012bbas un re\u0123ion\u0101l\u0101s att\u012bst\u012bbas ministrijas (VARAM) sagatavotais r\u012bkojuma projekts, atbalstot pa\u0161vald\u012bbu projektu idejas degrad\u0113to teritoriju atjauno\u0161anai 13.1.3. specifisk\u0101 atbalsta m\u0113r\u0137a &#8220;Atvese\u013co\u0161anas pas\u0101kumi vides un re\u0123ion\u0101l\u0101s att\u012bst\u012bbas jom\u0101&#8221; ietvaros. Projektu ideju realiz\u0113\u0161anai<em>\u00a0<\/em>tiks pie\u0161\u0137irts papildu Eiropas Re\u0123ion\u0101l\u0101s att\u012bst\u012bbas fonda (ERAF) finans\u0113jums vair\u0101k nek\u0101 24 milj. eiro apm\u0113r\u0101.<\/p>\n\n\n\n<p>Ministrs Art\u016brs Toms Ple\u0161s: \u201cIeguld\u012bjums pa\u0161vald\u012bb\u0101s sniedz pozit\u012bvu ietekmi uz tautsaimniec\u012bbu, publisk\u0101s infrastrukt\u016bras att\u012bst\u012bbas projektu \u012bsteno\u0161anas rezult\u0101t\u0101 tiks att\u012bst\u012btas degrad\u0113t\u0101s teritorijas, rad\u012btas jaunas darba vietas, atbalst\u012bti viet\u0113jie ra\u017eot\u0101ji un pakalpojumu sniedz\u0113ji, k\u0101 ar\u012b piesaist\u012btas priv\u0101t\u0101s invest\u012bcijas re\u0123ionos.\u201d<\/p>\n\n\n\n<p>Finans\u0113jums jeb\u00a0REACT-EU finans\u0113jums\u00a0tika pie\u0161\u0137irts no Eiropas Komisijas programmas &#8220;Atvese\u013co\u0161anas pal\u012bdz\u012bba koh\u0113zijai un Eiropas teritorij\u0101m&#8221;\u00a0\u00a0k\u0101 papildu finans\u0113jums\u00a0Covid-19 izrais\u012bt\u0101s\u00a0kr\u012bzes seku mazin\u0101\u0161anai eso\u0161\u0101\u00a0Eiropas Savien\u012bbas fondu\u00a02014.-2020.\u00a0gada pl\u0101no\u0161anas perioda ietvaros.<\/p>\n\n\n\n<p>Lai nodro\u0161in\u0101tu p\u0113c iesp\u0113jas liel\u0101ku pozit\u012bvu ietekmi, sekm\u0113tu nodarbin\u0101t\u012bbu un ekonomisko aktivit\u0101ti pa\u0161vald\u012bb\u0101s, VARAM organiz\u0113ja projektu ideju priek\u0161atlasi (konkursu) pa\u0161vald\u012bb\u0101m. Pieejam\u0101 ERAF finans\u0113juma 24 165 500 eiro apm\u0113r\u0101 ietvaros tika atbalst\u012btas 18 projektu idejas, kuru \u012bsteno\u0161anas rezult\u0101t\u0101 pl\u0101nots atjaunot vismaz 28,34 ha degrad\u0113to teritoriju plat\u012bbu, kas piel\u0101gota jaunu komersantu izvieto\u0161anai vai eso\u0161o komersantu papla\u0161in\u0101\u0161anai, izveidot vismaz 682 darba vietas atbalst\u012btaj\u0101s teritorij\u0101s, k\u0101 ar\u012b piesaist\u012bt komersantu priv\u0101t\u0101s invest\u012bcijas vismaz 28,31 milj. eiro apm\u0113r\u0101.<\/p>\n\n\n\n<p>Atbalst\u012bto 18 projektu iesniedz\u0113ji ir Aizkraukles, Al\u016bksnes, Balvu, C\u0113su, Gulbenes, Kr\u0101slavas, Kuld\u012bgas, Limba\u017eu, L\u012bv\u0101nu, Saldus, Valkas novadu pa\u0161vald\u012bba, k\u0101 ar\u012b Daugavpils, Jelgavas, Liep\u0101jas un Ventspils valstspils\u0113tas pa\u0161vald\u012bba un to sadarb\u012bbas partneri.<\/p>\n\n\n\n<p>Centr\u0101l\u0101 finan\u0161u un l\u012bgumu a\u0123ent\u016bra (CFLA) izstr\u0101d\u0101 un apstiprina atlases nolikumu un uzaicina pa\u0161vald\u012bbas sagatavot un iesniegt projektu iesniegumus ierobe\u017eotas projektu iesniegumu atlases ietvaros.&nbsp;Pl\u0101nots noteikt tr\u012bs m\u0113ne\u0161u termi\u0146u (no uzaicin\u0101juma nos\u016bt\u012b\u0161anas br\u012b\u017ea) projektu iesniegumu iesnieg\u0161anai CFLA.<\/p>\n","protected":false},"excerpt":{"rendered":"<p>Lai veicin\u0101tu uz\u0146\u0113m\u0113jdarb\u012bbas att\u012bst\u012bbu re\u0123ionos, \u0161oned\u0113\u013c Ministru kabinet\u0101 tika apstiprin\u0101ts Vides aizsardz\u012bbas un re\u0123ion\u0101l\u0101s att\u012bst\u012bbas ministrijas (VARAM) sagatavotais r\u012bkojuma projekts, atbalstot pa\u0161vald\u012bbu projektu idejas degrad\u0113to teritoriju atjauno\u0161anai 13.1.3. specifisk\u0101 atbalsta m\u0113r\u0137a &#8220;Atvese\u013co\u0161anas pas\u0101kumi vides un re\u0123ion\u0101l\u0101s att\u012bst\u012bbas jom\u0101&#8221; ietvaros. <\/p>\n","protected":false},"author":1938,"featured_media":16360,"comment_status":"closed","ping_status":"open","sticky":false,"template":"","format":"standard","meta":{"footnotes":""},"categories":[23,95,47],"tags":[],"_links":{"self":[{"href":"https:\/\/zurnalsiepirkumi.lv\/index.php?rest_route=\/wp\/v2\/posts\/16362"}],"collection":[{"href":"https:\/\/zurnalsiepirkumi.lv\/index.php?rest_route=\/wp\/v2\/posts"}],"about":[{"href":"https:\/\/zurnalsiepirkumi.lv\/index.php?rest_route=\/wp\/v2\/types\/post"}],"author":[{"embeddable":true,"href":"https:\/\/zurnalsiepirkumi.lv\/index.php?rest_route=\/wp\/v2\/users\/1938"}],"replies":[{"embeddable":true,"href":"https:\/\/zurnalsiepirkumi.lv\/index.php?rest_route=%2Fwp%2Fv2%2Fcomments&post=16362"}],"version-history":[{"count":1,"href":"https:\/\/zurnalsiepirkumi.lv\/index.php?rest_route=\/wp\/v2\/posts\/16362\/revisions"}],"predecessor-version":[{"id":16364,"href":"https:\/\/zurnalsiepirkumi.lv\/index.php?rest_route=\/wp\/v2\/posts\/16362\/revisions\/16364"}],"wp:featuredmedia":[{"embeddable":true,"href":"https:\/\/zurnalsiepirkumi.lv\/index.php?rest_route=\/wp\/v2\/media\/16360"}],"wp:attachment":[{"href":"https:\/\/zurnalsiepirkumi.lv\/index.php?rest_route=%2Fwp%2Fv2%2Fmedia&parent=16362"}],"wp:term":[{"taxonomy":"category","embeddable":true,"href":"https:\/\/zurnalsiepirkumi.lv\/index.php?rest_route=%2Fwp%2Fv2%2Fcategories&post=16362"},{"taxonomy":"post_tag","embeddable":true,"href":"https:\/\/zurnalsiepirkumi.lv\/index.php?rest_route=%2Fwp%2Fv2%2Ftags&post=16362"}],"curies":[{"name":"wp","href":"https:\/\/api.w.org\/{rel}","templated":true}]}}