{"id":16252,"date":"2021-11-16T14:49:28","date_gmt":"2021-11-16T12:49:28","guid":{"rendered":"https:\/\/zurnalsiepirkumi.lv\/?p=16252"},"modified":"2021-11-16T14:49:29","modified_gmt":"2021-11-16T12:49:29","slug":"valdiba-apstiprina-es-fondu-programmas-turpmaku-izskatisanu-ek","status":"publish","type":"post","link":"https:\/\/zurnalsiepirkumi.lv\/?p=16252","title":{"rendered":"Vald\u012bba apstiprina ES fondu programmas turpm\u0101ku izskat\u012b\u0161anu EK"},"content":{"rendered":"\n<p>Ministru kabinets (MK) apstiprin\u0101ja\u00a0Eiropas Savien\u012bbas (ES) koh\u0113zijas politikas programmas 2021.\u20132027.gadam turpm\u0101ko virz\u012bbu izskat\u012b\u0161anai Eiropas Komisij\u0101 (EK). Programma paredz ES fondu invest\u012bcijas vair\u0101k k\u0101 4,7 miljardu eiro apm\u0113r\u0101 n\u0101kamajiem septi\u0146iem gadiem, t\u0101 ietver ES fondu invest\u012bciju principus, sasniedzamos rezult\u0101tus un atbalsta jomas.<\/p>\n\n\n\n<p>ES invest\u012bcijas ir \u012bpa\u0161i noz\u012bm\u012bgas Latvijas konkur\u0113tsp\u0113jas palielin\u0101\u0161anai un ekonomikas izaugsmei, atbalstot uz\u0146\u0113m\u0113jdarb\u012bbas veicin\u0101\u0161anu, klimata un vides ilgtsp\u0113ju, vesel\u012bbas apr\u016bpi, izgl\u012bt\u012bbu, inov\u0101cijas, transportu un citas valsts att\u012bst\u012bbai b\u016btiskas jomas.<\/p>\n\n\n\n<p>Programmas invest\u012bcijas pl\u0101notas, iev\u0113rojot EK defin\u0113t\u0101s tematisk\u0101s koncentr\u0101cijas pras\u012bbas, nodro\u0161inot, ka no Eiropas Re\u0123ion\u0101l\u0101s att\u012bst\u012bbas fonda finans\u0113juma vismaz 25% tiek novirz\u012bti&nbsp; vied\u0101kai Eiropai, veicinot inovat\u012bvas un viedas ekonomisk\u0101s p\u0101rmai\u0146as, 30% za\u013c\u0101kai Eiropai ar zem\u0101m oglek\u013ca emisij\u0101m, veicinot t\u012bru un taisn\u012bgu ener\u0123\u0113tikas p\u0101rk\u0101rto\u0161anu, \u201cza\u013cas\u201d un \u201czilas\u201d invest\u012bcijas, aprites ekonomiku, piel\u0101go\u0161anos klimata p\u0101rmai\u0146\u0101m un risku nov\u0113r\u0161anu un p\u0101rvald\u012bbu, 8% iedz\u012bvot\u0101jiem tuv\u0101kai Eiropai pils\u0113tu, lauku un piekrastes teritoriju ilgtsp\u0113j\u012bgai un integr\u0113tai att\u012bst\u012bbai ar viet\u0113jo iniciat\u012bvu pal\u012bdz\u012bbu.<\/p>\n\n\n\n<p>Noz\u012bm\u012bgu ES invest\u012bciju da\u013cu paredz\u0113ts novirz\u012bt iedz\u012bvot\u0101ju labkl\u0101j\u012bbas cel\u0161an\u0101, sniedzot atbilsto\u0161as apm\u0101c\u012bbas, uzlabojot vesel\u012bbas st\u0101vokli un integr\u0113jot darba tirg\u016b. ES fondu atbalsts paredz\u0113ts vesel\u012bbas apr\u016bpes iest\u0101\u017eu kapacit\u0101tes stiprin\u0101\u0161anai, uz\u0146\u0113m\u0113jdarb\u012bbas veicin\u0101\u0161anai, prim\u0101r\u0101s ener\u0123ijas pat\u0113ri\u0146a samazin\u0101\u0161anai, uzlabojot energoefektivit\u0101ti priv\u0101taj\u0101 un publiskaj\u0101 dz\u012bvojamaj\u0101 fond\u0101.<\/p>\n\n\n\n<p>T\u0101pat noz\u012bm\u012bgi ieguld\u012bjumi pl\u0101noti inform\u0101cijas un komunik\u0101ciju tehnolo\u0123iju un transporta infrastrukt\u016bras uzlabojumiem, kas tie\u0161i ietekm\u0113 ekonomikas produktivit\u0101ti, kalpo par pamatu inov\u0101cij\u0101m un palielina iek\u0161\u0113jo un \u0101r\u0113jo mobilit\u0101ti cilv\u0113kiem un prec\u0113m.<\/p>\n\n\n\n<p>P\u0113c programmas apstiprin\u0101\u0161anas MK tiks turpin\u0101tas konsult\u0101cijas ar EK, lai nodro\u0161in\u0101tu, ka p\u0113c pl\u0101na projekta gala versijas apstiprin\u0101\u0161anas MK un iesnieg\u0161anas EK tas tiktu apstiprin\u0101ts iesp\u0113jami \u0101tr\u0101k, kas \u013caus uzs\u0101kt ES fondu invest\u012bciju \u012bsteno\u0161anu.<\/p>\n\n\n\n<p>Programm\u0101 ir iev\u0113rota sasaiste ar Nacion\u0101lo att\u012bst\u012bbas pl\u0101nu 2021.-2027.gadam, k\u0101 ar\u012b citiem pl\u0101no\u0161anas dokumentiem. Strat\u0113\u0123iskais redz\u0113jums balst\u012bts uz tr\u016bkumu un vajadz\u012bbu anal\u012bzi. Defin\u0113t\u0101s priorit\u0101tes un atbalsta m\u0113r\u0137i koncentr\u0113ti uz konkr\u0113tu rezult\u0101tu sasnieg\u0161anu, kas dos visliel\u0101ko atdevi ekonomikas att\u012bst\u012bbai un iedz\u012bvot\u0101ju dz\u012bves kvalit\u0101tes cel\u0161anai.<\/p>\n","protected":false},"excerpt":{"rendered":"<p>Ministru kabinets (MK) apstiprin\u0101ja\u00a0Eiropas Savien\u012bbas (ES) koh\u0113zijas politikas programmas 2021.\u20132027.gadam turpm\u0101ko virz\u012bbu izskat\u012b\u0161anai Eiropas Komisij\u0101 (EK).<\/p>\n","protected":false},"author":1936,"featured_media":16253,"comment_status":"closed","ping_status":"open","sticky":false,"template":"","format":"standard","meta":{"footnotes":""},"categories":[23,120],"tags":[],"_links":{"self":[{"href":"https:\/\/zurnalsiepirkumi.lv\/index.php?rest_route=\/wp\/v2\/posts\/16252"}],"collection":[{"href":"https:\/\/zurnalsiepirkumi.lv\/index.php?rest_route=\/wp\/v2\/posts"}],"about":[{"href":"https:\/\/zurnalsiepirkumi.lv\/index.php?rest_route=\/wp\/v2\/types\/post"}],"author":[{"embeddable":true,"href":"https:\/\/zurnalsiepirkumi.lv\/index.php?rest_route=\/wp\/v2\/users\/1936"}],"replies":[{"embeddable":true,"href":"https:\/\/zurnalsiepirkumi.lv\/index.php?rest_route=%2Fwp%2Fv2%2Fcomments&post=16252"}],"version-history":[{"count":1,"href":"https:\/\/zurnalsiepirkumi.lv\/index.php?rest_route=\/wp\/v2\/posts\/16252\/revisions"}],"predecessor-version":[{"id":16254,"href":"https:\/\/zurnalsiepirkumi.lv\/index.php?rest_route=\/wp\/v2\/posts\/16252\/revisions\/16254"}],"wp:featuredmedia":[{"embeddable":true,"href":"https:\/\/zurnalsiepirkumi.lv\/index.php?rest_route=\/wp\/v2\/media\/16253"}],"wp:attachment":[{"href":"https:\/\/zurnalsiepirkumi.lv\/index.php?rest_route=%2Fwp%2Fv2%2Fmedia&parent=16252"}],"wp:term":[{"taxonomy":"category","embeddable":true,"href":"https:\/\/zurnalsiepirkumi.lv\/index.php?rest_route=%2Fwp%2Fv2%2Fcategories&post=16252"},{"taxonomy":"post_tag","embeddable":true,"href":"https:\/\/zurnalsiepirkumi.lv\/index.php?rest_route=%2Fwp%2Fv2%2Ftags&post=16252"}],"curies":[{"name":"wp","href":"https:\/\/api.w.org\/{rel}","templated":true}]}}