{"id":15823,"date":"2021-10-11T13:31:50","date_gmt":"2021-10-11T11:31:50","guid":{"rendered":"https:\/\/zurnalsiepirkumi.lv\/?p=15823"},"modified":"2021-10-11T13:31:51","modified_gmt":"2021-10-11T11:31:51","slug":"es-kohezijas-politika-ekonomikas-atveselosanas-prieksplana-vien-4-menesu-laika-regionu-un-pilsetu-vajadzibam-apstiprinati-34-miljardi-eiro","status":"publish","type":"post","link":"https:\/\/zurnalsiepirkumi.lv\/?p=15823","title":{"rendered":"ES koh\u0113zijas politika ekonomikas atvese\u013co\u0161anas priek\u0161pl\u0101n\u0101: vien 4 m\u0113ne\u0161u laik\u0101 re\u0123ionu un pils\u0113tu vajadz\u012bb\u0101m apstiprin\u0101ti 34 miljardi eiro"},"content":{"rendered":"\n<p>\u0160odien preses konferenc\u0113 par devi\u0146padsmit\u0101s Eiropas Re\u0123ionu un pils\u0113tu ned\u0113\u013cas (2021) atkl\u0101\u0161anu Komisija izv\u0113rt\u0113ja, k\u0101 tiek \u012bstenota&nbsp;<a href=\"https:\/\/ec.europa.eu\/regional_policy\/lv\/newsroom\/coronavirus-response\/react-eu\/\">Atvese\u013co\u0161anas pal\u012bdz\u012bba koh\u0113zijai un Eiropas teritorij\u0101m<\/a>&nbsp;(<em>REACT-EU<\/em>).&nbsp;<em>REACT-EU<\/em> satvar\u0101 ir apstiprin\u0101ts <em>34,1 miljards eiro<\/em> un vien \u010detru m\u0113ne\u0161u laik\u0101 jau izmaks\u0101ti <em>3,5 miljardi eiro<\/em>, un t\u0101d\u0113j\u0101di tas ir k\u013cuvis par pirmo <em>NextGenerationEU<\/em>  instrumentu, no kura tiek veikti maks\u0101jumi dal\u012bbvalstu ekonomikas atvese\u013co\u0161anai.<\/p>\n\n\n\n<p>Koh\u0113zijas un reformu komis\u0101re El\u012bza&nbsp;<strong>Ferreira<\/strong>: \u201c<em>Koh\u0113zijas politika ir bijusi priek\u0161pl\u0101n\u0101 pand\u0113mijas \u0101rk\u0101rtas situ\u0101cijas posm\u0101 un tagad atkal ir viena no galvenaj\u0101m ES ekonomikas atvese\u013co\u0161anas politikas jom\u0101m.<\/em><em>&nbsp;Koh\u0113zijas politikas instrumenti ir nodro\u0161in\u0101ju\u0161i iedz\u012bvot\u0101jiem vajadz\u012bgo vesel\u012bbas apr\u016bpes apr\u012bkojumu un \u013c\u0101vu\u0161i izdz\u012bvot mazajiem uz\u0146\u0113mumiem, l\u012bdztekus dodot iz\u0161\u0137iro\u0161u ieguld\u012bjumu visas ES p\u0101rej\u0101 uz digit\u0101lo un za\u013co ekonomiku. Priec\u0101jos, ka \u0161os sasniegumus aizvien vair\u0101k atz\u012bst ar\u012b Eiropas iedz\u012bvot\u0101ji. Teritorij\u0101m un cilv\u0113kiem ar\u012b turpm\u0101k j\u0101b\u016bt dal\u012bbvalstu atvese\u013co\u0161anas centienu centr\u0101.\u201d<\/em><\/p>\n\n\n\n<p>Darba un soci\u0101lo ties\u012bbu komis\u0101rs Nikol\u0101&nbsp;<strong>\u0160mits<\/strong>:<em>&nbsp;\u201cKatrs ar ESF starpniec\u012bbu izt\u0113r\u0113tais eiro tiek ieguld\u012bts cilv\u0113ku vajadz\u012bb\u0101m. ES strukt\u016brfondi un Koh\u0113zijas fonds, jo sevi\u0161\u0137i programma REACT-EU, virza atg\u016b\u0161anos no pand\u0113mijas. Pateicoties ES atbalstam, uz\u0146\u0113mumi var\u0113ja saglab\u0101t darbiniekus un cilv\u0113kiem, kam visvair\u0101k vajadz\u012bga pal\u012bdz\u012bba, tika pieg\u0101d\u0101tas p\u0101rtikas pakas. T\u0101 ir ES solidarit\u0101te darb\u012bb\u0101, un esmu gandar\u012bts, ka \u0161is ieguld\u012bjums cilv\u0113kos un ekonomikas atvese\u013co\u0161an\u0101 atmaks\u0101jas.\u201d<\/em><\/p>\n\n\n\n<p>Vien 4&nbsp;m\u0113ne\u0161u laik\u0101 ir apstiprin\u0101ti 86&nbsp;% no \u0161im gadam pieejamajiem&nbsp;<em>REACT-EU<\/em>&nbsp;resursiem. <em>21,7&nbsp;miljardi eiro<\/em> mobiliz\u0113ti no&nbsp;<a href=\"https:\/\/ec.europa.eu\/regional_policy\/en\/funding\/erdf\/\">Eiropas Re\u0123ion\u0101l\u0101s att\u012bst\u012bbas fonda<\/a>, <em>12&nbsp;miljardi eiro<\/em> \u2014 no&nbsp;<a href=\"https:\/\/ec.europa.eu\/esf\/home.jsp\">Eiropas Soci\u0101l\u0101 fonda<\/a>&nbsp;un <em>410&nbsp;miljoni eiro<\/em> \u2014 no&nbsp;<a href=\"https:\/\/ec.europa.eu\/social\/main.jsp?catId=1089\">Eiropas atbalsta fonda vistr\u016bc\u012bg\u0101kaj\u0101m person\u0101m<\/a>.<\/p>\n\n\n\n<p><em>REACT-EU<\/em>&nbsp;finans\u0113jums papildina&nbsp;<a href=\"https:\/\/ec.europa.eu\/regional_policy\/en\/newsroom\/news\/2020\/04\/04-02-2020-coronavirus-response-investment-initiative-plus-new-actions-to-mobilise-essential-investments-and-resources\">Invest\u012bciju iniciat\u012bvas rea\u0123\u0113\u0161anai uz koronav\u012brusu (<em>CRII<\/em>) paketi<\/a>, kas mobiliz\u0113ja vair\u0101k nek\u0101 <em>21&nbsp;miljardu eiro<\/em>, rea\u0123\u0113jot uz koronav\u012brusa pand\u0113mijas visvair\u0101k skarto nozaru neatliekamaj\u0101m ekonomiskaj\u0101m un soci\u0101laj\u0101m vajadz\u012bb\u0101m.<\/p>\n\n\n\n<p><strong>Konkr\u0113ti ES solidarit\u0101tes piem\u0113ri<\/strong><\/p>\n\n\n\n<p>L\u016bk, da\u017ei konkr\u0113ti piem\u0113ri par atbalstu, ko cilv\u0113ki un uz\u0146\u0113mumi sa\u0146\u0113mu\u0161i ar&nbsp;<em>REACT-EU<\/em>&nbsp;starpniec\u012bbu.<\/p>\n\n\n\n<ul><li><strong>Eiropas Re\u0123ion\u0101l\u0101s att\u012bst\u012bbas fonds (ERAF).&nbsp;<\/strong>Portug\u0101l\u0113 ERAF vair\u0101k nek\u0101 pusei iedz\u012bvot\u0101ju ir sniedzis atbalstu vakc\u012bnu ieg\u0101dei. Slov\u0113nij\u0101 ERAF ir finans\u0113jis jaunu IT sist\u0113mu uzst\u0101d\u012b\u0161anu vesel\u012bbas apr\u016bpes nozar\u0113. \u010cehij\u0101 ERAF finans\u0113 jauna medic\u012bnisk\u0101 apr\u012bkojuma ieg\u0101di, t\u0101d\u0113j\u0101di pal\u012bdzot re\u0123ioniem k\u013c\u016bt notur\u012bg\u0101kiem pret turpm\u0101k\u0101m vesel\u012bbas kr\u012bz\u0113m. Zviedrij\u0101 ERAF pal\u012bdz mazajiem uz\u0146\u0113mumiem p\u0101rvald\u012bt digit\u0101lo p\u0101rk\u0101rto\u0161anos.<\/li><li><strong>Eiropas Soci\u0101lais fonds (ESF).<\/strong>&nbsp;Vis\u0101s dal\u012bbvalst\u012bs cilv\u0113ki ir sa\u0146\u0113mu\u0161i apm\u0101c\u012bbu, konsult\u0101cijas un karjeras att\u012bst\u012bbas atbalstu, kas palielina vi\u0146u izredzes saglab\u0101t darbu vai atrast jaunu darbvietu. It\u0101lij\u0101 uz\u0146\u0113mumi sa\u0146\u0113ma darb\u0101 pie\u0146em\u0161anas subs\u012bdijas sievie\u0161u un jaunie\u0161u nodarbin\u0101t\u012bbas atbalstam. ESF atbalst\u012bja ar\u012b finan\u0161u konsult\u0101ciju pakalpojumus un bezpajumtnieku izmitin\u0101\u0161anu.<\/li><li><strong>Eiropas atbalsta fonds vistr\u016bc\u012bg\u0101kaj\u0101m person\u0101m (EAFVP).&nbsp;<\/strong>Piem\u0113ram, Austrij\u0101 un Rum\u0101nij\u0101 b\u0113rni, kam vajadz\u012bga pal\u012bdz\u012bba, ir sa\u0146\u0113mu\u0161i skolas piederumus. Igaunij\u0101, Francij\u0101, Luksemburg\u0101 un cit\u0101s dal\u012bbvalst\u012bs vistr\u016bc\u012bg\u0101kajiem cilv\u0113kiem tika sniegta p\u0101rtikas pal\u012bdz\u012bba, piem\u0113ram, siltas malt\u012btes, un pamata materi\u0101l\u0101 pal\u012bdz\u012bba, piem\u0113ram, higi\u0113nas produkti.<\/li><\/ul>\n\n\n\n<p><strong>Pieaug inform\u0113t\u012bba par ES finans\u0113tajiem projektiem<\/strong><\/p>\n\n\n\n<p><a href=\"https:\/\/ec.europa.eu\/regional_policy\/en\/information\/publications\/infographic\/2021\/measuring-citizens-awareness-and-perception-of-eu-regional-policy\">Jaun\u0101k\u0101s Eirobarometra aptaujas<\/a>&nbsp;rezult\u0101ti liecina, ka iedz\u012bvot\u0101ji ir visnota\u013c labi paman\u012bju\u0161i koh\u0113zijas politikas atbalstu ekonomikas atvese\u013co\u0161anai un 69&nbsp;% respondentu ir inform\u0113ti par koh\u0113zijas politikas iniciat\u012bv\u0101m pand\u0113mijas negat\u012bvo seku nov\u0113r\u0161anai.<\/p>\n\n\n\n<p>Kopum\u0101 zi\u0146ojums liecina, ka visp\u0101r\u0113j\u0101 inform\u0113t\u012bba par ES finans\u0113tajiem projektiem pieaug. ES vid\u0113jais r\u0101d\u012bt\u0101js patlaban ir 41&nbsp;%. Tas ir par 7&nbsp;procentpunktiem vair\u0101k nek\u0101 pirms 10&nbsp;gadiem. No tiem respondentiem, kuri ir inform\u0113ti par ES finans\u0113tajiem projektiem, 80&nbsp;% uzskata, ka \u0161ie projekti labv\u0113l\u012bgi ietekm\u0113 re\u0123ionus.<\/p>\n","protected":false},"excerpt":{"rendered":"<p>\u0160odien preses konferenc\u0113 par devi\u0146padsmit\u0101s Eiropas Re\u0123ionu un pils\u0113tu ned\u0113\u013cas (2021) atkl\u0101\u0161anu Komisija izv\u0113rt\u0113ja, k\u0101 tiek \u012bstenota <b>Atvese\u013co\u0161anas pal\u012bdz\u012bba koh\u0113zijai un Eiropas teritorij\u0101m<\/b> (REACT-EU). REACT-EU satvar\u0101 ir apstiprin\u0101ts <b>34,1 miljards eiro un vien \u010detru m\u0113ne\u0161u laik\u0101 jau izmaks\u0101ti 3,5 miljardi eiro<\/b>, un t\u0101d\u0113j\u0101di tas ir k\u013cuvis par pirmo NextGenerationEU  instrumentu, no kura tiek veikti maks\u0101jumi dal\u012bbvalstu ekonomikas atvese\u013co\u0161anai.<\/p>\n","protected":false},"author":1,"featured_media":0,"comment_status":"open","ping_status":"open","sticky":false,"template":"","format":"standard","meta":{"footnotes":""},"categories":[23,120],"tags":[],"_links":{"self":[{"href":"https:\/\/zurnalsiepirkumi.lv\/index.php?rest_route=\/wp\/v2\/posts\/15823"}],"collection":[{"href":"https:\/\/zurnalsiepirkumi.lv\/index.php?rest_route=\/wp\/v2\/posts"}],"about":[{"href":"https:\/\/zurnalsiepirkumi.lv\/index.php?rest_route=\/wp\/v2\/types\/post"}],"author":[{"embeddable":true,"href":"https:\/\/zurnalsiepirkumi.lv\/index.php?rest_route=\/wp\/v2\/users\/1"}],"replies":[{"embeddable":true,"href":"https:\/\/zurnalsiepirkumi.lv\/index.php?rest_route=%2Fwp%2Fv2%2Fcomments&post=15823"}],"version-history":[{"count":2,"href":"https:\/\/zurnalsiepirkumi.lv\/index.php?rest_route=\/wp\/v2\/posts\/15823\/revisions"}],"predecessor-version":[{"id":15825,"href":"https:\/\/zurnalsiepirkumi.lv\/index.php?rest_route=\/wp\/v2\/posts\/15823\/revisions\/15825"}],"wp:attachment":[{"href":"https:\/\/zurnalsiepirkumi.lv\/index.php?rest_route=%2Fwp%2Fv2%2Fmedia&parent=15823"}],"wp:term":[{"taxonomy":"category","embeddable":true,"href":"https:\/\/zurnalsiepirkumi.lv\/index.php?rest_route=%2Fwp%2Fv2%2Fcategories&post=15823"},{"taxonomy":"post_tag","embeddable":true,"href":"https:\/\/zurnalsiepirkumi.lv\/index.php?rest_route=%2Fwp%2Fv2%2Ftags&post=15823"}],"curies":[{"name":"wp","href":"https:\/\/api.w.org\/{rel}","templated":true}]}}