{"id":15734,"date":"2021-09-22T13:19:00","date_gmt":"2021-09-22T11:19:00","guid":{"rendered":"https:\/\/zurnalsiepirkumi.lv\/?p=15734"},"modified":"2021-09-22T13:22:07","modified_gmt":"2021-09-22T11:22:07","slug":"ministrs-pless-aicina-oecd-darba-kartiba-ieklaut-zalo-digitalo-tehnologiju-attistibu","status":"publish","type":"post","link":"https:\/\/zurnalsiepirkumi.lv\/?p=15734","title":{"rendered":"Ministrs Ple\u0161s aicina OECD darba k\u0101rt\u012bb\u0101 iek\u013caut za\u013co digit\u0101lo tehnolo\u0123iju att\u012bst\u012bbu"},"content":{"rendered":"\n<p><strong>Vides aizsardz\u012bbas un re\u0123ion\u0101l\u0101s att\u012bst\u012bbas ministrs Art\u016brs Toms Ple\u0161s (A\/P!) 22. septembr\u012b, Par\u012bz\u0113, tiksies ar jauno Ekonomisk\u0101s sadarb\u012bbas un att\u012bst\u012bbas organiz\u0101cijas (OECD) \u0123ener\u0101lsekret\u0101ru Matiasu Kormanu (Mathias Cormann)<\/strong> un p\u0101rruns b\u016btiskas aktualit\u0101tes Latvijas digit\u0101laj\u0101 politik\u0101, tostarp gaid\u0101m\u0101s OECD ministru padomes jaut\u0101jumus.&nbsp;<\/p>\n\n\n\n<p>Tik\u0161an\u0101s notiek OECD gadadienas z\u012bm\u0113 un t\u0101s laik\u0101 paredz\u0113ts p\u0101rrun\u0101t Latvijas <a href=\"https:\/\/www.varam.gov.lv\/lv\/jaunums\/ministrs-pless-digitalas-transformacijas-pamatnostadnes-define-valsts-digitalo-attistibu-nakamajiem-septiniem-gadiem \" target=\"blank\" rel=\"noopener noreferrer\">Digit\u0101l\u0101s transform\u0101cijas pamatnost\u0101d\u0146u izvirz\u012btos m\u0113r\u0137us 2027.gadam <\/a>, za\u013c\u0101ku un videi draudz\u012bg\u0101ku tehnolo\u0123iju un inform\u0101cijas sist\u0113mu att\u012bst\u012bbu, \u0146emot v\u0113r\u0101, ka digit\u0101l\u0101 ekonomika nep\u0101rprotami ir par\u0101d\u012bjusi za\u013c\u0101s transform\u0101cijas noz\u012bmi un t\u0101s galveno lomu klimata un vides jaut\u0101jumu risin\u0101\u0161an\u0101. T\u0101pat tiks p\u0101rrun\u0101ta Starptautisk\u0101s r\u012bc\u012bbas programma klimata jom\u0101 (IPAC), kam pievienojusies ar\u012b Latvija.<\/p>\n\n\n\n<p><strong>Ministrs Art\u016brs Toms Ple\u0161s<\/strong>: <em>\u201cLatvijas un OECD kopdarbs starptautisk\u0101s noz\u012bmes \u201cGoing Digital\u201d projekt\u0101 ir k\u0101 piem\u0113rs p\u0101rdom\u0101tas un ilgtsp\u0113j\u012bgas p\u0101rvald\u012bbas ietekmei digit\u0101laj\u0101 politik\u0101. OECD ieteikumi nekav\u0113joties tika p\u0101rv\u0113rsti re\u0101l\u0101 darb\u012bb\u0101, savuk\u0101rt \u201cDigit\u0101l\u0101s transform\u0101cijas pamatnost\u0101dn\u0113s 2021.\u20132027.gadam\u201d esam izvirz\u012bju\u0161i v\u0113l ambicioz\u0101kus m\u0113r\u0137us gan attiec\u012bb\u0101 uz digit\u0101lo prasmju uzlabo\u0161anu, gan uz\u0146\u0113mumu digitaliz\u0101cijas veicin\u0101\u0161anu, lai Eiropas Savien\u012bbas digit\u0101laj\u0101 desmitgad\u0113 Latvija digit\u0101lo telpu att\u012bstu k\u0101 vienotu ekosist\u0113mu.\u201d<\/em><\/p>\n\n\n\n<p>Tik\u0161an\u0101s laik\u0101 pl\u0101nots p\u0101rrun\u0101t ar\u012b za\u013c\u0101s inform\u0101cijas un komunik\u0101ciju tehnolo\u0123ijas (IKT) iz\u0161\u0137iro\u0161o noz\u012bmi gan ilgtsp\u0113j\u012bgai ekonomikai, gan ar\u012b k\u0101 vienu no galvenajiem virz\u012bt\u0101jsp\u0113kiem c\u012b\u0146\u0101 pret klimata p\u0101rmai\u0146\u0101m. Ministrs aicin\u0101s akcent\u0113t OECD Ministru padomes 2021. gada darba k\u0101rt\u012bb\u0101 za\u013cu un videi draudz\u012bgu&nbsp; tehnolo\u0123isko att\u012bst\u012bbu, lai veicin\u0101tu tehnolo\u0123isk\u0101 progresa cie\u0161\u0101ku sasaisti ar videi draudz\u012bg\u0101m tehnolo\u0123ij\u0101m, piem\u0113ram, attiec\u012bb\u0101 uz videi draudz\u012bgas elektroener\u0123ijas izmanto\u0161anu.&nbsp; T\u0101pat ministrs pl\u0101no uzsv\u0113rt Latvijas pieredzi ilgtsp\u0113j\u012bg\u0101 digit\u0101l\u0101 att\u012bst\u012bb\u0101. Proti, za\u013co publisko iepirkumu valsts IKT infrastrukt\u016brai, pl\u0101noto valsts feder\u0113t\u0101 m\u0101ko\u0146a izveidi, kas samazin\u0101s inform\u0101cijas sist\u0113mu rad\u012bto ener\u0123ijas pat\u0113ri\u0146u un ietekmi uz vidi, uzsverot ar\u012b aprites ekonomikas noz\u012bmi k\u0101 ilgtsp\u0113j\u012bgas ekonomikas vienu no st\u016brakme\u0146iem.<\/p>\n\n\n\n<p>T\u0101pat tik\u0161an\u0101s laik\u0101 pl\u0101nots apspriest Starptautisko r\u012bc\u012bbas programmu klimata jom\u0101. T\u0101 ir divu gadu programma, kur apvienoju\u0161\u0101s l\u012bdz\u012bgi dom\u0101jo\u0161as valstis projekt\u0101 par klimata un ekonomisk\u0101s notur\u012bbas veido\u0161anu p\u0101rej\u0101 uz ekonomiku ar zemu oglek\u013ca dioks\u012bda emisiju. Praktiskie OECD ieteikumi b\u016btu noz\u012bm\u012bgs papildin\u0101jums pl\u0101noto un eso\u0161o pas\u0101kumu uzlabo\u0161anai klimata politikas \u012bsteno\u0161anas jom\u0101 gan nozaru, gan re\u0123ion\u0101l\u0101, gan viet\u0113j\u0101 l\u012bmen\u012b.<\/p>\n\n\n\n<p>T\u0101pat, \u0146emot v\u0113r\u0101 savienojam\u012bbas un 5G aktualit\u0101ti, ministrs iel\u016bgs OECD \u0123eneralsekret\u0101ru uz ikgad\u0113jo 5G techritory forumu, kas novembra beig\u0101s notiks R\u012bg\u0101.&nbsp; Savienojam\u012bba un dati ir daudzu nozaru tehnolo\u0123iju un inov\u0101ciju att\u012bst\u012bbas veicin\u0101t\u0101ji un balsta ekonomikas, tostarp pre\u010du un pakalpojumu, konkur\u0113tsp\u0113ju. Likumsakar\u012bgi, ka ar\u012b ministrijas izstr\u0101d\u0101taj\u0101s digit\u0101l\u0101s transform\u0101cijas pamatnost\u0101dn\u0113s viens no virsuzdevumiem ir r\u016bp\u0113ties par jaunu sp\u0113ju att\u012bst\u012b\u0161anu jom\u0101s, kas ir b\u016btiskas izaugsmei un konkur\u0113tsp\u0113jai ilgtermi\u0146\u0101, piem\u0113ram, \u2013 izveidot pamatu n\u0101kam\u0101s paaudzes savienojam\u012bbu.<\/p>\n","protected":false},"excerpt":{"rendered":"<p>Vides aizsardz\u012bbas un re\u0123ion\u0101l\u0101s att\u012bst\u012bbas ministrs Art\u016brs Toms Ple\u0161s (A\/P!) \u0161odien tiksies ar jauno Ekonomisk\u0101s sadarb\u012bbas un att\u012bst\u012bbas organiz\u0101cijas (OECD) \u0123ener\u0101lsekret\u0101ru Matiasu Kormanu (Mathias Cormann) un p\u0101rruns b\u016btiskas aktualit\u0101tes Latvijas digit\u0101laj\u0101 politik\u0101, tostarp gaid\u0101m\u0101s OECD ministru padomes jaut\u0101jumus.<\/p>\n","protected":false},"author":1,"featured_media":0,"comment_status":"open","ping_status":"open","sticky":false,"template":"","format":"standard","meta":{"footnotes":""},"categories":[44],"tags":[],"_links":{"self":[{"href":"https:\/\/zurnalsiepirkumi.lv\/index.php?rest_route=\/wp\/v2\/posts\/15734"}],"collection":[{"href":"https:\/\/zurnalsiepirkumi.lv\/index.php?rest_route=\/wp\/v2\/posts"}],"about":[{"href":"https:\/\/zurnalsiepirkumi.lv\/index.php?rest_route=\/wp\/v2\/types\/post"}],"author":[{"embeddable":true,"href":"https:\/\/zurnalsiepirkumi.lv\/index.php?rest_route=\/wp\/v2\/users\/1"}],"replies":[{"embeddable":true,"href":"https:\/\/zurnalsiepirkumi.lv\/index.php?rest_route=%2Fwp%2Fv2%2Fcomments&post=15734"}],"version-history":[{"count":4,"href":"https:\/\/zurnalsiepirkumi.lv\/index.php?rest_route=\/wp\/v2\/posts\/15734\/revisions"}],"predecessor-version":[{"id":15738,"href":"https:\/\/zurnalsiepirkumi.lv\/index.php?rest_route=\/wp\/v2\/posts\/15734\/revisions\/15738"}],"wp:attachment":[{"href":"https:\/\/zurnalsiepirkumi.lv\/index.php?rest_route=%2Fwp%2Fv2%2Fmedia&parent=15734"}],"wp:term":[{"taxonomy":"category","embeddable":true,"href":"https:\/\/zurnalsiepirkumi.lv\/index.php?rest_route=%2Fwp%2Fv2%2Fcategories&post=15734"},{"taxonomy":"post_tag","embeddable":true,"href":"https:\/\/zurnalsiepirkumi.lv\/index.php?rest_route=%2Fwp%2Fv2%2Ftags&post=15734"}],"curies":[{"name":"wp","href":"https:\/\/api.w.org\/{rel}","templated":true}]}}