{"id":15157,"date":"2021-04-20T07:18:45","date_gmt":"2021-04-20T05:18:45","guid":{"rendered":"https:\/\/zurnalsiepirkumi.lv\/?p=15157"},"modified":"2021-04-20T07:18:48","modified_gmt":"2021-04-20T05:18:48","slug":"eiropas-komisija-izsludina-pieteiksanos-2021-gada-konkursam-eiropas-uznemejdarbibas-veicinasanas-balva","status":"publish","type":"post","link":"https:\/\/zurnalsiepirkumi.lv\/?p=15157","title":{"rendered":"Eiropas Komisija izsludina pieteik\u0161anos 2021. gada konkursam \u201eEiropas Uz\u0146\u0113m\u0113jdarb\u012bbas Veicin\u0101\u0161anas balva\u201d!"},"content":{"rendered":"\n<p><strong>Ekonomikas ministrija aicina uz\u0146\u0113m\u0113jus p\u0101rst\u0101vo\u0161\u0101s organiz\u0101cijas, valsts, re\u0123ion\u0101l\u0101s vai pa\u0161vald\u012bbu iest\u0101des un organiz\u0101cijas, k\u0101 ar\u012b publisk\u0101 un priv\u0101t\u0101 sektora partner\u012bbas organiz\u0101cijas, kas nodibin\u0101tas starp valsts iest\u0101d\u0113m un uz\u0146\u0113mumiem, izgl\u012bt\u012bbas programm\u0101m un uz\u0146\u0113m\u0113jdarb\u012bbas organiz\u0101cij\u0101m, un \u012bstenoju\u0161as pas\u0101kumus uz\u0146\u0113m\u0113jdarb\u012bbas sekm\u0113\u0161anai Latvij\u0101, piedal\u012bties Eiropas Komisijas izsludin\u0101taj\u0101 konkurs\u0101 \u201cEiropas Uz\u0146\u0113m\u0113jdarb\u012bbas Veicin\u0101\u0161anas balva 2021\u201d.<\/strong>&nbsp;Projektus konkursam var iesniegt l\u012bdz \u0161.g. 11.&nbsp;j\u016bnijam.<\/p>\n\n\n\n<p>Konkursa m\u0113r\u0137is ir apzin\u0101t un nov\u0113rt\u0113t visveiksm\u012bg\u0101kos uz\u0146\u0113m\u0113jdarb\u012bbas un uz\u0146\u0113mumu veicin\u0101t\u0101jus vis\u0101 Eirop\u0101, \u012bpa\u0161i izcelt uz\u0146\u0113m\u0113jdarb\u012bbas lab\u0101ko politiku un lab\u0101ko praksi, veidot izpratni par uz\u0146\u0113m\u0113jdarb\u012bbas pievienoto v\u0113rt\u012bbu, k\u0101 ar\u012b iedvesmot potenci\u0101los uz\u0146\u0113m\u0113jus.<\/p>\n\n\n\n<p><strong>Uz\u0146\u0113m\u0113jdarb\u012bbas veicin\u0101\u0161anas projektus var pieteikt se\u0161\u0101s kategorij\u0101s:<\/strong><\/p>\n\n\n\n<ul><li><strong>Uz\u0146\u0113m\u0113jdarb\u012bbas gara veicin\u0101\u0161ana,&nbsp;<\/strong>kur\u0101 tiek v\u0113rt\u0113tas valsts, re\u0123ion\u0101l\u0101 vai viet\u0113j\u0101 l\u012bme\u0146a iniciat\u012bvas, kas veicina uz\u0146\u0113m\u0113jdarb\u012bbas dom\u0101\u0161anas veidu, \u012bpa\u0161i jaunie\u0161u un sievie\u0161u vid\u016b.<\/li><\/ul>\n\n\n\n<ul><li><strong>Ieguld\u012bjums uz\u0146\u0113m\u0113jdarb\u012bbas prasm\u0113s,&nbsp;<\/strong>kur\u0101 tiek v\u0113rt\u0113tas valsts, re\u0123ion\u0101l\u0101 vai viet\u0113j\u0101 l\u012bme\u0146a iniciat\u012bvas, kas pal\u012bdz uzlabot uz\u0146\u0113m\u0113jdarb\u012bbu, vad\u012bbu un darbinieku prasmes.<\/li><li><strong>Uz\u0146\u0113m\u0113jdarb\u012bbas vides uzlabo\u0161ana,&nbsp;<\/strong>kur\u0101 tiek v\u0113rt\u0113ta valsts, re\u0123ion\u0101l\u0101 vai viet\u0113j\u0101 l\u012bme\u0146a inovat\u012bva politika, kas veicina uz\u0146\u0113mumu veido\u0161anu un att\u012bst\u012bbu, vienk\u0101r\u0161o uz\u0146\u0113mumiem paredz\u0113t\u0101s likumdo\u0161anas un administrat\u012bv\u0101s proced\u016bras, k\u0101 ar\u012b \u012bsteno principu \u201cvispirms dom\u0101t par mazajiem uz\u0146\u0113mumiem\u201d, t\u0101d\u0113j\u0101di r\u016bp\u0113joties par mazajiem un vid\u0113jiem uz\u0146\u0113mumiem.<\/li><li><strong>Atbalsts uz\u0146\u0113m\u0113jdarb\u012bbas internacionaliz\u0113\u0161anai,&nbsp;<\/strong>kur\u0101 tiek v\u0113rt\u0113ta politika, kas valsts, re\u0123ion\u0101laj\u0101 vai viet\u0113j\u0101 l\u012bmen\u012b mudina uz\u0146\u0113mumus \u2014 \u012bpa\u0161i mazos un vid\u0113jos \u2014 izmantot Eiropas Savien\u012bbas un pasaules tirgus sniegt\u0101s iesp\u0113jas.<\/li><li><strong>Atbalsts videi nekait\u012bga tirgus att\u012bst\u012bbai un resursu efekt\u012bvai izmanto\u0161anai,&nbsp;<\/strong>kur\u0101 tiek v\u0113rt\u0113tas valsts, re\u0123ion\u0101l\u0101 vai viet\u0113j\u0101 l\u012bme\u0146a pamatnost\u0101dnes un iniciat\u012bvas, kas sniedz maziem un vid\u0113jiem uz\u0146\u0113mumiem pal\u012bdz\u012bbu piek\u013c\u016b\u0161anai videi nekait\u012bgam tirgum un pal\u012bdz tiem efekt\u012bv\u0101k izmantot resursus, piem\u0113ram, pal\u012bdzot ieg\u016bt \u201cza\u013co kvalifik\u0101ciju\u201d, veicinot sadarb\u012bbu un nodro\u0161inot finans\u0113jumu.<\/li><li><strong>Atbild\u012bga un iek\u013caujo\u0161a uz\u0146\u0113m\u0113jdarb\u012bba,&nbsp;<\/strong>kur\u0101 tiek nov\u0113rt\u0113ti valsts, re\u0123ion\u0101lo vai pa\u0161vald\u012bbas iest\u0101\u017eu vai valsts un priv\u0101t\u0101 sektora sadarb\u012bbas pas\u0101kumi, kas sekm\u0113 uz\u0146\u0113mumu soci\u0101lo atbild\u012bbu mazajos un vid\u0113jos uz\u0146\u0113mumos. \u0160aj\u0101 kategorij\u0101 tiks nov\u0113rt\u0113ti ar\u012b centieni sekm\u0113t uz\u0146\u0113m\u0113jdarb\u012bbu maz\u0101k aizsarg\u0101taj\u0101s grup\u0101s, piem\u0113ram, bezdarbnieku, leg\u0101lo migrantu, cilv\u0113ku ar \u012bpa\u0161\u0101m vajadz\u012bb\u0101m un etnisko minorit\u0101\u0161u vid\u016b.<\/li><\/ul>\n\n\n\n<p><strong>Nacion\u0101l\u0101 l\u012bme\u0146a atlasei pretendentiem l\u012bdz \u0161.g. 11.j\u016bnijam ir j\u0101aizpilda Ekonomikas ministrijas t\u012bmek\u013ca vietn\u0113 pieejam\u0101&nbsp;<\/strong><a href=\"https:\/\/www.em.gov.lv\/lv\/eiropas-uznemejdarbibas-veicinasanas-balva\"><strong>pieteikuma veidlapa<\/strong><\/a><strong>&nbsp;(latvie\u0161u un, v\u0113lams, ang\u013cu valod\u0101)&nbsp;<\/strong>un j\u0101nos\u016bta elektroniski uz e-pastu&nbsp;<a href=\"mailto:elina.petersone@em.gov.lvv\">elina.petersone@em.gov.lv<\/a>vai pa pastu Ekonomikas ministrijai uz adresi Br\u012bv\u012bbas iela 55, R\u012bga, LV-1519, Latvija. Papildu inform\u0101cija par konkursu un pieteikuma anketa pieejama&nbsp;<a href=\"https:\/\/www.em.gov.lv\/lv\/eiropas-uznemejdarbibas-veicinasanas-balva\">Ekonomikas ministrijas t\u012bmek\u013ca vietn\u0113<\/a>.<\/p>\n\n\n\n<p>Konkursam ir divas atlases k\u0101rtas\u2013 vispirms nacion\u0101l\u0101 l\u012bme\u0146a atlases k\u0101rta, kuru Latvij\u0101 organiz\u0113 Ekonomikas ministrija, un&nbsp; Eiropas m\u0113roga atlase, kur\u0101 augsta l\u012bme\u0146a \u017e\u016brija izv\u0113l\u0113sies piecus uzvar\u0113t\u0101jus.&nbsp;<strong>L\u012bdz \u0161.g. 16.&nbsp;j\u016blijam tiks pazi\u0146oti ne vair\u0101k k\u0101 divi nacion\u0101l\u0101 l\u012bme\u0146a uzvar\u0113t\u0101ji,&nbsp;<\/strong>kurus Ekonomikas ministrija pieteiks konkursa&nbsp;\u201cEiropas uz\u0146\u0113m\u0113jdarb\u012bbas veicin\u0101\u0161anas balva\u201d&nbsp;fin\u0101lam Eiropas m\u0113rog\u0101.Konkursa uzvar\u0113t\u0101jus pasludin\u0101s apbalvo\u0161anas ceremonij\u0101 2021.&nbsp;gada novembr\u012b.&nbsp;Pla\u0161\u0101ka inform\u0101cija par konkursu pieejama&nbsp;<a href=\"http:\/\/ec.europa.eu\/growth\/smes\/support\/enterprise-promotion-awards\/index_en.htm\">Eiropas Komisijas t\u012bmek\u013ca vietn\u0113<\/a>, savuk\u0101rt konkursa jaunumiem var sekot&nbsp;<a href=\"https:\/\/blogs.ec.europa.eu\/promotingenterprise\/\">Promoting Enterprise News<\/a>,&nbsp;<a href=\"https:\/\/twitter.com\/EEPA_EU\">Twitter<\/a>,&nbsp;<a href=\"https:\/\/www.facebook.com\/PromotingEnterprise\">Facebook<\/a>&nbsp;un&nbsp;<a href=\"https:\/\/www.instagram.com\/promotingenterprise\/\">Instagram<\/a>.<\/p>\n\n\n\n<p>Konkurss \u201cEiropas uz\u0146\u0113m\u0113jdarb\u012bbas veicin\u0101\u0161anas balvas\u201d no 2006. gada apbalvo izcilas iniciat\u012bvas, kas valsts, pa\u0161vald\u012bbu un re\u0123ion\u0101l\u0101 l\u012bmen\u012b atbalsta uz\u0146\u0113m\u0113jdarb\u012bbu. Kop\u0161 konkurss ir uzs\u0101cis savu darb\u012bbu taj\u0101 ir piedal\u012bju\u0161ies vair\u0101k nek\u0101 4000 projekti, k\u0101 rezult\u0101t\u0101 izveidoju\u0161ies vair\u0101k nek\u0101 10 000 jaunu uz\u0146\u0113mumu.<\/p>\n\n\n\n<p>2019.&nbsp;gada konkursa \u201cEiropas uz\u0146\u0113m\u0113jdarb\u012bbas veicin\u0101\u0161anas balva\u201d fin\u0101lam no Latvijas tika izvirz\u012bta AS Air Baltic Corporation \u201cairBaltic Pilotu akad\u0113mija\u201d un Sabiedr\u012bbas integr\u0101cijas fonda kust\u012bba \u201cDa\u017e\u0101d\u012bb\u0101 ir sp\u0113ks\u201d.<\/p>\n","protected":false},"excerpt":{"rendered":"<p>\ufeff<b>Ekonomikas ministrija<\/b> aicina uz\u0146\u0113m\u0113jus p\u0101rst\u0101vo\u0161\u0101s organiz\u0101cijas, valsts, re\u0123ion\u0101l\u0101s vai pa\u0161vald\u012bbu iest\u0101des un organiz\u0101cijas, k\u0101 ar\u012b publisk\u0101 un priv\u0101t\u0101 sektora partner\u012bbas organiz\u0101cijas, kas nodibin\u0101tas starp valsts iest\u0101d\u0113m un uz\u0146\u0113mumiem, izgl\u012bt\u012bbas programm\u0101m un uz\u0146\u0113m\u0113jdarb\u012bbas organiz\u0101cij\u0101m, un \u012bstenoju\u0161as pas\u0101kumus uz\u0146\u0113m\u0113jdarb\u012bbas sekm\u0113\u0161anai Latvij\u0101, <b>piedal\u012bties Eiropas Komisijas izsludin\u0101taj\u0101 konkurs\u0101 \u201cEiropas Uz\u0146\u0113m\u0113jdarb\u012bbas Veicin\u0101\u0161anas balva 2021\u201d<\/b>.<\/p>\n","protected":false},"author":1,"featured_media":0,"comment_status":"open","ping_status":"open","sticky":false,"template":"","format":"standard","meta":{"footnotes":""},"categories":[404,47],"tags":[],"_links":{"self":[{"href":"https:\/\/zurnalsiepirkumi.lv\/index.php?rest_route=\/wp\/v2\/posts\/15157"}],"collection":[{"href":"https:\/\/zurnalsiepirkumi.lv\/index.php?rest_route=\/wp\/v2\/posts"}],"about":[{"href":"https:\/\/zurnalsiepirkumi.lv\/index.php?rest_route=\/wp\/v2\/types\/post"}],"author":[{"embeddable":true,"href":"https:\/\/zurnalsiepirkumi.lv\/index.php?rest_route=\/wp\/v2\/users\/1"}],"replies":[{"embeddable":true,"href":"https:\/\/zurnalsiepirkumi.lv\/index.php?rest_route=%2Fwp%2Fv2%2Fcomments&post=15157"}],"version-history":[{"count":1,"href":"https:\/\/zurnalsiepirkumi.lv\/index.php?rest_route=\/wp\/v2\/posts\/15157\/revisions"}],"predecessor-version":[{"id":15158,"href":"https:\/\/zurnalsiepirkumi.lv\/index.php?rest_route=\/wp\/v2\/posts\/15157\/revisions\/15158"}],"wp:attachment":[{"href":"https:\/\/zurnalsiepirkumi.lv\/index.php?rest_route=%2Fwp%2Fv2%2Fmedia&parent=15157"}],"wp:term":[{"taxonomy":"category","embeddable":true,"href":"https:\/\/zurnalsiepirkumi.lv\/index.php?rest_route=%2Fwp%2Fv2%2Fcategories&post=15157"},{"taxonomy":"post_tag","embeddable":true,"href":"https:\/\/zurnalsiepirkumi.lv\/index.php?rest_route=%2Fwp%2Fv2%2Ftags&post=15157"}],"curies":[{"name":"wp","href":"https:\/\/api.w.org\/{rel}","templated":true}]}}