{"id":14911,"date":"2021-03-05T08:18:59","date_gmt":"2021-03-05T06:18:59","guid":{"rendered":"https:\/\/zurnalsiepirkumi.lv\/?p=14911"},"modified":"2021-03-05T08:19:01","modified_gmt":"2021-03-05T06:19:01","slug":"no-5-marta-grants-apgrozamajiem-lidzekliem-bus-pieejams-butiski-plasakam-komersantu-lokam","status":"publish","type":"post","link":"https:\/\/zurnalsiepirkumi.lv\/?p=14911","title":{"rendered":"No 5. marta grants apgroz\u0101majiem l\u012bdzek\u013ciem b\u016bs pieejams b\u016btiski pla\u0161\u0101kam komersantu lokam"},"content":{"rendered":"<p><b>Ekonomikas ministrija ir sa\u0146\u0113musi Eiropas Komisijas saska\u0146ojumu par \u0161.g. s\u0101kum\u0101 (28. janv\u0101r\u012b, 4. febru\u0101r\u012b un 18. febru\u0101r\u012b) vald\u012bbas apstiprin\u0101tajiem groz\u012bjumiem atbalsta programm\u0101 granta (d\u0101vin\u0101juma) sa\u0146em\u0161anai apgroz\u0101majiem l\u012bdzek\u013ciem Covid-19 skartajiem uz\u0146\u0113mumiem.<\/b> L\u012bdz ar to Valsts ie\u0146\u0113mumu dienests \u0161.g. 5. mart\u0101 uzs\u0101ks pieteikumu pie\u0146em\u0161anu atbalsta sa\u0146em\u0161anai p\u0113c preciz\u0113tajiem krit\u0113rijiem, t.i. atbalsts b\u016bs pieejams b\u016btiski pla\u0161\u0101kam komersantu lokam.<\/p>\n<p><i>\u201cTurpinoties ieilgu\u0161ajam Covid-19 ekonomik\u0101s kr\u012bzes periodam un sekojot situ\u0101cijai v\u012brusa ierobe\u017eojo\u0161o pas\u0101kumu skartaj\u0101s un tie\u0161i ietekm\u0113taj\u0101s nozar\u0113s, apgroz\u0101mo l\u012bdzek\u013cu programmu esam vair\u0101kk\u0101rt uzlaboju\u0161i un piel\u0101goju\u0161i, lai atbalsts sasniedz m\u0113r\u0137i \u2013 pal\u012bdz\u0113t uz\u0146\u0113m\u0113jiem \u0161aj\u0101 sare\u017e\u0123\u012btaj\u0101 period\u0101 saglab\u0101t darba vietas un notur\u0113t darbiniekus, \u201cp\u0101rziemot\u201d \u0161o kr\u012bzes periodu un ar\u012b p\u0113c kr\u012bzes turpin\u0101t savu saimniecisko darb\u012bbu.<\/i><\/p>\n<p><i>Izprotot uz\u0146\u0113m\u0113ju vajadz\u012bbas un nepiecie\u0161am\u012bbas, atbalstu uz\u0146\u0113m\u0113ji var sa\u0146emt par katru m\u0113nesi, k\u0101 ar\u012b  ir pagarin\u0101ts atbalsta sa\u0146em\u0161anas periods, dubultots atbalsta apm\u0113rs un palielin\u0101ts programmas kop\u0113jais finans\u0113jums. P\u0113d\u0113jie saska\u0146otie groz\u012bjumi \u013caus b\u016btiski papla\u0161in\u0101t ar\u012b potenci\u0101lo atbalsta sa\u0146\u0113m\u0113ju loku, lai atbalstu sa\u0146emti visi Covid-19 kr\u012bz\u0113 skartie uz\u0146\u0113m\u0113ji apgroz\u0101mo l\u012bdzek\u013cu pl\u016bsmas krituma kompens\u0113\u0161anai,\u201d<\/i> <b>J\u0101nis Vitenbergs<\/b>.<\/p>\n<p>Apgroz\u0101mo l\u012bdzek\u013cu grants tiek pie\u0161\u0137irts Covid-19 kr\u012bzes skartiem uz\u0146\u0113mumiem apgroz\u0101mo l\u012bdzek\u013cu pl\u016bsmas krituma kompens\u0113\u0161anai, lai p\u0101rvar\u0113tu Covid-19 infekcijas otro izplat\u012b\u0161an\u0101s vilni.<\/p>\n<p>L\u012bdz ar preciz\u0113tajiem krit\u0113rijiem, no \u0161.g. janv\u0101ra l\u012bdz maijam ikm\u0113ne\u0161a grantam (d\u0101vin\u0101jumam) apgroz\u0101mo l\u012bdzek\u013cu pl\u016bsmas krituma kompens\u0113\u0161anai var\u0113s pieteikties uz\u0146\u0113mumi, kuru apgroz\u012bjuma kritums attiec\u012bgaj\u0101 m\u0113nes\u012b atbilst vienam no \u0161\u0101diem krit\u0113rijiem:<\/p>\n<p>&#8211; atbalsta perioda m\u0113nes\u012b uz\u0146\u0113muma apgroz\u012bjums ir krities vismaz par 20 %, sal\u012bdzinot ar vid\u0113jo apgroz\u012bjumu 2020. gada august\u0101, septembr\u012b un oktobr\u012b kop\u0101, un kuram atbalsta perioda m\u0113nes\u012b apgroz\u012bjums ir krities vismaz par 30 %, sal\u012bdzinot ar apgroz\u012bjumu 2019. gada vai 2020.gada attiec\u012bgaj\u0101 m\u0113nes\u012b;<\/p>\n<p>&#8211; re\u0123istr\u0113ts Valsts ie\u0146\u0113mumu dienest\u0101 k\u0101 nodok\u013cu maks\u0101t\u0101js p\u0113c 2020. gada 1. janv\u0101ra un kuram atbalsta perioda m\u0113nes\u012b apgroz\u012bjums ir krities vismaz par 20 %, sal\u012bdzinot ar vid\u0113jo apgroz\u012bjumu 2020. gada august\u0101, septembr\u012b un oktobr\u012b kop\u0101;<\/p>\n<p>&#8211; uzs\u0101cis saimniecisko darb\u012bbu p\u0113c 2019. gada 1.janv\u0101ra un kuram atbalsta perioda m\u0113nes\u012b apgroz\u012bjums ir krities vismaz par 20 %, sal\u012bdzinot ar vid\u0113jo apgroz\u012bjumu 2020. gada august\u0101, septembr\u012b un oktobr\u012b kop\u0101;<\/p>\n<p>&#8211; atbalsta perioda m\u0113nes\u012b uz\u0146\u0113muma apgroz\u012bjums ir krities vismaz par 30%, sal\u012bdzinot ar 2019. gada atbilsto\u0161o kalend\u0101ra m\u0113nesi, un kura apgroz\u012bjums kop\u0161 2020. gada 1. apr\u012b\u013ca vismaz tr\u012bs m\u0113ne\u0161us ir p\u0101rsniedzis 10% no 2019. gada atbilsto\u0161\u0101 kalend\u0101r\u0101 m\u0113ne\u0161a apgroz\u012bjuma.<\/p>\n<p>Ja uz\u0146\u0113mums iepriek\u0161 \u2013 \u0161\u0101 gada janv\u0101r\u012b un febru\u0101r\u012b &#8211; nekvalific\u0113j\u0101s atbalsta sa\u0146em\u0161anai, bet p\u0113c preciz\u0113tajiem krit\u0113rijiem tas var kvalific\u0113ties, uz\u0146\u0113mums var iesniegt iesniegumu atbalsta sa\u0146em\u0161anai ar\u012b par \u0161.g. janv\u0101ri un febru\u0101ri (iesniegums j\u0101iesniedz par katru m\u0113nesi atsevi\u0161\u0137i, apliecinot apgroz\u012bjuma kritumu attiec\u012bgaj\u0101 m\u0113nes\u012b).<\/p>\n<p>B\u016btiski atg\u0101din\u0101t, ka apgroz\u012bjuma krituma apr\u0113\u0137in\u0101 netiek \u0146emts v\u0113r\u0101 sa\u0146emt\u0101 atbalsta apm\u0113rs. Vienlaikus j\u0101nor\u0101da, ka tas neatce\u013c nodok\u013cu nomaksas un gr\u0101matved\u012bbas k\u0101rto\u0161anas pras\u012bbas.<\/p>\n<p>Lai noteiktu, vai uz\u0146\u0113mums ir faktiski uzs\u0101cis saimniecisko darb\u012bbu p\u0113c 2019. gada 1. janv\u0101ra, Valsts ie\u0146\u0113mumu dienests v\u0113rt\u0113s, vai attiec\u012bgaj\u0101 gada p\u0101rskat\u0101 atspogu\u013cojas pas\u0101kumu kopums, kas identific\u0113, ka uz\u0146\u0113mums pl\u0101no uzs\u0101kt saimniecisko darb\u012bbu, piem\u0113ram, nosl\u0113gti darba l\u012bgumi, telpu nomas l\u012bgumi u.tml. Min\u0113t\u0101 pieeja noz\u012bm\u0113, ka uz\u0146\u0113mums var b\u016bt re\u0123istr\u0113ts ar\u012b agr\u0101k, piem\u0113ram, 2017. gad\u0101, bet p\u0113c 2019. gada bijusi faktisk\u0101 saimniecisk\u0101 darb\u012bba.<\/p>\n<p>Atbalsta apm\u0113rs ik m\u0113nesi, s\u0101kot no 2021. gada 1. janv\u0101ra l\u012bdz 31. maijam, b\u016bs 60 % no uz\u0146\u0113muma bruto darba algas kopsummas (tai skait\u0101 ar\u012b veikt\u0101s darba dev\u0113ja valsts soci\u0101l\u0101s apdro\u0161in\u0101\u0161anas oblig\u0101t\u0101s iemaksas), par kuru samaks\u0101ti darba algas nodok\u013ci 2020. gada august\u0101, septembr\u012b un oktobr\u012b, bet ne vair\u0101k k\u0101 100 000 eiro m\u0113nes\u012b, un ne vair\u0101k k\u0101 1 800 000 eiro m\u0113nes\u012b kop\u0101 saist\u012btu personu grupai.<\/p>\n<p>Komersanti grantam (d\u0101vin\u0101jumam) apgroz\u0101majiem l\u012bdzek\u013ciem var pieteikties katru m\u0113nesi l\u012bdz 2021. gada 31. maijam, iesniedzot iesniegumus Valsts ie\u0146\u0113mumu dienesta (VID) EDS v\u0113l\u0101kais l\u012bdz 15. j\u016bnijam un iesniedzot pieteikumu par katru m\u0113nesi atsevi\u0161\u0137i. Atbalstu komersanti var\u0113s izlietot no atbalsta pie\u0161\u0137ir\u0161anas br\u012b\u017ea, bet ne v\u0113l\u0101k k\u0101 2021. gada 31. j\u016blijam.<br \/>\nKrit\u0113rijus un k\u0101rt\u012bbu granta pie\u0161\u0137ir\u0161anai Covid-19 kr\u012bzes skartajiem nodok\u013cu maks\u0101t\u0101jiem apgroz\u0101mo l\u012bdzek\u013cu pl\u016bsmas nodro\u0161in\u0101\u0161anai nosaka Ministru kabineta 10.11.2020 noteikumi Nr.676 <a href=\"https:\/\/likumi.lv\/ta\/id\/318758-noteikumi-par-atbalstu-covid-19-krizes-skartajiem-uznemumiem-apgrozamo-lidzeklu-plusmas-nodrosinasanai\" target=\"blank\" rel=\"noopener noreferrer\">&#8220;Noteikumi par atbalstu Covid-19 kr\u012bzes skartajiem uz\u0146\u0113mumiem apgroz\u0101mo l\u012bdzek\u013cu pl\u016bsmas nodro\u0161in\u0101\u0161anai&#8221;. <\/a><\/p>\n<p>Atbalsta programmas kop\u0113jais finans\u0113jums ir 310,8 miljoni EUR.<\/p>\n<p>L\u012bdz \u0161\u0101 gada 2. martam p\u0113c 6022 iesniegumiem VID izmaks\u0101jis grantus kopum\u0101 56 milj. eiro apm\u0113r\u0101.<\/p>\n<p>Kop\u0161 2020. gada pavasara Ekonomikas ministrija uz\u0146\u0113m\u0113ju atbalstam ir izstr\u0101d\u0101jusi vair\u0101k k\u0101 20 \u012bpa\u0161as atbalsta programmas Covid-19 seku mazin\u0101\u0161anai. Papildu inform\u0101cija par \u0161obr\u012bd aktu\u0101laj\u0101m atbalsta programm\u0101m pieejama <a href=\"https:\/\/www.em.gov.lv\/lv\/atbalsta-pasakumi-uznemejiem\" target=\"blank\" rel=\"noopener noreferrer\">Ekonomikas ministrijas t\u012bmek\u013ca vietn\u0113.<\/a><\/p>\n","protected":false},"excerpt":{"rendered":"<p><b>Ekonomikas ministrija ir sa\u0146\u0113musi Eiropas Komisijas saska\u0146ojumu par \u0161.g. s\u0101kum\u0101 (28. janv\u0101r\u012b, 4. febru\u0101r\u012b un 18. febru\u0101r\u012b) vald\u012bbas apstiprin\u0101tajiem groz\u012bjumiem atbalsta programm\u0101 granta (d\u0101vin\u0101juma) sa\u0146em\u0161anai apgroz\u0101majiem l\u012bdzek\u013ciem Covid-19 skartajiem uz\u0146\u0113mumiem.<\/b> <\/p>\n","protected":false},"author":1,"featured_media":0,"comment_status":"open","ping_status":"open","sticky":false,"template":"","format":"standard","meta":{"footnotes":""},"categories":[23,120,39,403,47,48],"tags":[],"_links":{"self":[{"href":"https:\/\/zurnalsiepirkumi.lv\/index.php?rest_route=\/wp\/v2\/posts\/14911"}],"collection":[{"href":"https:\/\/zurnalsiepirkumi.lv\/index.php?rest_route=\/wp\/v2\/posts"}],"about":[{"href":"https:\/\/zurnalsiepirkumi.lv\/index.php?rest_route=\/wp\/v2\/types\/post"}],"author":[{"embeddable":true,"href":"https:\/\/zurnalsiepirkumi.lv\/index.php?rest_route=\/wp\/v2\/users\/1"}],"replies":[{"embeddable":true,"href":"https:\/\/zurnalsiepirkumi.lv\/index.php?rest_route=%2Fwp%2Fv2%2Fcomments&post=14911"}],"version-history":[{"count":2,"href":"https:\/\/zurnalsiepirkumi.lv\/index.php?rest_route=\/wp\/v2\/posts\/14911\/revisions"}],"predecessor-version":[{"id":14913,"href":"https:\/\/zurnalsiepirkumi.lv\/index.php?rest_route=\/wp\/v2\/posts\/14911\/revisions\/14913"}],"wp:attachment":[{"href":"https:\/\/zurnalsiepirkumi.lv\/index.php?rest_route=%2Fwp%2Fv2%2Fmedia&parent=14911"}],"wp:term":[{"taxonomy":"category","embeddable":true,"href":"https:\/\/zurnalsiepirkumi.lv\/index.php?rest_route=%2Fwp%2Fv2%2Fcategories&post=14911"},{"taxonomy":"post_tag","embeddable":true,"href":"https:\/\/zurnalsiepirkumi.lv\/index.php?rest_route=%2Fwp%2Fv2%2Ftags&post=14911"}],"curies":[{"name":"wp","href":"https:\/\/api.w.org\/{rel}","templated":true}]}}