{"id":14718,"date":"2021-01-29T08:28:51","date_gmt":"2021-01-29T06:28:51","guid":{"rendered":"https:\/\/zurnalsiepirkumi.lv\/?p=14718"},"modified":"2021-01-29T08:28:53","modified_gmt":"2021-01-29T06:28:53","slug":"mk-vienojas-butiski-paplasinat-atbalstu-uznemejiem-apgrozamo-lidzeklu-plusmas-krituma-kompensesanai","status":"publish","type":"post","link":"https:\/\/zurnalsiepirkumi.lv\/?p=14718","title":{"rendered":"MK vienojas b\u016btiski papla\u0161in\u0101t atbalstu uz\u0146\u0113m\u0113jiem apgroz\u0101mo l\u012bdzek\u013cu pl\u016bsmas krituma kompens\u0113\u0161anai"},"content":{"rendered":"<p><b>Ministru kabineta s\u0113d\u0113 28. janv\u0101r\u012b vald\u012bba l\u0113ma b\u016btiski papla\u0161in\u0101t potenci\u0101lo atbalsta sa\u0146\u0113m\u0113ju loku granta pie\u0161\u0137ir\u0161anai apgroz\u0101mo l\u012bdzek\u013cu pl\u016bsmas krituma kompens\u0113\u0161anai, atbalsta programmu papildinot ar jauniem kvalifik\u0101cijas krit\u0113rijiem.<\/b> K\u0101 zin\u0101ms, jau 12. janv\u0101ra s\u0113d\u0113 vald\u012bba pie\u0146\u0113ma l\u0113mumu, ka \u0161is grants komersantiem \u0161ogad b\u016bs pieejams katru m\u0113nesi l\u012bdz maija beig\u0101m. Ab\u0101s vald\u012bbas s\u0113d\u0113s apstiprin\u0101tie groz\u012bjumi apgroz\u0101mo l\u012bdzek\u013cu granta atbalsta programm\u0101 st\u0101sies sp\u0113k\u0101 p\u0113c to saska\u0146o\u0161anas ar Eiropas Komisiju. L\u012bdz ar to no \u0161\u0101 gada s\u0101kuma atbalsta snieg\u0161an\u0101 tiks piem\u0113rota jauna k\u0101rt\u012bba un krit\u0113riji, ko var uzskat\u012bt par atbalsta programmas 2. k\u0101rtu.<\/p>\n<p><i>\u201cDaudzu, jo daudzu uz\u0146\u0113m\u0113ju v\u0101rd\u0101 pau\u017eu milz\u012bgu gandar\u012bjumu, ka vald\u012bbai beidzot izdevies vienoties par \u0161\u012bs atbalsta programmas papla\u0161in\u0101\u0161anu. Ekonomikas ministrija jau vair\u0101kk\u0101rt kop\u0161 p\u0113rn\u0101 gada nogales aicin\u0101jusi p\u0101rskat\u012bt atbalsta sa\u0146em\u0161anas krit\u0113rijus, lai nodro\u0161in\u0101tu atbalsta pieejam\u012bbu pla\u0161\u0101kam lokam Covid-19 skartajiem uz\u0146\u0113mumiem. M\u0113s joproj\u0101m ik dienu sa\u0146emam inform\u0101ciju no komersantiem, kas ir b\u016btiski cietu\u0161i Covid-19 izplat\u012bbas mazin\u0101\u0161anas ieviesto ierobe\u017eojumu d\u0113\u013c, bet atsevi\u0161\u0137os gad\u012bjumos nekvalific\u0113jas atbalsta sa\u0146em\u0161anai iepriek\u0161 noteikto nepiln\u012bgo krit\u0113riju d\u0113\u013c,\u201d<\/i> uzsver ekonomikas ministrs <b>J\u0101nis Vitenbergs<\/b>.<\/p>\n<p><b>No \u0161.g. janv\u0101ra l\u012bdz maijam ikm\u0113ne\u0161a grantam (d\u0101vin\u0101jumam) apgroz\u0101mo l\u012bdzek\u013cu pl\u016bsmas krituma kompens\u0113\u0161anai var\u0113s pieteikties uz\u0146\u0113mumi, kuru apgroz\u012bjuma kritums attiec\u012bgaj\u0101 m\u0113nes\u012b atbilst vienam no \u0161\u0101diem krit\u0113rijiem:<\/b><\/p>\n<p>&#8211;  atbalsta perioda m\u0113nes\u012b uz\u0146\u0113muma apgroz\u012bjums ir krities vismaz par 20 %, sal\u012bdzinot ar vid\u0113jo apgroz\u012bjumu 2020. gada august\u0101, septembr\u012b un oktobr\u012b kop\u0101, un kuram atbalsta perioda m\u0113nes\u012b apgroz\u012bjums ir krities vismaz par 30 %, sal\u012bdzinot ar apgroz\u012bjumu 2019. gada vai 2020.gada attiec\u012bgaj\u0101 m\u0113nes\u012b;<\/p>\n<p>&#8211;  re\u0123istr\u0113ts Valsts ie\u0146\u0113mumu dienest\u0101 k\u0101 nodok\u013cu maks\u0101t\u0101js p\u0113c 2020. gada 1. janv\u0101ra un kuram atbalsta perioda m\u0113nes\u012b apgroz\u012bjums ir krities vismaz par 20 %, sal\u012bdzinot ar vid\u0113jo apgroz\u012bjumu 2020. gada august\u0101, septembr\u012b un oktobr\u012b kop\u0101;<\/p>\n<p>&#8211;  uzs\u0101cis saimniecisko darb\u012bbu p\u0113c 2019. gada 1.janv\u0101ra un kuram atbalsta perioda m\u0113nes\u012b apgroz\u012bjums ir krities vismaz par 20 %, sal\u012bdzinot ar vid\u0113jo apgroz\u012bjumu 2020. gada august\u0101, septembr\u012b un oktobr\u012b kop\u0101;<\/p>\n<p>&#8211;  atbalsta perioda m\u0113nes\u012b uz\u0146\u0113muma apgroz\u012bjums ir krities vismaz par 30%, sal\u012bdzinot ar 2019. gada atbilsto\u0161o kalend\u0101ra m\u0113nesi, un kura apgroz\u012bjums kop\u0161 2020. gada 1. apr\u012b\u013ca vismaz tr\u012bs m\u0113ne\u0161us ir p\u0101rsniedzis 10% no 2019. gada atbilsto\u0161\u0101 kalend\u0101r\u0101 m\u0113ne\u0161a apgroz\u012bjuma.<\/p>\n<p>Lai noteiktu, vai uz\u0146\u0113mums ir faktiski uzs\u0101cis saimniecisko darb\u012bbu p\u0113c 2019. gada 1. janv\u0101ra, Valsts ie\u0146\u0113mumu dienests v\u0113rt\u0113s, vai attiec\u012bgaj\u0101 gada p\u0101rskat\u0101 atspogu\u013cojas pas\u0101kumu kopums, kas identific\u0113, ka uz\u0146\u0113mums pl\u0101no uzs\u0101kt saimniecisko darb\u012bbu, piem\u0113ram, nosl\u0113gti darba l\u012bgumi, telpu nomas l\u012bgumi u.tml. Min\u0113t\u0101 pieeja noz\u012bm\u0113, ka uz\u0146\u0113mums var b\u016bt re\u0123istr\u0113ts ar\u012b agr\u0101k, piem\u0113ram, 2017. gad\u0101, bet p\u0113c 2019. gada bijusi faktisk\u0101 saimniecisk\u0101 darb\u012bba. T\u0101pat turpm\u0101k atbalstu var\u0113s sa\u0146emt t\u0101di uz\u0146\u0113mumi, kuriem 2020. gad\u0101 nogal\u0113, sal\u012bdzin\u0101jum\u0101 ar 2020. gada vasaru, ir bijis apgroz\u012bjuma pieaugums.<\/p>\n<p><b>Atbalsta apm\u0113rs ik m\u0113nesi, s\u0101kot no 2021. gada 1. janv\u0101ra l\u012bdz 31. maijam, b\u016bs 60 % no uz\u0146\u0113muma bruto darba algas kopsummas<\/b>, par kuru samaks\u0101ti darba algas nodok\u013ci 2020. gada august\u0101, septembr\u012b un oktobr\u012b, bet ne vair\u0101k k\u0101 100 000 eiro katr\u0101 atbalsta perioda m\u0113nes\u012b atsevi\u0161\u0137i, un ne vair\u0101k k\u0101 800 000 eiro saist\u012btu personu grupai.<\/p>\n<p>Krit\u0113riju p\u0101rskat\u012b\u0161ana pla\u0161i diskut\u0113ta gan ar uz\u0146\u0113m\u0113jiem, gan finan\u0161u ministra vad\u012btaj\u0101 darba grup\u0101. Kop\u0101 tika izstr\u0101d\u0101ti vair\u0101ki varianti, kurus izv\u0113rt\u0113ja vald\u012bba, v\u0113rt\u0113jot gan uz\u0146\u0113m\u0113ju vajadz\u012bbas, gan valsts sp\u0113ju operat\u012bvi piel\u0101got sist\u0113mas, lai uz\u0146\u0113m\u0113ju pieteikumu izv\u0113rt\u0113\u0161anu var\u0113tu veikt \u0101tr\u0101k un efekt\u012bv\u0101k.<\/p>\n<p>Krit\u0113rijus un k\u0101rt\u012bbu granta pie\u0161\u0137ir\u0161anai Covid-19 kr\u012bzes skartajiem nodok\u013cu maks\u0101t\u0101jiem apgroz\u0101mo l\u012bdzek\u013cu pl\u016bsmas nodro\u0161in\u0101\u0161anai nosaka Ministru kabineta 10.11.2020 noteikumi Nr.676 <a href=\"https:\/\/likumi.lv\/ta\/id\/318758-noteikumi-par-atbalstu-covid-19-krizes-skartajiem-uznemumiem-apgrozamo-lidzeklu-plusmas-nodrosinasanai\" target=\"blank\" rel=\"noopener noreferrer\">  &#8220;Noteikumi par atbalstu Covid-19 kr\u012bzes skartajiem uz\u0146\u0113mumiem apgroz\u0101mo l\u012bdzek\u013cu pl\u016bsmas nodro\u0161in\u0101\u0161anai&#8221;.<\/a> Ar MK apstiprin\u0101tajiem groz\u012bjumiem var iepaz\u012bties <a href=\"http:\/\/tap.mk.gov.lv\/lv\/mk\/tap\/?pid=40497573&amp;mode=mk&amp;date=2021-01-28\" target=\"blank\" rel=\"noopener noreferrer\"> Ministru kabineta t\u012bmek\u013ca vietn\u0113.<\/a><\/p>\n<p>L\u012bdz \u0161\u0101 gada 27. janv\u0101rim VID sa\u0146\u0113mis 3637 iesniegumus par grantu pie\u0161\u0137ir\u0161anu; kop\u0113j\u0101 pras\u012bjumu summa \u2013 26 milj. EUR.<\/p>\n<p>Kop\u0161 pavasara Ekonomikas ministrija uz\u0146\u0113m\u0113ju atbalstam ir izstr\u0101d\u0101jusi vair\u0101k k\u0101 20 \u012bpa\u0161as atbalsta programmas Covid-19 seku mazin\u0101\u0161anai, \u0161obr\u012bd aktu\u0101li ir 15 atbalsta instrumenti. Papildu inform\u0101cija par \u0161obr\u012bd aktu\u0101laj\u0101m atbalsta programm\u0101m pieejama <a href=\"https:\/\/www.em.gov.lv\/lv\/atbalsta-pasakumi-uznemejiem\" target=\"blank\" rel=\"noopener noreferrer\"> Ekonomikas ministrijas t\u012bmek\u013ca vietn\u0113.<\/a><\/p>\n","protected":false},"excerpt":{"rendered":"<p><b>Ministru kabineta s\u0113d\u0113 28. janv\u0101r\u012b vald\u012bba l\u0113ma b\u016btiski papla\u0161in\u0101t potenci\u0101lo atbalsta sa\u0146\u0113m\u0113ju loku granta pie\u0161\u0137ir\u0161anai apgroz\u0101mo l\u012bdzek\u013cu pl\u016bsmas krituma kompens\u0113\u0161anai, atbalsta programmu papildinot ar jauniem kvalifik\u0101cijas krit\u0113rijiem.<\/b><\/p>\n","protected":false},"author":1,"featured_media":0,"comment_status":"open","ping_status":"open","sticky":false,"template":"","format":"standard","meta":{"footnotes":""},"categories":[23,71,47,48],"tags":[],"_links":{"self":[{"href":"https:\/\/zurnalsiepirkumi.lv\/index.php?rest_route=\/wp\/v2\/posts\/14718"}],"collection":[{"href":"https:\/\/zurnalsiepirkumi.lv\/index.php?rest_route=\/wp\/v2\/posts"}],"about":[{"href":"https:\/\/zurnalsiepirkumi.lv\/index.php?rest_route=\/wp\/v2\/types\/post"}],"author":[{"embeddable":true,"href":"https:\/\/zurnalsiepirkumi.lv\/index.php?rest_route=\/wp\/v2\/users\/1"}],"replies":[{"embeddable":true,"href":"https:\/\/zurnalsiepirkumi.lv\/index.php?rest_route=%2Fwp%2Fv2%2Fcomments&post=14718"}],"version-history":[{"count":2,"href":"https:\/\/zurnalsiepirkumi.lv\/index.php?rest_route=\/wp\/v2\/posts\/14718\/revisions"}],"predecessor-version":[{"id":14721,"href":"https:\/\/zurnalsiepirkumi.lv\/index.php?rest_route=\/wp\/v2\/posts\/14718\/revisions\/14721"}],"wp:attachment":[{"href":"https:\/\/zurnalsiepirkumi.lv\/index.php?rest_route=%2Fwp%2Fv2%2Fmedia&parent=14718"}],"wp:term":[{"taxonomy":"category","embeddable":true,"href":"https:\/\/zurnalsiepirkumi.lv\/index.php?rest_route=%2Fwp%2Fv2%2Fcategories&post=14718"},{"taxonomy":"post_tag","embeddable":true,"href":"https:\/\/zurnalsiepirkumi.lv\/index.php?rest_route=%2Fwp%2Fv2%2Ftags&post=14718"}],"curies":[{"name":"wp","href":"https:\/\/api.w.org\/{rel}","templated":true}]}}