{"id":14510,"date":"2020-12-21T15:19:12","date_gmt":"2020-12-21T13:19:12","guid":{"rendered":"https:\/\/zurnalsiepirkumi.lv\/?p=14510"},"modified":"2020-12-21T15:20:20","modified_gmt":"2020-12-21T13:20:20","slug":"varam-pieprasa-izvertet-ikskiles-novada-buvvaldes-darbibu","status":"publish","type":"post","link":"https:\/\/zurnalsiepirkumi.lv\/?p=14510","title":{"rendered":"VARAM pieprasa izv\u0113rt\u0113t Ik\u0161\u0137iles novada B\u016bvvaldes darb\u012bbu"},"content":{"rendered":"<p><b>Vides aizsardz\u012bbas un re\u0123ion\u0101l\u0101s att\u012bst\u012bbas ministrija (VARAM)<\/b>, secinot nepietiekamu b\u016bvniec\u012bbas procesa tiesiskuma uzraudz\u012bbu, pieprasa Ik\u0161\u0137iles novada pa\u0161vald\u012bbas domes priek\u0161s\u0113d\u0113t\u0101jam <b>Indulim Trapi\u0146am <\/b>izv\u0113rt\u0113t B\u016bvvaldes darbinieku darb\u012bbu, k\u0101 ar\u012b B\u016bvvaldes vad\u012bt\u0101jas atbilst\u012bbu amatam. T\u0101pat ministrija izteica pras\u012bbu izv\u0113rt\u0113t Ik\u0161\u0137iles novada Administr\u0101cijas vad\u012bt\u0101jas atbilst\u012bbu ie\u0146emtajam amatam.<\/p>\n<p><i>\u201cPatva\u013c\u012bga un nepietiekami uzraudz\u012bta b\u016bvniec\u012bba pak\u013cauj riskam gan b\u016bvniec\u012bbas proces\u0101 iesaist\u012bt\u0101s puses, gan tos, kas uzceltaj\u0101s \u0113k\u0101s pl\u0101no dz\u012bvot. Tie\u0161i \u0161\u012b iemesla d\u0113\u013c ir vit\u0101li svar\u012bgi sekot l\u012bdzi likumos noteiktaj\u0101m pras\u012bb\u0101m un pa\u0161vald\u012bbas ikdienas darb\u0101 iedz\u012bvin\u0101t efekt\u012bvu b\u016bvniec\u012bbas uzraudz\u012bbas meh\u0101nismu. Diem\u017e\u0113l Ik\u0161\u0137il\u0113 tika konstat\u0113ti vair\u0101ki tr\u016bkumi, kuri pieprasa detaliz\u0113tu izv\u0113rt\u0113jumu. Pa\u0161vald\u012bbas un visas sabiedr\u012bbas interes\u0113s ir nodro\u0161in\u0101t kvalitat\u012bvu un dro\u0161u b\u016bvniec\u012bbu,\u201d<\/i> uzsv\u0113ra vides aizsardz\u012bbas un re\u0123ion\u0101l\u0101s att\u012bst\u012bbas ministrs <b>Art\u016brs Tomes Ple\u0161s<\/b>.<\/p>\n<p>Pla\u0161sazi\u0146as l\u012bdzek\u013cos 1. novembr\u012b izskan\u0113ja inform\u0101cija par to, ka nekustamaj\u0101 \u012bpa\u0161um\u0101 T\u012bn\u016b\u017eu pagast\u0101 ir notikusi patva\u013c\u012bga d\u012b\u0137a un dz\u012bvojam\u0101s m\u0101jas b\u016bvniec\u012bba. Ministrija ir sa\u0146\u0113musi vietvaras priek\u0161s\u0113d\u0113t\u0101ja I. Trapi\u0146a situ\u0101cijas skaidrojumu un secin\u0101ja, ka Ik\u0161\u0137iles novada pa\u0161vald\u012bbas b\u016bvvalde nepietiekami uzrauga b\u016bvniec\u012bbas procesa atbilst\u012bbu tiesiskumam. Konkr\u0113taj\u0101 \u012bpa\u0161um\u0101 B\u016bvvalde 9. novembr\u012b konstat\u0113ja veikto b\u016bvdarbu neatbilst\u012bbu akcept\u0113tajai d\u012b\u0137a b\u016bvniec\u012bbas iecerei, \u012bpa\u0161uma apseko\u0161anu veicot divus gadus p\u0113c d\u012b\u0137a b\u016bvniec\u012bbas ieceres apstiprin\u0101\u0161anas, rea\u0123\u0113jot uz pla\u0161sazi\u0146as l\u012bdzek\u013cos izskan\u0113ju\u0161\u0101m aizdom\u0101m.<\/p>\n<p>T\u0101pat I.Trapi\u0146\u0161 nor\u0101d\u012bja, ka Ik\u0161\u0137iles B\u016bvvalde \u0161.g. 6. novembr\u012b sa\u0146\u0113ma iesniegumu par dz\u012bvojam\u0101s m\u0101jas b\u016bvniec\u012bbu \u0161aj\u0101 \u012bpa\u0161um\u0101. <b>Apseko\u0161anas rezult\u0101t\u0101 tika konstat\u0113ts, ka \u012bpa\u0161nieks, nesa\u0146emot b\u016bvat\u013cauju, jau ir veicis dz\u012bvojam\u0101s m\u0101jas celtniec\u012bbu<\/b>. Ministrija secin\u0101ja, ka, fiks\u0113jot patva\u013c\u012bgu b\u016bvniec\u012bbu pirms b\u016bvat\u013caujas izdo\u0161anas un uzs\u0101kot administrat\u012bv\u0101 p\u0101rk\u0101puma procesu, B\u016bvvalde nav iev\u0113rojusi likum\u0101* noteikto pras\u012bbu. Proti, iest\u0101dei p\u0113c atzinuma sast\u0101d\u012b\u0161anas un b\u016bvniec\u012bbas aptur\u0113\u0161anas ir j\u0101pie\u0146em l\u0113mums par to, vai \u0113kai ir j\u0101atjauno iepriek\u0161\u0113jais st\u0101voklis (konkr\u0113taj\u0101 \u012bpa\u0161um\u0101 tas noz\u012bm\u0113tu m\u0101jas nojauk\u0161anu) vai ar\u012b b\u016bvat\u013caujas izsnieg\u0161anu p\u0113c dokumentu sak\u0101rto\u0161anas un normat\u012bvajos aktos noteikto pras\u012bbu izpildes.<\/p>\n<p><b>VARAM secin\u0101ja, ka Ik\u0161\u0137iles novad\u0101 apstiprin\u0101to ieceru b\u016bvniec\u012bbas gaita netiek pietiekami uzraudz\u012bta<\/b>, turkl\u0101t netiek izpild\u012btas B\u016bvniec\u012bbas likum\u0101 noteikt\u0101s pras\u012bb\u0101s attiec\u012bb\u0101 uz B\u016bvvaldes l\u0113mumiem. T\u0101d\u0113\u013c ministrija pieprasa izv\u0113rt\u0113t Ik\u0161\u0137iles novada pa\u0161vald\u012bbas b\u016bvvaldes un atbild\u012bgo darbinieku darb\u012bbu un B\u016bvvaldes vad\u012bt\u0101jas Andas Kauli\u0146as atbilst\u012bbu ie\u0146emtajam amatam. \u0145emot v\u0113r\u0101, ka B\u016bvvalde ir Administr\u0101cijas pak\u013caut\u012bbas iest\u0101de, tad ministrijas ieskat\u0101  ir j\u0101izv\u0113rt\u0113 ar\u012b Administr\u0101cijas vad\u012bt\u0101jas, izpilddirektores Agneses Jankunas atbilst\u012bbu ie\u0146emamajam amatam.<\/p>\n<p>Inform\u0101ciju sagatavoja Sabiedrisko attiec\u012bbu noda\u013ca,<br \/>\nVides aizsardz\u012bbas un re\u0123ion\u0101l\u0101s att\u012bst\u012bbas ministrija<\/p>\n","protected":false},"excerpt":{"rendered":"<p><b>Vides aizsardz\u012bbas un re\u0123ion\u0101l\u0101s att\u012bst\u012bbas ministrija (VARAM)<\/b>, secinot nepietiekamu b\u016bvniec\u012bbas procesa tiesiskuma uzraudz\u012bbu, pieprasa Ik\u0161\u0137iles novada pa\u0161vald\u012bbas domes priek\u0161s\u0113d\u0113t\u0101jam <b>Indulim Trapi\u0146am <\/b>izv\u0113rt\u0113t B\u016bvvaldes darbinieku darb\u012bbu, k\u0101 ar\u012b B\u016bvvaldes vad\u012bt\u0101jas atbilst\u012bbu amatam. T\u0101pat ministrija izteica pras\u012bbu izv\u0113rt\u0113t Ik\u0161\u0137iles novada Administr\u0101cijas vad\u012bt\u0101jas atbilst\u012bbu ie\u0146emtajam amatam.<\/p>\n","protected":false},"author":1,"featured_media":0,"comment_status":"open","ping_status":"open","sticky":false,"template":"","format":"standard","meta":{"footnotes":""},"categories":[405,20,115,95,48],"tags":[],"_links":{"self":[{"href":"https:\/\/zurnalsiepirkumi.lv\/index.php?rest_route=\/wp\/v2\/posts\/14510"}],"collection":[{"href":"https:\/\/zurnalsiepirkumi.lv\/index.php?rest_route=\/wp\/v2\/posts"}],"about":[{"href":"https:\/\/zurnalsiepirkumi.lv\/index.php?rest_route=\/wp\/v2\/types\/post"}],"author":[{"embeddable":true,"href":"https:\/\/zurnalsiepirkumi.lv\/index.php?rest_route=\/wp\/v2\/users\/1"}],"replies":[{"embeddable":true,"href":"https:\/\/zurnalsiepirkumi.lv\/index.php?rest_route=%2Fwp%2Fv2%2Fcomments&post=14510"}],"version-history":[{"count":2,"href":"https:\/\/zurnalsiepirkumi.lv\/index.php?rest_route=\/wp\/v2\/posts\/14510\/revisions"}],"predecessor-version":[{"id":14512,"href":"https:\/\/zurnalsiepirkumi.lv\/index.php?rest_route=\/wp\/v2\/posts\/14510\/revisions\/14512"}],"wp:attachment":[{"href":"https:\/\/zurnalsiepirkumi.lv\/index.php?rest_route=%2Fwp%2Fv2%2Fmedia&parent=14510"}],"wp:term":[{"taxonomy":"category","embeddable":true,"href":"https:\/\/zurnalsiepirkumi.lv\/index.php?rest_route=%2Fwp%2Fv2%2Fcategories&post=14510"},{"taxonomy":"post_tag","embeddable":true,"href":"https:\/\/zurnalsiepirkumi.lv\/index.php?rest_route=%2Fwp%2Fv2%2Ftags&post=14510"}],"curies":[{"name":"wp","href":"https:\/\/api.w.org\/{rel}","templated":true}]}}