{"id":14213,"date":"2020-11-11T08:20:10","date_gmt":"2020-11-11T06:20:10","guid":{"rendered":"https:\/\/zurnalsiepirkumi.lv\/?p=14213"},"modified":"2020-11-11T08:20:13","modified_gmt":"2020-11-11T06:20:13","slug":"valsts-un-pasvaldibu-iestades-am-nodos-aptuveni-450-000-prasibam-neatbilstosus-respiratorus","status":"publish","type":"post","link":"https:\/\/zurnalsiepirkumi.lv\/?p=14213","title":{"rendered":"Valsts un pa\u0161vald\u012bbu iest\u0101des AM nodos aptuveni 450 000 pras\u012bb\u0101m neatbilsto\u0161us respiratorus"},"content":{"rendered":"\n<p>Valsts un pa\u0161vald\u012bbu iest\u0101des <strong>Aizsardz\u012bbas ministrijai <\/strong>(AM) nodos aptuveni <strong>450 000 pras\u012bb\u0101m neatbilsto\u0161us respiratorus<\/strong>, a\u0123ent\u016brai LETA past\u0101st\u012bja <strong>Aizsardz\u012bbas ministrijas<\/strong> (AM) runasv\u012brs <strong>Kaspars Galkins<\/strong>.<br><strong>AM<\/strong> aizvad\u012btaj\u0101 ned\u0113\u013c\u0101 pazi\u0146oja, ka starptautisk\u0101 laboratorij\u0101 Polij\u0101 secin\u0101ts, ka pavasar\u012b Latvijas iest\u0101d\u0113m <strong>iepirktie aptuveni miljons respiratoru nav atbilsto\u0161i noteiktaj\u0101m pras\u012bb\u0101m<\/strong>. \u0160os uz\u0146\u0113mums <strong>&#8220;Titled&#8221;<\/strong> aizsardz\u012bbas resoram pieg\u0101d\u0101ja pavasar\u012b un tos nodeva lieto\u0161anai valsts un pa\u0161vald\u012bbu iest\u0101d\u0113s.<br><strong>Galkins <\/strong>skaidroja, ka aptuveni <strong>450 000 pras\u012bb\u0101m neatbilsto\u0161os respiratorus<\/strong> valsts un pa\u0161vald\u012bbu iest\u0101des nodos atpaka\u013c aizsardz\u012bbas resoram. <strong>AM <\/strong>patlaban nav zin\u0101ms, vai atlikus\u012b aptuveni pusmiljons respiratoru da\u013ca jau ir izlietota vai ar\u012b tos iest\u0101des atdos atpaka\u013c aizsardz\u012bbas resoram.<br><strong>Galkins<\/strong> ar\u012b nor\u0101d\u012bja, ka <strong>AM <\/strong>v\u0113l risina jaut\u0101jumu, lai uz\u0146\u0113mumam piem\u0113rotu soda sankcijas par pieg\u0101des l\u012bgum\u0101 noteikto kvalit\u0101tes krit\u0113riju neizpild\u012b\u0161anu, k\u0101 ar\u012b piepras\u012btu min\u0113to respiratoru aizst\u0101\u0161anu ar atbilsto\u0161as kvalit\u0101tes preci.<br>Jau zi\u0146ots, ka saska\u0146\u0101 ar <strong>Nacion\u0101l\u0101 vesel\u012bbas dienesta<\/strong> sniegto inform\u0101ciju, <strong>Valsts aizsardz\u012bbas milit\u0101ro objektu un&nbsp;iepirkumu&nbsp;centrs<\/strong> (VAMOIC) 9.apr\u012bl\u012b nosl\u0113dza divus l\u012bgumus ar <strong>SIA &#8220;Titled&#8221;<\/strong> par respiratoru (KN95) ieg\u0101di. <strong>Respiratori KN95<\/strong> ir piel\u012bdzin\u0101mi FFP2 respiratoru aizsardz\u012bbas pak\u0101pei.<br>\u0145emot v\u0113r\u0101 apr\u012bl\u012b past\u0101vo\u0161o <strong>individu\u0101lo aizsardz\u012bbas l\u012bdzek\u013cu<\/strong> defic\u012btu un probl\u0113mas ar to test\u0113\u0161anu, respiratoru testi tika veikti Igaunij\u0101 neakredit\u0113t\u0101 laboratorij\u0101.<br>Vienlaikus ministrija inform\u0113ja Ministru kabinetu par probl\u0113m\u0101m ar respiratoru kravas pie\u0146em\u0161anu, jo nebija iesp\u0113jas veikt kvalit\u0101tes p\u0101rbaudi akredit\u0113t\u0101s laboratorij\u0101s Eirop\u0101 to p\u0101rslodzes d\u0113\u013c.<br>Tom\u0113r, rea\u0123\u0113jot uz taj\u0101 br\u012bd\u012b past\u0101vo\u0161o <strong>individu\u0101l\u0101s aizsardz\u012bbas l\u012bdzek\u013cu<\/strong> tr\u016bkumu valst\u012b, Ministru kabinets nol\u0113ma at\u013caut <strong>AM<\/strong> pie\u0146emt kravu, pamatojoties uz viet\u0113jiem un Igaunijas laboratorijas testiem. Papildus tam vald\u012bba dele\u0123\u0113ja <strong>AM<\/strong> nos\u016bt\u012bt respiratoru paraugus sertific\u0113tai laboratorijai.<br><strong>VAMOIC <\/strong>nos\u016bt\u012bja abu l\u012bgumu ietvaros sa\u0146emto respiratoru paraugus test\u0113\u0161anai uz akredit\u0113tu laboratoriju <strong>&#8220;Central Institute for Labour Protection &#8211; National Research Institute&#8221;<\/strong>, kas atrodas Polij\u0101. \u0145emot v\u0113r\u0101 laboratoriju noslodzi vis\u0101 Eirop\u0101, p\u0101rbau\u017eu rezult\u0101ti tika sa\u0146emti 28.oktobr\u012b.<br>Testos secin\u0101ts, ka <strong>pirm\u0101s kravas respiratori<\/strong> atbilst liel\u0101kajai da\u013cai kvalit\u0101tes pras\u012bbu FFP2 aizsardz\u012bbas pak\u0101pei, iz\u0146emot divos no desmit paraugiem konstat\u0113ta nedaudz p\u0101rsniegta gaisa nopl\u016bde. Min\u0113t\u0101 neatbilst\u012bba ir ar zemu risku, t\u0101d\u0113\u013c <strong>respiratori ir izmantojami<\/strong>.<br>Savuk\u0101rt <strong>otraj\u0101 krav\u0101 pieg\u0101d\u0101tie respiratori<\/strong> nav atbilsto\u0161i noteiktaj\u0101m pras\u012bb\u0101m. Pirm\u0101 l\u012bguma ietvaros par <strong>145 000 eiro tika pieg\u0101d\u0101ti 50 000 respiratoru<\/strong>, bet otraj\u0101 krav\u0101 par <strong>2 898 666 eiro tika sa\u0146emti aptuveni 999 500 respiratoru<\/strong>.<br><strong>AM<\/strong> nor\u0101da, ka pa\u0161laik ir izveidota <strong>individu\u0101lo aizsardz\u012bbas l\u012bdzek\u013cu rezerve<\/strong>. L\u012bdz ar to nav t\u0101das situ\u0101cijas k\u0101 pavasar\u012b, kad nebija laika gaid\u012bt testu rezult\u0101tus un aizsargl\u012bdzek\u013ci bija j\u0101izdala lietot\u0101jiem.<br>Lai l\u012bdz\u012bgas situ\u0101cijas neatk\u0101rtotos n\u0101kotn\u0113, <strong>Latvij\u0101 pl\u0101nots veidot akredit\u0113tu laboratoriju<\/strong>.<br>Saska\u0146\u0101 ar Ministru kabineta 12.marta r\u012bkojumu <strong>VAMOIC <\/strong>sadarb\u012bb\u0101 ar <strong>Nacion\u0101lajiem bru\u0146otajiem sp\u0113kiem<\/strong> p\u0101r\u0146\u0113ma <strong>individu\u0101lo aizsardz\u012bbas l\u012bdzek\u013cu un dezinfekcijas l\u012bdzek\u013cu valsts rezervju p\u0101rvald\u012b\u0161anu un nepiecie\u0161amo centraliz\u0113to valsts&nbsp;iepirkumu&nbsp;organiz\u0113\u0161anu<\/strong>.<br>Covid-19 pasaules m\u0113roga pand\u0113mija da\u017eu m\u0113ne\u0161u laik\u0101 burtiski &#8220;p\u0101rkars\u0113ja&#8221; <strong>individu\u0101l\u0101s aizsardz\u012bbas l\u012bdzek\u013cu<\/strong> tirgu. Augst\u0101 piepras\u012bjuma d\u0113\u013c apgr\u016btin\u0101ta k\u013cuva ne tikai to ra\u017eo\u0161ana, bet ar\u012b pieg\u0101des.<br>Kaut ar\u012b <strong>AM<\/strong>, p\u0101r\u0146emot&nbsp;iepirkumus, ak\u016bt\u0101ko aizsargmateri\u0101lu tr\u016bkumu izdevies mazin\u0101t, sejas masku un respiratoru pieg\u0101des aizvien nav uzskat\u0101mas par simtprocent\u012bgi dro\u0161\u0101m. <\/p>\n","protected":false},"excerpt":{"rendered":"<p>Valsts un pa\u0161vald\u012bbu iest\u0101des <b>Aizsardz\u012bbas ministrijai<\/b> (AM) nodos aptuveni <b>450 000 pras\u012bb\u0101m neatbilsto\u0161us respiratorus<\/b>, a\u0123ent\u016brai LETA past\u0101st\u012bja <b>Aizsardz\u012bbas ministrijas<\/b> (AM) runasv\u012brs <b>Kaspars Galkins<\/b>.<\/p>\n","protected":false},"author":1,"featured_media":0,"comment_status":"open","ping_status":"open","sticky":false,"template":"","format":"standard","meta":{"footnotes":""},"categories":[33],"tags":[],"_links":{"self":[{"href":"https:\/\/zurnalsiepirkumi.lv\/index.php?rest_route=\/wp\/v2\/posts\/14213"}],"collection":[{"href":"https:\/\/zurnalsiepirkumi.lv\/index.php?rest_route=\/wp\/v2\/posts"}],"about":[{"href":"https:\/\/zurnalsiepirkumi.lv\/index.php?rest_route=\/wp\/v2\/types\/post"}],"author":[{"embeddable":true,"href":"https:\/\/zurnalsiepirkumi.lv\/index.php?rest_route=\/wp\/v2\/users\/1"}],"replies":[{"embeddable":true,"href":"https:\/\/zurnalsiepirkumi.lv\/index.php?rest_route=%2Fwp%2Fv2%2Fcomments&post=14213"}],"version-history":[{"count":2,"href":"https:\/\/zurnalsiepirkumi.lv\/index.php?rest_route=\/wp\/v2\/posts\/14213\/revisions"}],"predecessor-version":[{"id":14216,"href":"https:\/\/zurnalsiepirkumi.lv\/index.php?rest_route=\/wp\/v2\/posts\/14213\/revisions\/14216"}],"wp:attachment":[{"href":"https:\/\/zurnalsiepirkumi.lv\/index.php?rest_route=%2Fwp%2Fv2%2Fmedia&parent=14213"}],"wp:term":[{"taxonomy":"category","embeddable":true,"href":"https:\/\/zurnalsiepirkumi.lv\/index.php?rest_route=%2Fwp%2Fv2%2Fcategories&post=14213"},{"taxonomy":"post_tag","embeddable":true,"href":"https:\/\/zurnalsiepirkumi.lv\/index.php?rest_route=%2Fwp%2Fv2%2Ftags&post=14213"}],"curies":[{"name":"wp","href":"https:\/\/api.w.org\/{rel}","templated":true}]}}