{"id":14179,"date":"2020-11-09T08:17:06","date_gmt":"2020-11-09T06:17:06","guid":{"rendered":"https:\/\/zurnalsiepirkumi.lv\/?p=14179"},"modified":"2020-11-09T08:17:09","modified_gmt":"2020-11-09T06:17:09","slug":"lidz-10-novembrim-izstradas-konkretus-atbalsta-pasakumus-uznemejiem-un-stradajosajiem","status":"publish","type":"post","link":"https:\/\/zurnalsiepirkumi.lv\/?p=14179","title":{"rendered":"L\u012bdz 10. novembrim izstr\u0101d\u0101s konkr\u0113tus atbalsta pas\u0101kumus uz\u0146\u0113m\u0113jiem un str\u0101d\u0101jo\u0161ajiem"},"content":{"rendered":"<p><b>Ministru kabineta (MK)<\/b> \u0101rk\u0101rtas s\u0113d\u0113 ir izskat\u012bti Finan\u0161u ministrijas sagatavotie priek\u0161likumi par nepiecie\u0161amajiem atbalsta pas\u0101kumu virzieniem COVID-19 rad\u012bto ekonomisko seku nov\u0113r\u0161anai. MK l\u0113ma, ka l\u012bdz otrdienai, 10. novembrim, j\u0101b\u016bt izstr\u0101d\u0101tiem konkr\u0113tiem pas\u0101kumiem uz\u0146\u0113mumu un str\u0101d\u0101jo\u0161o atbalstam.<\/p>\n<p><b>Atbalsta risin\u0101jumi<\/b> j\u0101paredz vair\u0101kos virzienos \u2013 pas\u0101kumi, kurus nepiecie\u0161ams veikt \u012bstermi\u0146\u0101, nozar\u0113m, kuras tie\u0161i ietekm\u0113 \u0101rk\u0101rt\u0113j\u0101s situ\u0101cijas izsludin\u0101\u0161ana, un pas\u0101kumi, kuri pl\u0101nojami ilgtermi\u0146\u0101. Paredzams, ka ekonomikas atjauno\u0161an\u0101s laika posms var\u0113tu b\u016bt ilgs, t\u0101p\u0113c b\u016bs nepiecie\u0161ami pas\u0101kumi un programmas, lai atjaunotu ekonomiku, piem\u0113ram, pla\u0161s p\u0101rkvalific\u0113\u0161anas programmu kl\u0101sts.<\/p>\n<p><b>Lai nodro\u0161in\u0101tu atbalstu<\/b> gan darba \u0146\u0113m\u0113jiem, gan darba dev\u0113jiem, kuri COVID-19 rezult\u0101t\u0101 ir spiesti atrasties d\u012bkst\u0101v\u0113, priek\u0161likumi paredz atjaunot d\u012bkst\u0101ves pabalsta regul\u0113jumu un uzlabot to. Savuk\u0101rt, r\u016bp\u0113joties par iedz\u012bvot\u0101ju vesel\u012bbu, noteikts p\u0101rskat\u012bt slim\u012bbas lapu pie\u0161\u0137ir\u0161anas un apmaksas k\u0101rt\u012bbu uz COVID-19 kr\u012bzes laiku. T\u0101d\u0113\u013c Ekonomikas ministrija sadarb\u012bb\u0101 ar Labkl\u0101j\u012bbas ministriju nekav\u0113joties izstr\u0101d\u0101s priek\u0161likumus regul\u0113jumam, kas uzlabos B lapas izsnieg\u0161anas k\u0101rt\u012bbu, nodro\u0161inot dro\u0161\u0101ku vidi darbiniekiem.<\/p>\n<p>Ja COVID-19 izplat\u012bbas d\u0113\u013c uz\u0146\u0113m\u0113jiem b\u016bs da\u013c\u0113ji vai piln\u012bb\u0101 j\u0101aptur saimniecisk\u0101 darb\u012bba, tiek pl\u0101nots v\u0113rt\u0113t iesp\u0113ju pie\u0161\u0137irt uz\u0146\u0113m\u0113jiem atbalstu, lai kompens\u0113tu da\u013cu apgroz\u0101mo l\u012bdzek\u013cu. Atbalsta instruments b\u016btu atkar\u012bgs no uz\u0146\u0113muma piln\u012bgas vai da\u013c\u0113jas darb\u012bbas aptur\u0113\u0161anas.<\/p>\n<p><b>Nolemts<\/b>, ka atbalsta pas\u0101kumus un priek\u0161likumus detaliz\u0113ti izstr\u0101d\u0101s atbild\u012bg\u0101s nozaru ministrijas un iesniegs izskat\u012b\u0161anai to n\u0101kamaj\u0101 vad\u012bbas grupas uz\u0146\u0113m\u0113jdarb\u012bbas un nodarbin\u0101to atbalstam san\u0101ksm\u0113, pirms tam nodro\u0161inot diskusiju par priek\u0161likumu saturu un ievie\u0161anu ar nozares organiz\u0101cij\u0101m.<\/p>\n<p>Vienlaikus vad\u012bbas grup\u0101 uz\u0146\u0113m\u0113jdarb\u012bbas un nodarbin\u0101to atbalstam past\u0101v\u012bgi tiks izskat\u012bti nozaru ministriju un nevalstisko organiz\u0101ciju iesniegti konkr\u0113ti priek\u0161likumi da\u017e\u0101du dz\u012bves situ\u0101ciju un probl\u0113mjaut\u0101jumu risin\u0101\u0161anai, kas radu\u0161ies COVID-19 izplat\u012bbas rezult\u0101t\u0101. J\u0101uzsver, ka vad\u012bbas grupa, atbild\u012bg\u0101s nozaru ministrijas, nozaru p\u0101rst\u0101vji turpina akt\u012bvu darbu pie atbalsta pas\u0101kumu izstr\u0101des un izv\u0113rt\u0113\u0161anas. T\u0101pat paredz\u0113ts vienoties ar\u012b par k\u0101rt\u012bbu, k\u0101d\u0101 valsts un pa\u0161vald\u012bbas solid\u0101ri r\u016bp\u0113jas par valsts un pa\u0161vald\u012bbu komersantu atbalstu.<\/p>\n","protected":false},"excerpt":{"rendered":"<p><b>Ministru kabineta (MK)<\/b> \u0101rk\u0101rtas s\u0113d\u0113 ir izskat\u012bti Finan\u0161u ministrijas sagatavotie priek\u0161likumi par nepiecie\u0161amajiem atbalsta pas\u0101kumu virzieniem COVID-19 rad\u012bto ekonomisko seku nov\u0113r\u0161anai. MK l\u0113ma, ka l\u012bdz otrdienai, 10. novembrim, j\u0101b\u016bt izstr\u0101d\u0101tiem konkr\u0113tiem pas\u0101kumiem uz\u0146\u0113mumu un str\u0101d\u0101jo\u0161o atbalstam.<\/p>\n","protected":false},"author":1,"featured_media":0,"comment_status":"open","ping_status":"open","sticky":false,"template":"","format":"standard","meta":{"footnotes":""},"categories":[71,41,403,47,48],"tags":[],"_links":{"self":[{"href":"https:\/\/zurnalsiepirkumi.lv\/index.php?rest_route=\/wp\/v2\/posts\/14179"}],"collection":[{"href":"https:\/\/zurnalsiepirkumi.lv\/index.php?rest_route=\/wp\/v2\/posts"}],"about":[{"href":"https:\/\/zurnalsiepirkumi.lv\/index.php?rest_route=\/wp\/v2\/types\/post"}],"author":[{"embeddable":true,"href":"https:\/\/zurnalsiepirkumi.lv\/index.php?rest_route=\/wp\/v2\/users\/1"}],"replies":[{"embeddable":true,"href":"https:\/\/zurnalsiepirkumi.lv\/index.php?rest_route=%2Fwp%2Fv2%2Fcomments&post=14179"}],"version-history":[{"count":2,"href":"https:\/\/zurnalsiepirkumi.lv\/index.php?rest_route=\/wp\/v2\/posts\/14179\/revisions"}],"predecessor-version":[{"id":14181,"href":"https:\/\/zurnalsiepirkumi.lv\/index.php?rest_route=\/wp\/v2\/posts\/14179\/revisions\/14181"}],"wp:attachment":[{"href":"https:\/\/zurnalsiepirkumi.lv\/index.php?rest_route=%2Fwp%2Fv2%2Fmedia&parent=14179"}],"wp:term":[{"taxonomy":"category","embeddable":true,"href":"https:\/\/zurnalsiepirkumi.lv\/index.php?rest_route=%2Fwp%2Fv2%2Fcategories&post=14179"},{"taxonomy":"post_tag","embeddable":true,"href":"https:\/\/zurnalsiepirkumi.lv\/index.php?rest_route=%2Fwp%2Fv2%2Ftags&post=14179"}],"curies":[{"name":"wp","href":"https:\/\/api.w.org\/{rel}","templated":true}]}}