{"id":14078,"date":"2020-10-30T08:14:50","date_gmt":"2020-10-30T06:14:50","guid":{"rendered":"https:\/\/zurnalsiepirkumi.lv\/?p=14078"},"modified":"2020-10-30T08:14:53","modified_gmt":"2020-10-30T06:14:53","slug":"slimnicam-individualie-aizsarglidzekli-ir-pietiekami-bet-atseviskas-pozicijas-rezerves-ir-ieverojami-mazakas","status":"publish","type":"post","link":"https:\/\/zurnalsiepirkumi.lv\/?p=14078","title":{"rendered":"Slimn\u012bc\u0101m individu\u0101lie aizsargl\u012bdzek\u013ci ir pietiekami, bet atsevi\u0161\u0137\u0101s poz\u012bcij\u0101s rezerves ir iev\u0113rojami maz\u0101kas"},"content":{"rendered":"\n<p>Patlaban <strong>individu\u0101lie aizsargl\u012bdzek\u013ci (IAL) slimn\u012bc\u0101s pietiek<\/strong>, turkl\u0101t <strong>slimn\u012bc\u0101s ar\u012b ir rezerves<\/strong>, bet <strong>ir atsevi\u0161\u0137as poz\u012bcijas, kur rezerve ir iev\u0113rojami maz\u0101ka<\/strong>, preses konferenc\u0113 pazi\u0146oja <strong>Vesel\u012bbas ministrijas <\/strong>valsts sekret\u0101re un <strong>Valsts operat\u012bv\u0101s medic\u012bnisk\u0101 komisijas<\/strong> priek\u0161s\u0113d\u0113t\u0101ja <strong>Daina M\u016brmane-Umbra\u0161ko<\/strong>.<br>P\u0113c vi\u0146as sac\u012bt\u0101, \u0161aj\u0101 kontekst\u0101 vald\u012bba ir l\u0113musi, ka <strong>Valsts aizsardz\u012bbas milit\u0101ro objektu un&nbsp;iepirkumu&nbsp;centrs<\/strong> (VAMOIC) taj\u0101s poz\u012bcij\u0101s, kur vesel\u012bbas nozarei vairs nav tik viegli ieg\u0101d\u0101ties IAL, n\u0101ks pal\u012bg\u0101 un <strong>iepirks tos centraliz\u0113ti<\/strong>.<br>&#8220;Viena no \u0161\u012bm poz\u012bcij\u0101m ir <strong>\u0137irur\u0123iskie nesterilie cimdi<\/strong>,&#8221; atkl\u0101ja komisijas priek\u0161s\u0113d\u0113t\u0101ja, piebilstot, ka <strong>VAMOIC <\/strong>jau ir l\u016bgts tos ieg\u0101d\u0101ties.<br>T\u0101pat \u0161odien pan\u0101kta vieno\u0161an\u0101s, ka \u0101rstniec\u012bbas iest\u0101des operat\u012bvi zi\u0146o par IAL tr\u016bkumiem, lai t\u0101l\u0101k var\u0113tu spriest par <strong>centraliz\u0113tu iepirkumu veik\u0161anu<\/strong>, skaidroja <strong>M\u016brmane-Umbra\u0161ko<\/strong>.<br>Ar\u012b <strong>Neatliekam\u0101s medic\u012bnisk\u0101s pal\u012bdz\u012bbas dienesta<\/strong> direktore <strong>Liene Cipule <\/strong>atzina, ka pa\u0161laik liel\u0101kas probl\u0113mas ir ar <strong>nesterilo cimdu sag\u0101di<\/strong>, un to pat\u0113ri\u0146\u0161 strauji aug vis\u0101 Eirop\u0101, tostarp Francij\u0101, kas l\u016bgusi citu valstu pal\u012bdz\u012bbu \u0161\u012b jaut\u0101juma risin\u0101\u0161an\u0101. <strong>Cipule <\/strong>atg\u0101din\u0101ja, ka pavasar\u012b liel\u0101ki \u0161\u0137\u0113r\u0161\u013ci bija <strong>respiratoru un sejas masku ieg\u0101d\u0113<\/strong>, bet pa\u0161laik valstis saskaras ar gr\u016bt\u012bb\u0101m <strong>cimdu sag\u0101d\u0101\u0161an\u0101<\/strong>.<br>Vienlaikus vi\u0146as atzina, ka pa\u0161laik IAL ir pietiekam\u0101 daudzum\u0101, ta\u010du probl\u0113mas ar ieg\u0101di var\u0113tu rasties.<br>K\u0101 zi\u0146ots, aizsardz\u012bbas ministrs <strong>Artis Pabriks<\/strong> (AP) intervij\u0101 LTV raid\u012bjumam <em>&#8220;R\u012bta Panor\u0101ma&#8221;<\/em> sac\u012bja, ka, lai gan liel\u0101k\u0101 da\u013ca <strong>individu\u0101l\u0101s aizsardz\u012bbas l\u012bdzek\u013cu rezerves<\/strong> ir virs diviem m\u0113ne\u0161iem, atsevi\u0161\u0137\u0101s poz\u012bcij\u0101s to nav tik daudz, jo, piem\u0113ram, ar steigu vajadz\u0113tu r\u012bkot&nbsp;<strong>iepirkumu&nbsp;nesterilajiem cimdiem<\/strong>, kuru pat\u0113ri\u0146\u0161 ned\u0113\u013cas lak\u0101 ir diezgan liels.<br>Vi\u0146\u0161 st\u0101st\u012bja, ka tie\u0161i <strong>nesterilo cimdu<\/strong> izmanto\u0161anas apjoms ir liels, jo ned\u0113\u013cas laik\u0101 izt\u0113r\u0113 virs viena miljona cimdu, t\u0101p\u0113c to ieg\u0101de ir j\u0101veic p\u0113c iesp\u0113jas \u0101tr\u0101k. <\/p>\n","protected":false},"excerpt":{"rendered":"<p>Patlaban <b>individu\u0101lie aizsargl\u012bdzek\u013ci<\/b> (IAL) slimn\u012bc\u0101s pietiek, turkl\u0101t slimn\u012bc\u0101s ar\u012b ir rezerves, bet ir <b>atsevi\u0161\u0137as poz\u012bcijas, kur rezerve ir iev\u0113rojami maz\u0101ka<\/b>, preses konferenc\u0113 pazi\u0146oja Vesel\u012bbas ministrijas valsts sekret\u0101re un Valsts operat\u012bv\u0101s medic\u012bnisk\u0101 komisijas priek\u0161s\u0113d\u0113t\u0101ja <b>Daina M\u016brmane-Umbra\u0161ko<\/b>.<\/p>\n","protected":false},"author":1,"featured_media":0,"comment_status":"open","ping_status":"open","sticky":false,"template":"","format":"standard","meta":{"footnotes":""},"categories":[396,33],"tags":[],"_links":{"self":[{"href":"https:\/\/zurnalsiepirkumi.lv\/index.php?rest_route=\/wp\/v2\/posts\/14078"}],"collection":[{"href":"https:\/\/zurnalsiepirkumi.lv\/index.php?rest_route=\/wp\/v2\/posts"}],"about":[{"href":"https:\/\/zurnalsiepirkumi.lv\/index.php?rest_route=\/wp\/v2\/types\/post"}],"author":[{"embeddable":true,"href":"https:\/\/zurnalsiepirkumi.lv\/index.php?rest_route=\/wp\/v2\/users\/1"}],"replies":[{"embeddable":true,"href":"https:\/\/zurnalsiepirkumi.lv\/index.php?rest_route=%2Fwp%2Fv2%2Fcomments&post=14078"}],"version-history":[{"count":2,"href":"https:\/\/zurnalsiepirkumi.lv\/index.php?rest_route=\/wp\/v2\/posts\/14078\/revisions"}],"predecessor-version":[{"id":14081,"href":"https:\/\/zurnalsiepirkumi.lv\/index.php?rest_route=\/wp\/v2\/posts\/14078\/revisions\/14081"}],"wp:attachment":[{"href":"https:\/\/zurnalsiepirkumi.lv\/index.php?rest_route=%2Fwp%2Fv2%2Fmedia&parent=14078"}],"wp:term":[{"taxonomy":"category","embeddable":true,"href":"https:\/\/zurnalsiepirkumi.lv\/index.php?rest_route=%2Fwp%2Fv2%2Fcategories&post=14078"},{"taxonomy":"post_tag","embeddable":true,"href":"https:\/\/zurnalsiepirkumi.lv\/index.php?rest_route=%2Fwp%2Fv2%2Ftags&post=14078"}],"curies":[{"name":"wp","href":"https:\/\/api.w.org\/{rel}","templated":true}]}}