{"id":14014,"date":"2020-10-21T13:29:44","date_gmt":"2020-10-21T11:29:44","guid":{"rendered":"https:\/\/zurnalsiepirkumi.lv\/?p=14014"},"modified":"2020-10-21T13:29:47","modified_gmt":"2020-10-21T11:29:47","slug":"pieaugot-covid-19-vakcinu-razotaju-skaitam-kopeja-ek-iepirkuma-latvijai-noteiktas-papildu-iemaksas","status":"publish","type":"post","link":"https:\/\/zurnalsiepirkumi.lv\/?p=14014","title":{"rendered":"Pieaugot Covid-19 vakc\u012bnu ra\u017eot\u0101ju skaitam kop\u0113j\u0101 EK iepirkum\u0101, Latvijai noteiktas papildu iemaksas"},"content":{"rendered":"\n<p>Sakar\u0101 ar pieaugumu <strong>Covid-19 vakc\u012bnu ra\u017eot\u0101ju skait\u0101 kop\u0113j\u0101 Eiropas Komisijas (EK) iepirkum\u0101<\/strong>, Latvijai noteiktas <strong>papildu iemaksas<\/strong>, otrdienas p\u0113c vald\u012bbas s\u0113des preses konferenc\u0113 atkl\u0101ja vesel\u012bbas ministre <strong>Ilze Vi\u0146\u0137ele<\/strong> (AP).<br>LETA jau zi\u0146oja, ka <strong>Latvija ir pievienojusies EK r\u012bkotajam kop\u0113jam Covid-19 vakc\u012bnu iepirkumam<\/strong>.<br>\u0160odienas vald\u012bbas s\u0113des sl\u0113gtaj\u0101 da\u013c\u0101 tika skat\u012bts <strong>jaut\u0101jums par papildu l\u012bdzek\u013cu rezerv\u0113\u0161anu <\/strong>no valsts bud\u017eeta programmas &#8220;L\u012bdzek\u013ci neparedz\u0113tiem gad\u012bjumiem&#8221; <strong>kop\u0113jam EK Covid-19 vakc\u012bnu iepirkumam<\/strong>, skaidroja politi\u0137e.<br>Lai gan politi\u0137e nemin\u0113ja, cik l\u012bdzek\u013cu pras\u012bts un vai l\u0113mums tika atbalst\u012bts, vi\u0146a tom\u0113r atkl\u0101ja, ka <strong>papildu iemaksas piest\u0101d\u012btas no EK<\/strong>, jo&nbsp;<strong>iepirkuma&nbsp;kontekst\u0101 par\u0101d\u012bju\u0161ies jauni ra\u017eot\u0101ji<\/strong>. &#8220;\u0160is komp\u0101niju logs, uz kuru <strong>topo\u0161aj\u0101m vakc\u012bn\u0101m<\/strong> tiek attiecin\u0101ts \u0161is <strong>kop\u0113jais iepirkum<\/strong>s, ir papla\u0161in\u0101ts ar v\u0113l dal\u012bbniekiem, un tad, proporcion\u0101li sadalot \u0161o summu starp dal\u012bbvalst\u012bm, <strong>Latvijai ir j\u0101nomaks\u0101 sava da\u013ca<\/strong>,&#8221; skaidroja <strong>Vi\u0146\u0137ele<\/strong>.<br>&#8220;M\u0113s esam ieliku\u0161i k\u0101ju durv\u012bs kop\u0101 ar p\u0101r\u0113j\u0101m dal\u012bbvalst\u012bm,&#8221; skaidroja <strong>Vi\u0146\u0137ele<\/strong>, piebilstot, ka t\u0101d\u0113j\u0101di tiek nodro\u0161in\u0101ta <strong>Covid-19 vakc\u012bnu ieg\u0101de no vair\u0101kiem izstr\u0101d\u0101t\u0101jiem<\/strong>. P\u0113c ministres paust\u0101, min\u0113t\u0101&nbsp;<strong>iepirkuma&nbsp;kontekst\u0101<\/strong> \u0161obr\u012bd ir <strong>septi\u0146i ra\u017eot\u0101ji<\/strong>, no kuriem l\u012bderis ir farm\u0101cijas uz\u0146\u0113mums <strong>&#8220;AstraZeneca&#8221;<\/strong>.<br>K\u0101 v\u0113st\u012bts, <strong>Slim\u012bbu profilakses un kontroles centra<\/strong> Infekcijas slim\u012bbu riska anal\u012bzes un profilakses departamenta direktors <strong>Jurijs Perevo\u0161\u010dikovs<\/strong> iepriek\u0161 skaidroja, ka <strong>Covid-19 vakc\u012bna<\/strong>, visticam\u0101k, <strong>par\u0101d\u012bsies gada beig\u0101s<\/strong>, tom\u0113r tas <strong>nenoz\u012bm\u0113, ka cilv\u0113kus uzreiz var\u0113s vakcin\u0113t<\/strong> atbilsto\u0161i valsts prim\u0101raj\u0101m vajadz\u012bb\u0101m.<br><strong>Pabeigta vakc\u012bna var\u0113tu tikt pieg\u0101d\u0101ta n\u0101kam\u0101 gada s\u0101kum\u0101<\/strong>, piebilda epidemiologs.<br>P\u0113c vi\u0146a paust\u0101, <strong>Eiropas Savien\u012bbas valstu vid\u016b valda zin\u0101ma vienpr\u0101t\u012bba<\/strong>, ka &#8220;mums vajadz\u0113tu nodro\u0161in\u0101t kritisko valsts funkciju veik\u0161anu, <strong>pie\u0161\u0137irot vakc\u012bnas<\/strong> tiem p\u0101rst\u0101vjiem, kas ir iesaist\u012bti \u0161aj\u0101s funkcij\u0101s, <strong>ieskaitot medic\u012bnas darbiniekus<\/strong>, k\u0101 ar\u012b tos <strong>cilv\u0113kus, kuriem saslim\u0161ana ar Covid-19 var\u0113tu izrais\u012bt nopietnas vesel\u012bbas probl\u0113mas<\/strong>&#8220;. <\/p>\n","protected":false},"excerpt":{"rendered":"<p><b>Sakar\u0101 ar pieaugumu Covid-19 vakc\u012bnu ra\u017eot\u0101ju skait\u0101 kop\u0113j\u0101 Eiropas Komisijas (EK) iepirkum\u0101<\/b>, Latvijai noteiktas <b>papildu iemaksas<\/b>, otrdienas p\u0113c vald\u012bbas s\u0113des preses konferenc\u0113 atkl\u0101ja vesel\u012bbas ministre <b>Ilze Vi\u0146\u0137ele<\/b> (AP).<\/p>\n","protected":false},"author":1,"featured_media":0,"comment_status":"open","ping_status":"open","sticky":false,"template":"","format":"standard","meta":{"footnotes":""},"categories":[396,33],"tags":[],"_links":{"self":[{"href":"https:\/\/zurnalsiepirkumi.lv\/index.php?rest_route=\/wp\/v2\/posts\/14014"}],"collection":[{"href":"https:\/\/zurnalsiepirkumi.lv\/index.php?rest_route=\/wp\/v2\/posts"}],"about":[{"href":"https:\/\/zurnalsiepirkumi.lv\/index.php?rest_route=\/wp\/v2\/types\/post"}],"author":[{"embeddable":true,"href":"https:\/\/zurnalsiepirkumi.lv\/index.php?rest_route=\/wp\/v2\/users\/1"}],"replies":[{"embeddable":true,"href":"https:\/\/zurnalsiepirkumi.lv\/index.php?rest_route=%2Fwp%2Fv2%2Fcomments&post=14014"}],"version-history":[{"count":2,"href":"https:\/\/zurnalsiepirkumi.lv\/index.php?rest_route=\/wp\/v2\/posts\/14014\/revisions"}],"predecessor-version":[{"id":14016,"href":"https:\/\/zurnalsiepirkumi.lv\/index.php?rest_route=\/wp\/v2\/posts\/14014\/revisions\/14016"}],"wp:attachment":[{"href":"https:\/\/zurnalsiepirkumi.lv\/index.php?rest_route=%2Fwp%2Fv2%2Fmedia&parent=14014"}],"wp:term":[{"taxonomy":"category","embeddable":true,"href":"https:\/\/zurnalsiepirkumi.lv\/index.php?rest_route=%2Fwp%2Fv2%2Fcategories&post=14014"},{"taxonomy":"post_tag","embeddable":true,"href":"https:\/\/zurnalsiepirkumi.lv\/index.php?rest_route=%2Fwp%2Fv2%2Ftags&post=14014"}],"curies":[{"name":"wp","href":"https:\/\/api.w.org\/{rel}","templated":true}]}}