{"id":14009,"date":"2020-10-21T07:09:35","date_gmt":"2020-10-21T05:09:35","guid":{"rendered":"https:\/\/zurnalsiepirkumi.lv\/?p=14009"},"modified":"2020-10-21T07:09:39","modified_gmt":"2020-10-21T05:09:39","slug":"iub-vaditajs-plano-stiprinat-iestades-kapacitati-un-veicinat-iepirkumu-centralizaciju","status":"publish","type":"post","link":"https:\/\/zurnalsiepirkumi.lv\/?p=14009","title":{"rendered":"IUB vad\u012bt\u0101js pl\u0101no stiprin\u0101t iest\u0101des kapacit\u0101ti un veicin\u0101t iepirkumu centraliz\u0101ciju"},"content":{"rendered":"<p>Jaunieceltais <i>Iepirkumu uzraudz\u012bbas biroja<\/i> (IUB) vad\u012bt\u0101js <b>Artis Lapi\u0146\u0161<\/b> pl\u0101no stiprin\u0101t iest\u0101des kapacit\u0101ti un veicin\u0101t iepirkumu centraliz\u0101ciju, otrdien vald\u012bbas s\u0113d\u0113 sac\u012bja Lapi\u0146\u0161.<\/p>\n<p>Lapi\u0146\u0161, kur\u0161 IUB vad\u012bt\u0101ja amata pien\u0101kumus uz\u0146emsies no 2.novembra, inform\u0113ja vald\u012bbas p\u0101rst\u0101vjus par vair\u0101k\u0101m priorit\u0101t\u0113m, kuras vi\u0146\u0161 iecer\u0113jis risin\u0101t IUB vad\u012bt\u0101ja amat\u0101.<\/p>\n<p>K\u0101 vienu no steidzam\u0101kajiem darbiem vi\u0146\u0161 min\u0113ja patlaban Saeim\u0101 skat\u012btos likuma groz\u012bjumus, kas paredz, ka iepirkumos tiek v\u0113rt\u0113ts saimnieciski izdev\u012bg\u0101kais pied\u0101v\u0101jums. Lapi\u0146\u0161 uzskata, ka jau \u0161\u012b gada laik\u0101 visiem pas\u016bt\u012bt\u0101jiem ir j\u0101b\u016bt inform\u0113tiem, ka \u0161\u0101das izmai\u0146as st\u0101sies sp\u0113k\u0101 jau n\u0101kamgad.<\/p>\n<p>T\u0101pat jaunieceltais IUB vad\u012bt\u0101js iecer\u0113jis stiprin\u0101t iest\u0101des kapacit\u0101ti, k\u0101 ar\u012b risin\u0101t augsto IUB darbinieku kadru main\u012bbu. &#8220;Iest\u0101d\u0113 ir j\u0101uzkr\u0101j kompetence, nevis t\u0101 j\u0101zaud\u0113,&#8221; uzskata Lapi\u0146\u0161.<br \/>\nStarp citiem dar\u0101majiem darbiem IUB vad\u012bt\u0101js min\u0113ja iepirkumu centraliz\u0113\u0161ana sveicin\u0101\u0161anu un att\u012bst\u012bt strat\u0113\u0123iskos iepirkumus.<br \/>\nJau zi\u0146ots, ka Ministru kabinets otrdien l\u0113ma Iepirkumu uzraudz\u012bbas biroja (IUB) vad\u012bt\u0101ja amat\u0101 apstiprin\u0101t Finan\u0161u ministrijas (FM) Juridisk\u0101 departamenta direktoru <b>Arti Lapi\u0146u<\/b>.<\/p>\n<p><i>Lapi\u0146\u0161 IUB vad\u012bt\u0101ja pien\u0101kumus s\u0101ks pild\u012bt 2.novembr\u012b.<\/i><\/p>\n<p>P\u0113c tam, kad iepriek\u0161\u0113j\u0101 IUB vad\u012bt\u0101ja <b>Dace Gaile<\/b> pie\u0146\u0113ma l\u0113mumu uz\u0146emties Ekonomikas ministrijas administr\u0101cijas vad\u012bt\u0101jas amatu, finan\u0161u ministrs <b>J\u0101nis Reirs<\/b> (JV) izv\u0113rt\u0113ja Lapi\u0146a profesion\u0101lo pieredzi un nol\u0113ma, ka vi\u0146a p\u0101rcel\u0161ana IUB vad\u012bt\u0101ja amat\u0101 b\u016btu lietder\u012bga.<\/p>\n<p>FM nor\u0101d\u012bja, ka Lapi\u0146am ir IUB vad\u012bt\u0101ja amatam atbilsto\u0161a izgl\u012bt\u012bba &#8211; ma\u0123istra gr\u0101ds ties\u012bbu zin\u0101tn\u0113s, profesion\u0101l\u0101 pieredze un zin\u0101\u0161anas publisko iepirkumu regul\u0113juma jom\u0101. Zin\u0101\u0161anas ieg\u016btas, gan str\u0101d\u0101jot IUB Metodolo\u0123ijas departament\u0101, gan FM Juridiskaj\u0101 departament\u0101, kura funkcij\u0101s ietilpst politikas izstr\u0101de publisko iepirkumu jom\u0101.<\/p>\n<p>L\u012bdz 1.oktobrim <b>Lapi\u0146\u0161<\/b> pild\u012bja ar\u012b R\u012bgas pils\u0113tas pa\u0161vald\u012bbas pagaidu administr\u0101cijas vad\u012bt\u0101ja vietnieka pien\u0101kumus. Iepriek\u0161 vi\u0146\u0161 str\u0101d\u0101jis ar\u012b Vides aizsardz\u012bbas un re\u0123ion\u0101l\u0101s att\u012bst\u012bbas ministrij\u0101, vadot Invest\u012bciju uzraudz\u012bbas departamentu.<\/p>\n<p>FM v\u0113rt\u0113jum\u0101, <b>Lapi\u0146am<\/b> ir labas vad\u012bt\u0101ja prasmes un praktisk\u0101 darba pieredze organiz\u0101cijas procesu un cilv\u0113kresursu p\u0101rvald\u012bb\u0101, strat\u0113\u0123isko jaut\u0101jumu risin\u0101\u0161an\u0101, k\u0101 ar\u012b pieredze Latvijas intere\u0161u p\u0101rst\u0101v\u012bb\u0101 Eiropas Savien\u012bbas instit\u016bcij\u0101s.<\/p>\n<p>Jau zi\u0146ots, ka l\u012bdz\u0161in\u0113j\u0101 IUB vad\u012bt\u0101ja <i>Dace Gaile no 12.oktobra k\u013cuva par Ekonomikas ministrijas (EM) administr\u0101cijas vad\u012bt\u0101ju<\/i>.<\/p>\n","protected":false},"excerpt":{"rendered":"<p>Jaunieceltais <i>Iepirkumu uzraudz\u012bbas biroja<\/i> (IUB) vad\u012bt\u0101js <b>Artis Lapi\u0146\u0161<\/b> pl\u0101no stiprin\u0101t iest\u0101des kapacit\u0101ti un veicin\u0101t iepirkumu centraliz\u0101ciju, otrdien vald\u012bbas s\u0113d\u0113 sac\u012bja Lapi\u0146\u0161.<\/p>\n","protected":false},"author":1,"featured_media":0,"comment_status":"open","ping_status":"open","sticky":false,"template":"","format":"standard","meta":{"footnotes":""},"categories":[1],"tags":[],"_links":{"self":[{"href":"https:\/\/zurnalsiepirkumi.lv\/index.php?rest_route=\/wp\/v2\/posts\/14009"}],"collection":[{"href":"https:\/\/zurnalsiepirkumi.lv\/index.php?rest_route=\/wp\/v2\/posts"}],"about":[{"href":"https:\/\/zurnalsiepirkumi.lv\/index.php?rest_route=\/wp\/v2\/types\/post"}],"author":[{"embeddable":true,"href":"https:\/\/zurnalsiepirkumi.lv\/index.php?rest_route=\/wp\/v2\/users\/1"}],"replies":[{"embeddable":true,"href":"https:\/\/zurnalsiepirkumi.lv\/index.php?rest_route=%2Fwp%2Fv2%2Fcomments&post=14009"}],"version-history":[{"count":1,"href":"https:\/\/zurnalsiepirkumi.lv\/index.php?rest_route=\/wp\/v2\/posts\/14009\/revisions"}],"predecessor-version":[{"id":14010,"href":"https:\/\/zurnalsiepirkumi.lv\/index.php?rest_route=\/wp\/v2\/posts\/14009\/revisions\/14010"}],"wp:attachment":[{"href":"https:\/\/zurnalsiepirkumi.lv\/index.php?rest_route=%2Fwp%2Fv2%2Fmedia&parent=14009"}],"wp:term":[{"taxonomy":"category","embeddable":true,"href":"https:\/\/zurnalsiepirkumi.lv\/index.php?rest_route=%2Fwp%2Fv2%2Fcategories&post=14009"},{"taxonomy":"post_tag","embeddable":true,"href":"https:\/\/zurnalsiepirkumi.lv\/index.php?rest_route=%2Fwp%2Fv2%2Ftags&post=14009"}],"curies":[{"name":"wp","href":"https:\/\/api.w.org\/{rel}","templated":true}]}}