{"id":13978,"date":"2020-10-13T12:07:56","date_gmt":"2020-10-13T10:07:56","guid":{"rendered":"https:\/\/zurnalsiepirkumi.lv\/?p=13978"},"modified":"2020-10-13T12:07:59","modified_gmt":"2020-10-13T10:07:59","slug":"aizkavejusies-skolam-paredzeto-viediericu-un-izglitojosaja-kanala-tava-klase-satura-iepirkumi","status":"publish","type":"post","link":"https:\/\/zurnalsiepirkumi.lv\/?p=13978","title":{"rendered":"Aizkav\u0113ju\u0161ies skol\u0101m paredz\u0113to viedier\u012b\u010du un izgl\u012btojo\u0161aj\u0101 kan\u0101l\u0101 &#8220;Tava klase&#8221; satura iepirkumi"},"content":{"rendered":"<p>Aizkav\u0113ju\u0161ies skol\u0101m paredz\u0113to viedier\u012b\u010du un izgl\u012btojo\u0161aj\u0101 kan\u0101l\u0101 <b>&#8220;Tava klase&#8221;<\/b> satura iepirkumi, intervij\u0101 Latvijas Telev\u012bzijas raid\u012bjum\u0101 &#8220;R\u012bta panor\u0101ma&#8221; atzina izgl\u012bt\u012bbas un zin\u0101tnes ministre <b>Ilga \u0160uplinska<\/b> (JKP).<br \/>\nK\u0101 v\u0113st\u012bts, vismaz vienu ned\u0113\u013cu p\u0113c rudens br\u012bvlaika 7.-12.klas\u0113m m\u0101c\u012bbas var\u0113tu notikt att\u0101lin\u0101ti. Par to \u0161odien lems amatpersonas.<br \/>\n<i>&#8220;\u0160aj\u0101 br\u012bd\u012b nevaram teikt, ka <b>&#8220;Tavai klasei&#8221;<\/b> ir nofilm\u0113ts jauns materi\u0101ls, bet varam teikt, ka Latvie\u0161u valodas a\u0123ent\u016bra sav\u0101 m\u0101jaslap\u0101 viena klik\u0161\u0137a att\u0101lum\u0101 ir aktualiz\u0113jusi iepriek\u0161 nofilm\u0113to materi\u0101lu, kas noz\u012bm\u0113, ka skolot\u0101ji tur noteikti var smelties un ieg\u016bt to t\u0113mu bloku, ko varb\u016bt var pied\u0101v\u0101t tie\u0161i p\u0113c br\u012bvdienu ned\u0113\u013cas,&#8221;<\/i> teica ministre.<br \/>\nTikm\u0113r pl\u0101nots, ka viedier\u012b\u010du iepirkums dr\u012bzum\u0101 nosl\u0113gsies. Patlaban gan pl\u0101nots, ka tiks mazin\u0101tas pras\u012bbas, jo \u0161obr\u012bd pied\u0101v\u0101t\u0101 cena ir gana augsta, atzina ministre.<br \/>\n<b>\u0160uplinska<\/b> skaidroja, ka iepirkumi l\u012bdz \u0161im nav p\u0101rs\u016bdz\u0113ti, bet aizkav\u0113ju\u0161ies, \u0146emot v\u0113r\u0101, ka at\u0161\u0137ir\u012bb\u0101 no pavasara, ir j\u0101iziet piln\u012bgi visa iepirkuma proced\u016bra.<br \/>\nNor\u0101d\u012bta, ka t\u0101d\u0101 gad\u012bjum\u0101 k\u0101das <b>&#8220;tehnolo\u0123iskas plaisas&#8221;<\/b> \u0161aj\u0101 jom\u0101 maz\u0101k\u0101s pa\u0161vald\u012bb\u0101s var\u0113tu saglab\u0101ties, ministre atzina, ka t\u0101 var\u0113tu b\u016bt, tom\u0113r ne tik izteikti maz\u0101s pa\u0161vald\u012bb\u0101s, kur skolas un vietvaras ir risin\u0101ju\u0161as \u0161o probl\u0113mu, bet vair\u0101k tie\u0161i soci\u0101li neaizsarg\u0101t\u0101s \u0123imen\u0113s kopum\u0101.<br \/>\nMinistre uzsv\u0113ra, ja vald\u012bba \u0161odien pie\u0146ems l\u0113mumu par att\u0101lin\u0101t\u0101m m\u0101c\u012bb\u0101m 7.-12.kla\u0161u audz\u0113k\u0146iem vienu ned\u0113\u013cu p\u0113c rudens br\u012bvlaika, tad pedagogi faktiski jau \u013coti laikus var\u0113s sapl\u0101not darbus skol\u0113niem, kuriem, vi\u0146aspr\u0101t, gan nevajadz\u0113tu b\u016bt v\u0113rstiem uz jaunas vielas apguvi, bet gan b\u016bt starpdisciplin\u0101riem un kopsumm\u0113t iepriek\u0161 apg\u016bto.<br \/>\n<i>&#8220;Noteikti nevajadz\u0113tu p\u0101rsp\u012bl\u0113t ar apjomu, lai neatk\u0101rtojas pavasara sindroms, kad b\u0113rni s\u016bdzas par p\u0101rslodzi,&#8221;<\/i> vi\u0146a teica.<\/p>\n","protected":false},"excerpt":{"rendered":"<p>Aizkav\u0113ju\u0161ies skol\u0101m paredz\u0113to viedier\u012b\u010du un izgl\u012btojo\u0161aj\u0101 kan\u0101l\u0101 <b>&#8220;Tava klase&#8221;<\/b> satura iepirkumi, intervij\u0101 Latvijas Telev\u012bzijas raid\u012bjum\u0101 &#8220;R\u012bta panor\u0101ma&#8221; atzina izgl\u012bt\u012bbas un zin\u0101tnes ministre <b>Ilga \u0160uplinska<\/b> (JKP).<\/p>\n","protected":false},"author":1,"featured_media":0,"comment_status":"open","ping_status":"open","sticky":false,"template":"","format":"standard","meta":{"footnotes":""},"categories":[17,28],"tags":[],"_links":{"self":[{"href":"https:\/\/zurnalsiepirkumi.lv\/index.php?rest_route=\/wp\/v2\/posts\/13978"}],"collection":[{"href":"https:\/\/zurnalsiepirkumi.lv\/index.php?rest_route=\/wp\/v2\/posts"}],"about":[{"href":"https:\/\/zurnalsiepirkumi.lv\/index.php?rest_route=\/wp\/v2\/types\/post"}],"author":[{"embeddable":true,"href":"https:\/\/zurnalsiepirkumi.lv\/index.php?rest_route=\/wp\/v2\/users\/1"}],"replies":[{"embeddable":true,"href":"https:\/\/zurnalsiepirkumi.lv\/index.php?rest_route=%2Fwp%2Fv2%2Fcomments&post=13978"}],"version-history":[{"count":2,"href":"https:\/\/zurnalsiepirkumi.lv\/index.php?rest_route=\/wp\/v2\/posts\/13978\/revisions"}],"predecessor-version":[{"id":13980,"href":"https:\/\/zurnalsiepirkumi.lv\/index.php?rest_route=\/wp\/v2\/posts\/13978\/revisions\/13980"}],"wp:attachment":[{"href":"https:\/\/zurnalsiepirkumi.lv\/index.php?rest_route=%2Fwp%2Fv2%2Fmedia&parent=13978"}],"wp:term":[{"taxonomy":"category","embeddable":true,"href":"https:\/\/zurnalsiepirkumi.lv\/index.php?rest_route=%2Fwp%2Fv2%2Fcategories&post=13978"},{"taxonomy":"post_tag","embeddable":true,"href":"https:\/\/zurnalsiepirkumi.lv\/index.php?rest_route=%2Fwp%2Fv2%2Ftags&post=13978"}],"curies":[{"name":"wp","href":"https:\/\/api.w.org\/{rel}","templated":true}]}}