{"id":13959,"date":"2020-10-09T07:31:11","date_gmt":"2020-10-09T05:31:11","guid":{"rendered":"https:\/\/zurnalsiepirkumi.lv\/?p=13959"},"modified":"2020-10-09T07:31:14","modified_gmt":"2020-10-09T05:31:14","slug":"pedejo-dienu-iub-vaditajas-amata-pavadis-dace-gaile","status":"publish","type":"post","link":"https:\/\/zurnalsiepirkumi.lv\/?p=13959","title":{"rendered":"P\u0113d\u0113jo dienu IUB vad\u012bt\u0101jas amat\u0101 pavad\u012bs Dace Gaile"},"content":{"rendered":"<p>\u0160odien 9.oktobr\u012b p\u0113d\u0113jo dienu amat\u0101 pavad\u012bs Iepirkumu uzraudz\u012bbas biroja (IUB) vad\u012bt\u0101ja <b>Dace Gaile<\/b>.<br \/>\nSavuk\u0101rt 12.oktobr\u012b <b>Gaile<\/b> st\u0101sies Ekonomikas ministrijas administr\u0101cijas vad\u012bt\u0101jas amat\u0101.<br \/>\nEM valsts sekret\u0101rs <b>Edmunds Valantis<\/b> a\u0123ent\u016brai LETA iepriek\u0161 atzina, ka vi\u0146\u0161 uzaicin\u0101jis <b>Gaili pievienoties<\/b> EM administr\u0101cijas komandai, \u0146emot v\u0113r\u0101 vi\u0146as zin\u0101\u0161anas un kompetenci. <i>&#8220;Pats amat\u0101 esmu neilgu laiku, t\u0101p\u0113c man ir svar\u012bgi izveidot kolekt\u012bvu ar sp\u0113c\u012bgiem un sp\u0113j\u012bgiem cilv\u0113kiem. Turkl\u0101t patlaban EM administr\u0101cijas vad\u012bbas blok\u0101 tr\u016bkst cilv\u0113ku. Mans uzdevums bija atrast cilv\u0113ku, kur\u0161 ikdienas darb\u0101 sp\u0113tu sniegt atbalsta funkcijas, risin\u0101tu juridiskos jaut\u0101jumus, lietas, kas saist\u012btas ar iepirkumiem, privatiz\u0101cijas pabeig\u0161anu, inform\u0101cijas tehnolo\u0123iju projektu ievie\u0161anu,&#8221;<\/i> atzina <b>Valantis<\/b>.<br \/>\n<b>Gaile<\/b> a\u0123ent\u016brai LETA st\u0101st\u012bja, ka vi\u0146a IUB ir str\u0101d\u0101jusi 19 gadus, no kuriem p\u0113d\u0113jos devi\u0146us &#8211; iest\u0101des vad\u012bt\u0101jas amat\u0101. Vi\u0146a pie\u0146\u0113musi l\u0113mumu k\u013c\u016bt par EM administr\u0101cijas vad\u012bt\u0101ju, lai uz\u0146emtos jaunos izaicin\u0101jumus.<br \/>\nSavuk\u0101rt Finan\u0161u ministrija (FM) k\u0101 n\u0101kamo IUB vad\u012bt\u0101ju izraudz\u012bjusies FM Juridisk\u0101 departamenta direktoru <b>Arti Lapi\u0146u<\/b>, par kura iecel\u0161anu jaunaj\u0101 amat\u0101 vald\u012bba var\u0113tu lemt tuv\u0101kaj\u0101 laik\u0101 un vi\u0146\u0161 IUB direktora pien\u0101kumus s\u0101ktu pild\u012bt 20.oktobr\u012b.<\/p>\n","protected":false},"excerpt":{"rendered":"<p>\u0160odien 9.oktobr\u012b p\u0113d\u0113jo dienu amat\u0101 pavad\u012bs Iepirkumu uzraudz\u012bbas biroja (IUB) vad\u012bt\u0101ja <b>Dace Gaile<\/b>.<\/p>\n","protected":false},"author":1,"featured_media":0,"comment_status":"open","ping_status":"open","sticky":false,"template":"","format":"standard","meta":{"footnotes":""},"categories":[406,403,48],"tags":[],"_links":{"self":[{"href":"https:\/\/zurnalsiepirkumi.lv\/index.php?rest_route=\/wp\/v2\/posts\/13959"}],"collection":[{"href":"https:\/\/zurnalsiepirkumi.lv\/index.php?rest_route=\/wp\/v2\/posts"}],"about":[{"href":"https:\/\/zurnalsiepirkumi.lv\/index.php?rest_route=\/wp\/v2\/types\/post"}],"author":[{"embeddable":true,"href":"https:\/\/zurnalsiepirkumi.lv\/index.php?rest_route=\/wp\/v2\/users\/1"}],"replies":[{"embeddable":true,"href":"https:\/\/zurnalsiepirkumi.lv\/index.php?rest_route=%2Fwp%2Fv2%2Fcomments&post=13959"}],"version-history":[{"count":1,"href":"https:\/\/zurnalsiepirkumi.lv\/index.php?rest_route=\/wp\/v2\/posts\/13959\/revisions"}],"predecessor-version":[{"id":13960,"href":"https:\/\/zurnalsiepirkumi.lv\/index.php?rest_route=\/wp\/v2\/posts\/13959\/revisions\/13960"}],"wp:attachment":[{"href":"https:\/\/zurnalsiepirkumi.lv\/index.php?rest_route=%2Fwp%2Fv2%2Fmedia&parent=13959"}],"wp:term":[{"taxonomy":"category","embeddable":true,"href":"https:\/\/zurnalsiepirkumi.lv\/index.php?rest_route=%2Fwp%2Fv2%2Fcategories&post=13959"},{"taxonomy":"post_tag","embeddable":true,"href":"https:\/\/zurnalsiepirkumi.lv\/index.php?rest_route=%2Fwp%2Fv2%2Ftags&post=13959"}],"curies":[{"name":"wp","href":"https:\/\/api.w.org\/{rel}","templated":true}]}}