{"id":13870,"date":"2020-09-28T11:39:09","date_gmt":"2020-09-28T09:39:09","guid":{"rendered":"https:\/\/zurnalsiepirkumi.lv\/?p=13870"},"modified":"2020-09-28T11:39:12","modified_gmt":"2020-09-28T09:39:12","slug":"dziesmu-un-deju-svetku-padome-norada-uz-nepieciesamibu-pec-petijuma-koru-meginajumu-un-koncertu-norisei-covid-19-apstaklos","status":"publish","type":"post","link":"https:\/\/zurnalsiepirkumi.lv\/?p=13870","title":{"rendered":"Dziesmu un deju sv\u0113tku padome nor\u0101da uz nepiecie\u0161am\u012bbu p\u0113c p\u0113t\u012bjuma koru m\u0113\u0123in\u0101jumu un koncertu norisei Covid-19 apst\u0101k\u013cos"},"content":{"rendered":"<p><b>Dziesmu un deju sv\u0113tku padome<\/b> notiku\u0161aj\u0101 s\u0113d\u0113 rosin\u0101jusi valst\u012b <b>veikt p\u0113t\u012bjumu<\/b>, kas sniegtu <b>zin\u0101tniski pamatotas vadl\u012bnijas koru m\u0113\u0123in\u0101jumu un koncertu norisei<\/b> pa\u0161reiz\u0113jos epidemiolo\u0123iskajos apst\u0101k\u013cos.<br \/>\nK\u0101 a\u0123ent\u016bru LETA inform\u0113ja <b>Latvijas Nacion\u0101l\u0101 kult\u016bras centra<\/b> (LNKC) p\u0101rst\u0101ve <b>Lana Kazlauskiene<\/b>, 25.septembra s\u0113d\u0113 padome uzklaus\u012bja <b>vesel\u012bbas speci\u0101listu ieteikumus<\/b> par apst\u0101k\u013ciem un r\u012bc\u012bbu, kas iesp\u0113jami mazin\u0101tu infic\u0113\u0161an\u0101s risku koru un vok\u0101lo ansamb\u013cu m\u0113\u0123in\u0101jumos un koncertos.<br \/>\nPadomes priek\u0161s\u0113d\u0113t\u0101js <b>M\u0101rti\u0146\u0161 Kli\u0161\u0101ns<\/b> aicin\u0101ja cie\u0161\u0101 sadarb\u012bb\u0101 ar pa\u0161vald\u012bb\u0101m veicin\u0101t \u0161o nor\u0101d\u012bjumu \u012bsteno\u0161anu un kop\u012bgiem sp\u0113kiem <b>mekl\u0113t veidus amatierkoru kust\u012bbas nep\u0101rtraukt\u012bbas nodro\u0161in\u0101\u0161anai<\/b>.<br \/>\n<b>Kazlauskiene<\/b> atz\u012bm\u0113ja, ka s\u0113d\u0113 tika izskat\u012bti jaut\u0101jumi, kas skar <b>amatierm\u0101kslas kolekt\u012bvu &#8211; koru un vok\u0101lo ansamb\u013cu &#8211; darb\u012bbu epidemiolo\u0123isko ierobe\u017eojumu kontekst\u0101, gatavo\u0161anos 2021.gad\u0101 pl\u0101notajiem XII Latvijas Skolu jaunatnes dziesmu un deju sv\u0113tkiem<\/b>, k\u0101 ar\u012b <b>Sv\u0113tku infrastrukt\u016bras b\u016bvniec\u012bbas gaitu<\/b>.<br \/>\n<b>Latvijas Universit\u0101tes profesors, infektologs, Paula Stradi\u0146a kl\u012bnisk\u0101s universit\u0101tes slimn\u012bcas Infekciju uzraudz\u012bbas dienesta<\/b> vad\u012bt\u0101js <b>Uga Dumpis<\/b> un <b>Slim\u012bbu profilakses un kontroles centra Infekcijas slim\u012bbu riska anal\u012bzes un profilakses departamenta<\/b> direktors <b>Jurijs Perevo\u0161\u010dikovs<\/b> inform\u0113ja kl\u0101teso\u0161os par pa\u0161reiz\u0113jo epidemiolo\u0123isko situ\u0101ciju valst\u012b un pasaul\u0113. \u0145emot v\u0113r\u0101 tendenci Covid-19 saslim\u0161anas gad\u012bjumu skaitam pieaugt, vesel\u012bbas nozares speci\u0101listi <b>ieteica ar\u012b turpm\u0101k iev\u0113rot divu metru distanci amatierkoru un vok\u0101lo ansamb\u013cu dal\u012bbnieku vid\u016b<\/b>.<br \/>\nP\u0113c <b>LNKC<\/b> p\u0101rst\u0101ves paust\u0101, par gatavo\u0161anos XII Latvijas Skolu jaunatnes dziesmu un deju sv\u0113tkiem v\u0113st\u012bja <b>Valsts izgl\u012bt\u012bbas satura centra Neform\u0101l\u0101s izgl\u012bt\u012bbas departamenta<\/b> direktore <b>Agra B\u0113rzi\u0146a<\/b>. R\u0113\u0137inoties ar epidemiolo\u0123isko situ\u0101ciju valst\u012b, patlaban tiek mekl\u0113ti da\u017e\u0101di risin\u0101jumi un formas 2021.gad\u0101 <b>pl\u0101noto sv\u0113tku sar\u012bko\u0161anai un trad\u012bcijas p\u0113ctec\u012bbas nodro\u0161in\u0101\u0161anai<\/b>.<br \/>\nSavuk\u0101rt s\u0113d\u0113 par <b>Me\u017eaparka Liel\u0101s estr\u0101des b\u016bvniec\u012bbas gaitu<\/b> inform\u0113ja <b>R\u012bgas domes \u012apa\u0161uma departamenta<\/b> direktora vietnieks, <b>B\u016bvniec\u012bbas p\u0101rvaldes<\/b> priek\u0161nieks <b>Rihards Rusins<\/b>.<br \/>\nVi\u0146\u0161 pav\u0113st\u012bja, ka <b>pamatprojekts tiks \u012bstenots laik\u0101 l\u012bdz XII Latvijas Skolu jaunatnes dziesmu un deju sv\u0113tkiem<\/b>. P\u0113c tiem b\u016bvniec\u012bbas darbi ats\u0101ksies, tostarp <b>tiks veikta v\u0113sturisk\u0101 paviljona rekonstrukcija un Dziesmusv\u0113tku ekspoz\u012bcijas izveide<\/b>, ko pl\u0101nots pabeigt n\u0101kam\u0101 gada nogal\u0113.<br \/>\nT\u0101pat s\u0113d\u0113 piev\u0113rs\u0101s jaut\u0101jumam par <b>VSIA &#8220;Kult\u016bras un sporta centra &#8220;Daugavas stadions&#8221;&#8221; ledus halles projekta realiz\u0101ciju<\/b>. K\u0101 inform\u0113ja centra valdes loceklis <b>Dani\u0113ls N\u0101tri\u0146\u0161<\/b>, projekta \u012bsteno\u0161ana notiek l\u012bgum\u0101 noteiktajos termi\u0146os.<br \/>\n<b>N\u0101tri\u0146\u0161<\/b> akcent\u0113jis, ka <b>ledus halli<\/b> pl\u0101nots nodot ekspluat\u0101cij\u0101 2021.gada 17.mart\u0101. Savuk\u0101rt<b>multifunkcion\u0101l\u0101s man\u0113\u017eas projekta<\/b> realiz\u0101cijai nepiecie\u0161am\u0101s b\u016bvat\u013caujas sa\u0146em\u0161ana var\u0113tu notikt <b>l\u012bdz septembra beig\u0101m<\/b>, p\u0113c k\u0101 tiks sagatavota <b>iepirkuma dokument\u0101cija<\/b>, lai realiz\u0113tu projekt\u0113\u0161anas un b\u016bvdarbu iepirkumu.<br \/>\n<b>VSIA &#8220;Kult\u016bras un sporta centra &#8220;Daugavas stadions&#8221;&#8221;<\/b> valdes loceklis skaidroja, ka <b>centr\u0101l\u0101 sporta laukuma, vieglatl\u0113tikas treni\u0146a laukuma rekonstrukcijas projekta realiz\u0101cija<\/b>, k\u0101 rezult\u0101t\u0101 b\u016bvdarbus paredz\u0113ts s\u0101kt <b>2021.gada ruden\u012b<\/b>, l\u012bdz tam laikam veicot projekt\u0113\u0161anas darbus.<br \/>\nK\u0101 LETA jau v\u0113st\u012bja, paredz\u0113ts, ka <b>Skolu jaunatnes dziesmu un deju sv\u0113tki notiks 2021.gad\u0101<\/b>. Atbilsto\u0161i <b>Dziesmu un deju sv\u0113tku<\/b> likumam konkr\u0113tu Sv\u0113tku norises laiku noteiks <b>Ministru kabinets.<\/b><\/p>\n","protected":false},"excerpt":{"rendered":"<p><b>Dziesmu un deju sv\u0113tku padome<\/b> notiku\u0161aj\u0101 s\u0113d\u0113 rosin\u0101jusi valst\u012b <b>veikt p\u0113t\u012bjumu<\/b>, kas sniegtu <b>zin\u0101tniski pamatotas vadl\u012bnijas koru m\u0113\u0123in\u0101jumu un koncertu norisei<\/b> pa\u0161reiz\u0113jos epidemiolo\u0123iskajos apst\u0101k\u013cos.<\/p>\n","protected":false},"author":1,"featured_media":0,"comment_status":"open","ping_status":"open","sticky":false,"template":"","format":"standard","meta":{"footnotes":""},"categories":[397,34,39],"tags":[],"_links":{"self":[{"href":"https:\/\/zurnalsiepirkumi.lv\/index.php?rest_route=\/wp\/v2\/posts\/13870"}],"collection":[{"href":"https:\/\/zurnalsiepirkumi.lv\/index.php?rest_route=\/wp\/v2\/posts"}],"about":[{"href":"https:\/\/zurnalsiepirkumi.lv\/index.php?rest_route=\/wp\/v2\/types\/post"}],"author":[{"embeddable":true,"href":"https:\/\/zurnalsiepirkumi.lv\/index.php?rest_route=\/wp\/v2\/users\/1"}],"replies":[{"embeddable":true,"href":"https:\/\/zurnalsiepirkumi.lv\/index.php?rest_route=%2Fwp%2Fv2%2Fcomments&post=13870"}],"version-history":[{"count":2,"href":"https:\/\/zurnalsiepirkumi.lv\/index.php?rest_route=\/wp\/v2\/posts\/13870\/revisions"}],"predecessor-version":[{"id":13872,"href":"https:\/\/zurnalsiepirkumi.lv\/index.php?rest_route=\/wp\/v2\/posts\/13870\/revisions\/13872"}],"wp:attachment":[{"href":"https:\/\/zurnalsiepirkumi.lv\/index.php?rest_route=%2Fwp%2Fv2%2Fmedia&parent=13870"}],"wp:term":[{"taxonomy":"category","embeddable":true,"href":"https:\/\/zurnalsiepirkumi.lv\/index.php?rest_route=%2Fwp%2Fv2%2Fcategories&post=13870"},{"taxonomy":"post_tag","embeddable":true,"href":"https:\/\/zurnalsiepirkumi.lv\/index.php?rest_route=%2Fwp%2Fv2%2Ftags&post=13870"}],"curies":[{"name":"wp","href":"https:\/\/api.w.org\/{rel}","templated":true}]}}