{"id":13807,"date":"2020-09-17T08:21:25","date_gmt":"2020-09-17T06:21:25","guid":{"rendered":"https:\/\/zurnalsiepirkumi.lv\/?p=13807"},"modified":"2020-09-17T08:21:28","modified_gmt":"2020-09-17T06:21:28","slug":"iub-vaditaja-dace-gaile-klus-par-em-administracijas-vaditaju","status":"publish","type":"post","link":"https:\/\/zurnalsiepirkumi.lv\/?p=13807","title":{"rendered":"IUB vad\u012bt\u0101ja Dace Gaile k\u013c\u016bs par EM administr\u0101cijas vad\u012bt\u0101ju"},"content":{"rendered":"<p><b>Iepirkumu uzraudz\u012bbas biroja<\/b> (IUB) vad\u012bt\u0101ja <b>Dace Gaile<\/b> k\u013c\u016bs par <b>Ekonomikas ministrijas<\/b> (EM) administr\u0101cijas vad\u012bt\u0101ju, a\u0123ent\u016bru LETA inform\u0113ja <b>Finan\u0161u ministrij\u0101<\/b> (FM).<br \/>\nP\u0113c FM sniegt\u0101s inform\u0101cijas, EM vad\u012bba izteica pied\u0101v\u0101jumu <b>Gailei<\/b> uz\u0146emties ministrijas administr\u0101cijas vad\u012bt\u0101jas amatu, kuru IUB vad\u012bt\u0101ja pie\u0146\u0113musi. \u0160ai rot\u0101cijai piekr\u012bt ar\u012b FM.<br \/>\nEM valsts sekret\u0101rs <b>Edminds Valantis<\/b> a\u0123ent\u016brai atzina, ka vi\u0146\u0161 uzaicin\u0101jis <b>Gaili<\/b> pievienoties EM administr\u0101cijas komandai, \u0146emot v\u0113r\u0101 vi\u0146as zin\u0101\u0161anas un kompetenci.<br \/>\n&#8220;Pats amat\u0101 esmu neilgu laiku, t\u0101p\u0113c man ir svar\u012bgi izveidot kolekt\u012bvu ar sp\u0113c\u012bgiem un sp\u0113j\u012bgiem cilv\u0113kiem. Turkl\u0101t patlaban EM administr\u0101cijas vad\u012bbas blok\u0101 tr\u016bkst cilv\u0113ku. Mans uzdevums bija atrast cilv\u0113ku, kur\u0161 ikdienas darb\u0101 sp\u0113tu sniegt atbalsta funkcijas, risin\u0101tu juridiskos jaut\u0101jumus, lietas, kas saist\u012btas ar iepirkumiem, privatiz\u0101cijas pabeig\u0161anu, inform\u0101cijas tehnolo\u0123iju projektu ievie\u0161anu,&#8221; atzina <b>Valantis<\/b>.<br \/>\nParedzams, ka tuv\u0101kaj\u0101 laik\u0101 EM sagatavos nepiecie\u0161amos dokumentus <b>Gailes<\/b> p\u0101rcel\u0161anai jaunaj\u0101 amat\u0101.<br \/>\n<b>Gaile<\/b> a\u0123ent\u016brai LETA st\u0101st\u012bja, ka vi\u0146a IUB ir str\u0101d\u0101jusi <b>19 gadus<\/b>, no kuriem p\u0113d\u0113jos devi\u0146us &#8211; iest\u0101des vad\u012bt\u0101jas amat\u0101. Vi\u0146a pie\u0146\u0113musi l\u0113mumu k\u013c\u016bt par <b>EM administr\u0101cijas vad\u012bt\u0101ju<\/b>, lai uz\u0146emtos jaunos izaicin\u0101jumus.<br \/>\nPl\u0101nots, ka <b>Gaile<\/b> IUB vad\u012bt\u0101jas amatu pamet\u012bs <b>9.oktobr\u012b<\/b>, bet EM administr\u0101cijas vad\u012bt\u0101jas amat\u0101 st\u0101sies <b>12.oktobr\u012b<\/b>.<br \/>\nSavuk\u0101rt FM n\u0101kamo IUB vad\u012bt\u0101ju s\u0101kotn\u0113ji mekl\u0113s sav\u0101 resor\u0101 &#8211; tiks mekl\u0113ts IUB vad\u012bt\u0101ja amata pretendents, kuram ir atbilsto\u0161a izgl\u012bt\u012bba, pieredze un amatam nepiecie\u0161am\u0101s kompetences.<br \/>\nJa n\u0101kamais IUB vad\u012bt\u0101js netiks atrasts FM resor\u0101, tiks r\u012bkots amata konkurss.<br \/>\n<b>Gaile<\/b> ar vald\u012bbas l\u0113mumu par IUB vad\u012bt\u0101ju k\u013cuva <b>2012.gad\u0101<\/b>. Vi\u0146a str\u0101d\u0101 IUB <b>no 2002.gada janv\u0101ra<\/b>, proti, no biroja dibin\u0101\u0161anas, vispirms Metodolo\u0123ijas departamenta vietnieces, v\u0113l\u0101k direktores amat\u0101, nodro\u0161inot metodolo\u0123isko atbalstu iepirkumu veic\u0113jiem un pieg\u0101d\u0101t\u0101jiem, gatavojot priek\u0161likumus ties\u012bbu aktu groz\u012bjumiem, sadarbojoties ar <b>Eiropas Savien\u012bbas<\/b> (ES) instit\u016bcij\u0101m un nodro\u0161inot biroja darb\u012bbas pl\u0101no\u0161anu.<br \/>\nIepriek\u0161 <b>Gaile<\/b> ir guvusi pieredzi, str\u0101d\u0101jot FM, k\u0101 ar\u012b <b>AS &#8220;R\u012bgas starptautisk\u0101 autoosta&#8221;<\/b>.<br \/>\n<b>Gaile<\/b> ir ieguvusi soci\u0101lo zin\u0101t\u0146u ma\u0123istra gr\u0101du ekonomik\u0101, k\u0101 ar\u012b bakalaura gr\u0101du vad\u012bbas zin\u0101tn\u0113 <b>R\u012bgas Tehniskaj\u0101 universit\u0101t\u0113<\/b>.<br \/>\nIUB ir <b>Finan\u0161u ministrijas<\/b> padot\u012bbas iest\u0101de, kuras darb\u012bbas m\u0113r\u0137is ir valsts p\u0101rvaldes funkciju \u012bsteno\u0161ana iepirkuma proced\u016bru uzraudz\u012bb\u0101.<\/p>\n","protected":false},"excerpt":{"rendered":"<p><b>Iepirkumu uzraudz\u012bbas biroja<\/b> (IUB) vad\u012bt\u0101ja <b>Dace Gaile<\/b> k\u013c\u016bs par <b>Ekonomikas ministrijas<\/b> (EM) administr\u0101cijas vad\u012bt\u0101ju, a\u0123ent\u016bru LETA inform\u0113ja <b>Finan\u0161u ministrij\u0101<\/b> (FM).<\/p>\n","protected":false},"author":1,"featured_media":0,"comment_status":"open","ping_status":"open","sticky":false,"template":"","format":"standard","meta":{"footnotes":""},"categories":[48],"tags":[],"_links":{"self":[{"href":"https:\/\/zurnalsiepirkumi.lv\/index.php?rest_route=\/wp\/v2\/posts\/13807"}],"collection":[{"href":"https:\/\/zurnalsiepirkumi.lv\/index.php?rest_route=\/wp\/v2\/posts"}],"about":[{"href":"https:\/\/zurnalsiepirkumi.lv\/index.php?rest_route=\/wp\/v2\/types\/post"}],"author":[{"embeddable":true,"href":"https:\/\/zurnalsiepirkumi.lv\/index.php?rest_route=\/wp\/v2\/users\/1"}],"replies":[{"embeddable":true,"href":"https:\/\/zurnalsiepirkumi.lv\/index.php?rest_route=%2Fwp%2Fv2%2Fcomments&post=13807"}],"version-history":[{"count":1,"href":"https:\/\/zurnalsiepirkumi.lv\/index.php?rest_route=\/wp\/v2\/posts\/13807\/revisions"}],"predecessor-version":[{"id":13808,"href":"https:\/\/zurnalsiepirkumi.lv\/index.php?rest_route=\/wp\/v2\/posts\/13807\/revisions\/13808"}],"wp:attachment":[{"href":"https:\/\/zurnalsiepirkumi.lv\/index.php?rest_route=%2Fwp%2Fv2%2Fmedia&parent=13807"}],"wp:term":[{"taxonomy":"category","embeddable":true,"href":"https:\/\/zurnalsiepirkumi.lv\/index.php?rest_route=%2Fwp%2Fv2%2Fcategories&post=13807"},{"taxonomy":"post_tag","embeddable":true,"href":"https:\/\/zurnalsiepirkumi.lv\/index.php?rest_route=%2Fwp%2Fv2%2Ftags&post=13807"}],"curies":[{"name":"wp","href":"https:\/\/api.w.org\/{rel}","templated":true}]}}