{"id":13615,"date":"2020-07-30T10:53:49","date_gmt":"2020-07-30T08:53:49","guid":{"rendered":"https:\/\/zurnalsiepirkumi.lv\/?p=13615"},"modified":"2020-07-30T10:53:52","modified_gmt":"2020-07-30T08:53:52","slug":"sa-iesniedzis-sudzibas-administrativa-tiesa","status":"publish","type":"post","link":"https:\/\/zurnalsiepirkumi.lv\/?p=13615","title":{"rendered":"SA iesniedzis s\u016bdz\u012bbas Administrat\u012bv\u0101 ties\u0101"},"content":{"rendered":"\n<p><strong><em>Personu apvien\u012bbas<\/em><\/strong>, kuru sast\u0101v\u0101 ir<em><strong> SIA &#8220;Sabiedriskais autobuss&#8221;<\/strong><\/em> (SA) un attiec\u012bgi <strong><em>AS &#8220;Nordeka&#8221;<\/em><\/strong> un<em><strong> &#8220;Vlasava&#8221;<\/strong><\/em> ir iesniegu\u0161as s\u016bdz\u012bbas <strong><em>Administrat\u012bv\u0101 rajona ties\u0101<\/em><\/strong> par <strong><em>Iepirkuma Uzraudz\u012bbas biroja<\/em><\/strong> (IUB) pie\u0146emto l\u0113mumu par izskat\u012b\u0161anas termi\u0146a pagarin\u0101\u0161anu attiec\u012bb\u0101 uz <em><strong>Valsts SIA &#8220;Autotransporta direkcijas&#8221;<\/strong><\/em> (ATD) konkursa rezult\u0101tu apstr\u012bd\u0113\u0161anu viet\u0113jas noz\u012bmes re\u0123ion\u0101los un re\u0123ion\u0101los starppils\u0113tu noz\u012bmes mar\u0161rutos.<\/p>\n\n\n\n<p>Pamatojoties uz <strong><em>ATD<\/em><\/strong> 2020.gada 15.maij\u0101 <strong><em>pie\u0146emto l\u0113mumu par konkursa rezult\u0101tiem<\/em><\/strong> &#8211; lot\u0113 <em><strong>&#8220;Valmiera, Valka, Smiltene&#8221;<\/strong><\/em> par uzvar\u0113t\u0101ju tika atz\u012bts un l\u012bgumu tika nolemts sl\u0113gt ar pretendentu personu apvien\u012bbu <strong><em>SIA &#8220;Sabiedriskais autobuss&#8221;<\/em><\/strong> un <em><strong>UAB &#8220;VLASAVA&#8221;<\/strong><\/em>. Savuk\u0101rt lot\u0113<strong><em> &#8220;Gulbene, Al\u016bksne, Balvi&#8221;<\/em><\/strong> uzvar\u0113ja personu apvien\u012bba <em><strong>AS &#8220;Nordeka&#8221;<\/strong><\/em> un <strong><em>SIA &#8220;Sabiedriskais autobuss&#8221;<\/em><\/strong>. Konkursa rezult\u0101tus augst\u0101k min\u0113taj\u0101s lot\u0113s <strong><em>IUB<\/em><\/strong> ir p\u0101rs\u016bdz\u0113ju\u0161as<strong><em> VTU &#8220;Valmiera&#8221;<\/em><\/strong> un<strong><em> personu apvien\u012bba SIA &#8220;Gulbenes autobuss&#8221;<\/em><\/strong> un <strong><em>SIA &#8220;Balvu autotransports&#8221;<\/em><\/strong>, l\u016bdzot kompetentajai iest\u0101dei atcelt konkursa r\u012bkot\u0101ja &#8211; <strong><em>ATD <\/em><\/strong>pie\u0146emto l\u0113mumu par rezult\u0101tiem min\u0113taj\u0101s lot\u0113s.<\/p>\n\n\n\n<p>Publisko&nbsp;iepirkumu&nbsp;likums paredz, ka <strong><em>IUB <\/em><\/strong>visas p\u0101rvad\u0101t\u0101ju iesniegt\u0101s s\u016bdz\u012bbas par <strong><em>ATD <\/em><\/strong>konkursa rezult\u0101tiem ir j\u0101izskata m\u0113ne\u0161a laik\u0101 kop\u0161 to sa\u0146em\u0161anas. Publiskaj\u0101 telp\u0101 <em><strong>IUB <\/strong><\/em>n\u0101ca klaj\u0101 ar pazi\u0146ojumu, ka gala l\u0113mumu par iesniegtaj\u0101m s\u016bdz\u012bb\u0101m pie\u0146ems tikai <em><strong>25.septembr\u012b<\/strong><\/em>, nor\u0101dot l\u0113mum\u0101, ka t\u0101s ir komplic\u0113tas un apjom\u012bgas, neko detaliz\u0113t\u0101k nepaskaidrojot pa\u0161\u0101 l\u0113mum\u0101. Vienlaikus <em><strong>IUB <\/strong><\/em>ir pie\u0146\u0113mis l\u0113mumu piesaist\u012bt attiec\u012bg\u0101s jomas ekspertu, ta\u010du neskaidrojot ko tie\u0161i piesaist\u012btais eksperts v\u0113rt\u0113s un k\u0101das proced\u016bras ietvaros tas tiks izv\u0113l\u0113ts. <strong><em>SA<\/em><\/strong> un<strong><em> personu apvien\u012bbas<\/em><\/strong> v\u0113las nor\u0101d\u012bt, ka pa\u0161\u0101 l\u0113mum\u0101 nav nor\u0101d\u012bti citi b\u016btiski apst\u0101k\u013ci, kas pamatotu vai izskaidrotu \u0161\u0101da <em><strong>IUB <\/strong><\/em>l\u0113muma pamatot\u012bbu.<\/p>\n\n\n\n<p>T\u0101 k\u0101 <strong><em>SA <\/em><\/strong>un ab\u0101m <em><strong>personu apvien\u012bb\u0101m<\/strong><\/em> attiec\u012bgi kop\u0101 ar <em><strong>&#8220;Vlasava&#8221;<\/strong><\/em> un <strong><em>&#8220;Nordeka&#8221; IUB<\/em><\/strong> l\u0113mum\u0101 nor\u0101d\u012btie argumenti par termi\u0146a pagarin\u0101\u0161anu l\u012bdz tr\u012bm m\u0113ne\u0161iem ne\u0161\u0137iet nedz pietieko\u0161i, nedz pamatoti p\u0113c b\u016bt\u012bbas, tad <strong><em>SA <\/em><\/strong>rodas pamatotas \u0161aubas par to, vai tie\u0161\u0101m <strong><em>IUB <\/em><\/strong>ir p\u0101rdom\u0101jis min\u0113to l\u0113mumu? <strong><em>SA <\/em><\/strong>un <em><strong>personu apvien\u012bbas &#8220;Nordeka<\/strong><\/em>&#8221; un <em><strong>&#8220;Vlasava&#8221;<\/strong><\/em> ap\u0161auba, vai \u0161\u0101ds l\u0113mums ir ticis pietiekami apsv\u0113rts, un vai t\u0101 patiesais pamatojums nav lietas izskat\u012b\u0161anas novilcin\u0101\u0161ana?<\/p>\n\n\n\n<p>Turkl\u0101t pamatojoties uz Valsts p\u0101rvaldes likuma 10. panta piekto da\u013cu un Eiropas Savien\u012bbas (ES) pamatties\u012bbu hartas 41.panta ties\u012bb\u0101m, labas p\u0101rvald\u012bbas princips ietver taisn\u012bgu proced\u016bru \u012bsteno\u0161anu sapr\u0101t\u012bgos termi\u0146os. Administrat\u012bv\u0101 procesa 63. panta pirm\u0101 da\u013ca paredz, ka izskatot faktus un uzklausot visu proces\u0101 iesaist\u012bto dal\u012bbnieku viedok\u013cus, <strong><em>IUB <\/em><\/strong>nekav\u0113joties ir j\u0101izv\u0113rt\u0113 konkr\u0113t\u0101s lietas apst\u0101k\u013ci un j\u0101izdod attiec\u012bgi administrat\u012bvo aktu. Proti, tas noz\u012bm\u0113, ka atbild\u012bg\u0101 iest\u0101de nekav\u0113joties izv\u0113rt\u0113, noskaidro visus lietas apst\u0101k\u013cus un pazi\u0146o pie\u0146emto l\u0113mumu, pat, ja noteiktais termi\u0146\u0161 v\u0113l nav pien\u0101cis.<\/p>\n\n\n\n<p>Tom\u0113r <strong><em>SA <\/em><\/strong>\u013coti cer, ka <strong><em>IUB <\/em><\/strong>l\u0113mumu par termi\u0146a pagarin\u0101\u0161anu un eksperta nepiecie\u0161am\u012bbu nav pie\u0146\u0113mis politisk\u0101 spiediena d\u0113\u013c, jo gan <strong><em>&#8220;VTU Valmiera&#8221;<\/em><\/strong>, gan personu apvien\u012bba <strong><em>SIA &#8220;Gulbenes autobuss<\/em><\/strong>&#8221; un <strong><em>SIA &#8220;Balvu autotransports&#8221;<\/em><\/strong> s\u016bdz\u012bb\u0101s nor\u0101d\u012bts tikai uz \u0161aub\u0101m par to, ka uzvar\u0113ju\u0161\u0101 pied\u0101v\u0101jum\u0101 nor\u0101d\u012bt\u0101 cena ir nepamatoti l\u0113ta. Ta\u010du konkur\u0113jo\u0161\u0101 pretendenta \u0161aubas vai aizdomas, kas nav pamatotas ar nek\u0101diem racion\u0101liem apsv\u0113rumiem, pa\u0161as par sevi nav juridiski v\u0113rt\u0113jams krit\u0113rijs. Savuk\u0101rt izsme\u013co\u0161us paskaidrojumus liet\u0101 ir sniegu\u0161as gan abas <em><strong>personu apvien\u012bbas<\/strong><\/em>, kuru sast\u0101v\u0101 ir<strong><em> SA<\/em><\/strong>, gan <em><strong>ATD<\/strong><\/em>.<\/p>\n\n\n\n<p>Turkl\u0101t ar\u012b Satiksmes ministrs <em><strong>T. Linkaits<\/strong><\/em> publiskaj\u0101 telp\u0101 paudis ba\u017eas par politisko ietekm\u0113\u0161anu konkursa sakar\u0101. Uz jaut\u0101jumu, k\u0101das ir iesp\u0113jas izpild\u012bt premjera <em><strong>K. Kari\u0146a<\/strong><\/em> pras\u012bbu izsl\u0113gt vienu uz\u0146\u0113mumu no konkursa, ministrs nor\u0101d\u012bja, ka vi\u0146am t\u0101du iesp\u0113ju nav, bet vien\u012bgais, kas t\u012bri teor\u0113tiski to var\u0113tu izdar\u012bt ir <em><strong>IUB<\/strong><\/em>. Savuk\u0101rt uz jaut\u0101jumu par to, vai n\u0101kamais solis no <strong><em>Kari\u0146a <\/em><\/strong>puses var\u0113tu b\u016bt l\u012bdz\u012bga spiediena izdar\u012b\u0161ana uz <strong><em>IUB<\/em><\/strong>, ministrs atbild\u0113ja, ka spiediena neb\u016bs un pa\u013caujas, ka kompetent\u0101 iest\u0101de profesion\u0101li visu izv\u0113rt\u0113s. Ar\u012b <em><strong>SA <\/strong><\/em>un <em><strong>personu apvien\u012bbas<\/strong><\/em> patiesi cer un pa\u013caujas uz <strong><em>IUB <\/em><\/strong>profesionalit\u0101ti s\u016bdz\u012bbu izskat\u012b\u0161anas gait\u0101.<\/p>\n\n\n\n<p>Lot\u0113 <strong><em>&#8220;Saldus, Kuld\u012bga&#8221;<\/em><\/strong>, kur s\u016bdz\u012bbas netika iesniegtas, <em><strong>SA <\/strong><\/em>l\u012bgumu ar pas\u016bt\u012bt\u0101ju parakst\u012bja \u0161\u012b gada 1.j\u016blij\u0101, savuk\u0101rt <em><strong>personu apvien\u012bbas<\/strong><\/em>, kur\u0101 ietilpst <strong><em>SA, &#8220;Nordeka&#8221;, &#8220;Liep\u0101jas autobusu parks&#8221;<\/em><\/strong>, l\u012bgums par loti <strong><em>&#8220;Pier\u012bga&#8221;<\/em><\/strong> tika parakst\u012bts \u0161\u012b gada 2.j\u016blij\u0101. Saska\u0146\u0101 ar abu l\u012bgumu nosac\u012bjumiem, <strong><em>SA <\/em><\/strong>uzs\u0101ks sniegt pakalpojumu ab\u0101s lot\u0113s 2021.gada 1.august\u0101.<\/p>\n\n\n\n<p>Par <strong><em>SIA &#8220;Sabiedriskais autobuss&#8221;<\/em><\/strong><\/p>\n\n\n\n<p><strong><em>SIA &#8220;Sabiedriskais autobuss&#8221;<\/em><\/strong> viet\u0113jas noz\u012bmes re\u0123ion\u0101los un re\u0123ion\u0101los starppils\u0113tu pasa\u017eieru p\u0101rvad\u0101jumus nodro\u0161ina jau vair\u0101k k\u0101 <em><strong>60 gadus<\/strong><\/em>. Bez regul\u0101rajiem pasa\u017eieru p\u0101rvad\u0101jumiem, uz\u0146\u0113mums nodro\u0161ina ar\u012b skol\u0113nu regul\u0101ros p\u0101rvad\u0101jumus un pied\u0101v\u0101 transporta nomu t\u016brisma vai kolekt\u012bviem braucieniem. Uz\u0146\u0113mums <strong><em>&#8220;Sabiedriskais autobuss&#8221;<\/em><\/strong> ietilpst <strong><em>&#8220;B-Bus&#8221; grup\u0101<\/em><\/strong>, kur\u0161 2019.gad\u0101 ar <strong><em>505 autobusiem<\/em><\/strong> apkalpoja <em><strong>40 milj. pasa\u017eieru 165 mar\u0161rutos<\/strong><\/em>, nodarbinot<em><strong> 1225 darbiniekus<\/strong><\/em>. <\/p>\n\n\n\n<p> Inform\u0101ciju sagatavoja <em><strong>Maija Lazdi\u0146a, SIA &#8220;Sabiedriskais autobuss&#8221;<\/strong><\/em> Sabiedrisko attiec\u012bbu vad\u012bt\u0101ja. <\/p>\n","protected":false},"excerpt":{"rendered":"<p><b>Personu apvien\u012bbas<\/b>, kuru sast\u0101v\u0101 ir <b>SIA &#8220;Sabiedriskais autobuss&#8221;<\/b> (SA) un attiec\u012bgi <b>AS &#8220;Nordeka&#8221;<\/b> un <b>&#8220;Vlasava&#8221;<\/b> ir iesniegu\u0161as s\u016bdz\u012bbas <b>Administrat\u012bv\u0101 rajona ties\u0101<\/b> par <b>Iepirkuma Uzraudz\u012bbas biroja<\/b> (IUB) pie\u0146emto l\u0113mumu par izskat\u012b\u0161anas termi\u0146a pagarin\u0101\u0161anu attiec\u012bb\u0101 uz <b>Valsts SIA &#8220;Autotransporta direkcijas&#8221;<\/b> (ATD) konkursa rezult\u0101tu apstr\u012bd\u0113\u0161anu viet\u0113jas noz\u012bmes re\u0123ion\u0101los un re\u0123ion\u0101los starppils\u0113tu noz\u012bmes mar\u0161rutos.<\/p>\n","protected":false},"author":1,"featured_media":0,"comment_status":"open","ping_status":"open","sticky":false,"template":"","format":"standard","meta":{"footnotes":""},"categories":[396,46],"tags":[],"_links":{"self":[{"href":"https:\/\/zurnalsiepirkumi.lv\/index.php?rest_route=\/wp\/v2\/posts\/13615"}],"collection":[{"href":"https:\/\/zurnalsiepirkumi.lv\/index.php?rest_route=\/wp\/v2\/posts"}],"about":[{"href":"https:\/\/zurnalsiepirkumi.lv\/index.php?rest_route=\/wp\/v2\/types\/post"}],"author":[{"embeddable":true,"href":"https:\/\/zurnalsiepirkumi.lv\/index.php?rest_route=\/wp\/v2\/users\/1"}],"replies":[{"embeddable":true,"href":"https:\/\/zurnalsiepirkumi.lv\/index.php?rest_route=%2Fwp%2Fv2%2Fcomments&post=13615"}],"version-history":[{"count":2,"href":"https:\/\/zurnalsiepirkumi.lv\/index.php?rest_route=\/wp\/v2\/posts\/13615\/revisions"}],"predecessor-version":[{"id":13618,"href":"https:\/\/zurnalsiepirkumi.lv\/index.php?rest_route=\/wp\/v2\/posts\/13615\/revisions\/13618"}],"wp:attachment":[{"href":"https:\/\/zurnalsiepirkumi.lv\/index.php?rest_route=%2Fwp%2Fv2%2Fmedia&parent=13615"}],"wp:term":[{"taxonomy":"category","embeddable":true,"href":"https:\/\/zurnalsiepirkumi.lv\/index.php?rest_route=%2Fwp%2Fv2%2Fcategories&post=13615"},{"taxonomy":"post_tag","embeddable":true,"href":"https:\/\/zurnalsiepirkumi.lv\/index.php?rest_route=%2Fwp%2Fv2%2Ftags&post=13615"}],"curies":[{"name":"wp","href":"https:\/\/api.w.org\/{rel}","templated":true}]}}