{"id":13338,"date":"2020-06-09T07:01:54","date_gmt":"2020-06-09T05:01:54","guid":{"rendered":"https:\/\/zurnalsiepirkumi.lv\/?p=13338"},"modified":"2020-06-09T07:13:24","modified_gmt":"2020-06-09T05:13:24","slug":"latvija-sanem-pirmos-individualos-aizsardzibas-lidzeklus-no-eiropas-vienota-iepirkuma","status":"publish","type":"post","link":"https:\/\/zurnalsiepirkumi.lv\/?p=13338","title":{"rendered":"Latvija sa\u0146em pirmos individu\u0101los aizsardz\u012bbas l\u012bdzek\u013cus no Eiropas vienot\u0101 iepirkuma"},"content":{"rendered":"<p>Latvija sa\u0146\u0113musi pirmos individu\u0101l\u0101s aizsardz\u012bbas l\u012bdzek\u013cus, kuri ieg\u0101d\u0101ti Eiropas Komisijas organiz\u0113t\u0101 vienot\u0101 iepirkuma ietvaros. Vesel\u012bbas nozares vajadz\u012bb\u0101m \u0161obr\u012bd pieg\u0101d\u0101tas <b>25 000 aizsargbrilles<\/b> un <b>100 000 sejas \u0137irur\u0123isk\u0101s maskas<\/b>.<\/p>\n<p>\u0160\u0101 gada 3.mart\u0101 Ministru kabinets no l\u012bdzek\u013ciem neparedz\u0113tiem gad\u012bjumiem pie\u0161\u0137\u012bra <b>752 301 eiro<\/b> Eiropas Savien\u012bbas kop\u0113j\u0101 iepirkuma nodro\u0161in\u0101\u0161anai. Finans\u0113jums paredz\u0113ts individu\u0101lo aizsardz\u012bbas l\u012bdzek\u013cu (cimdi, sejas \u0137irur\u0123isk\u0101s maskas, aizsargbrilles, respiratori, kombinezoni, hal\u0101ti) ieg\u0101dei vesel\u012bbas apr\u016bpes iest\u0101\u017eu vajadz\u012bb\u0101m. Gan aizsardz\u012bbas l\u012bdzek\u013cu cenas, gan specifik\u0101ciju nosaka Eiropas Komisijas nosl\u0113gtie ietvara l\u012bgumi ar iepirkum\u0101 uzvar\u0113ju\u0161iem uz\u0146\u0113mumiem. Pirm\u0101s pieg\u0101des izmaksas Latvijai ir <b>228 000 eiro<\/b>, t.sk. <b>58 000 eiro<\/b> par sejas \u0137irur\u0123iskaj\u0101m mask\u0101m, bet <b>170 000 eiro<\/b> aizsargbri\u013c\u013cu ieg\u0101dei. Gan no Vesel\u012bbas inspekcijas, gan Pat\u0113r\u0113t\u0101ju ties\u012bbu aizsardz\u012bbas centra ir sa\u0146emti apliecin\u0101jumi par min\u0113to aizsardz\u012bbas l\u012bdzek\u013cu dokument\u0101cijas izsekojam\u012bbu un atbilst\u012bbu Eiropas Savien\u012bbas pras\u012bb\u0101m.<\/p>\n<p><i>\u0145emot v\u0113r\u0101 ierobe\u017eoto individu\u0101l\u0101s aizsardz\u012bbas l\u012bdzek\u013cu pieejam\u012bbu, Eiropas Komisija febru\u0101ra vid\u016b pie\u0146\u0113ma l\u0113mumu organiz\u0113t Eiropas Savien\u012bbas dal\u012bbvalstu kop\u0113jo iepirkumu. Sare\u017e\u0123\u012bto situ\u0101ciju pasaul\u0113 ar individu\u0101l\u0101s aizsardz\u012bbas l\u012bdzek\u013cu pieejam\u012bbu apliecina vair\u0101k k\u0101 tr\u012bs m\u0113ne\u0161u ilgais process, k\u0101d\u0101 vienotais Eiropas iepirkums ir \u012bstenojies tikai da\u013c\u0113ji. \u0160\u0101 gada febru\u0101ra beig\u0101s Eiropas Komisijas Vesel\u012bbas un p\u0101rtikas dro\u0161\u012bbas direktor\u0101ts izsludin\u0101ja iepirkumu vis\u0101m nepiecie\u0161amaj\u0101m poz\u012bcij\u0101m (elpce\u013cu, acu, roku un \u0137erme\u0146a aizsardz\u012bbai), ta\u010du uz iepirkuma atv\u0113r\u0161anu 10.mart\u0101 tika pied\u0101v\u0101ti tikai roku un \u0137erme\u0146a aizsardz\u012bbas l\u012bdzek\u013ci. T\u0101 k\u0101 neviens pretendents nebija gatavs pieg\u0101d\u0101t nepiecie\u0161amos elpce\u013cu un acu aizsardz\u012bbas l\u012bdzek\u013cus, tad Eiropas komisija iepirkumu \u0161\u012bm poz\u012bcij\u0101m organiz\u0113ja atk\u0101rtoti. Latvija savu pas\u016bt\u012bjumu veica 6.maij\u0101, nosl\u0113dzot l\u012bgumus par aizsargbri\u013clu un sejas \u0137irur\u0123isko masku pieg\u0101di. Savuk\u0101rt respiratoru un kombinezonu ieg\u0101de Eiropas vienot\u0101 iepirkuma ietvaros \u0161obr\u012bd nerealiz\u0113jas, jo Eiropas Komisija v\u0113l risina jaut\u0101jumus ar potenci\u0101lajiem respiratoru pieg\u0101d\u0101t\u0101jiem, savuk\u0101rt iepirkum\u0101 vien\u012bgais kombinezonu pieg\u0101d\u0101t\u0101js nevar nodro\u0161in\u0101t Eiropas valst\u012bm kombinezonus ar atbilsto\u0161iem CE sertifik\u0101tiem.<\/i><\/p>\n<p>Inform\u0101ciju sagatavoja <b>Ilze Buk\u0161a<\/b>, Neatliekam\u0101s medic\u012bnisk\u0101s pal\u012bdz\u012bbas dienesta Komunik\u0101cijas noda\u013cas vad\u012bt\u0101ja.<\/p>\n","protected":false},"excerpt":{"rendered":"<p>Latvija sa\u0146\u0113musi pirmos individu\u0101l\u0101s aizsardz\u012bbas l\u012bdzek\u013cus, kuri ieg\u0101d\u0101ti Eiropas Komisijas organiz\u0113t\u0101 vienot\u0101 iepirkuma ietvaros. Vesel\u012bbas nozares vajadz\u012bb\u0101m \u0161obr\u012bd pieg\u0101d\u0101tas 25 000 aizsargbrilles un 100 000 sejas \u0137irur\u0123isk\u0101s maskas.<\/p>\n","protected":false},"author":1,"featured_media":0,"comment_status":"open","ping_status":"open","sticky":false,"template":"","format":"standard","meta":{"footnotes":""},"categories":[33,49],"tags":[],"_links":{"self":[{"href":"https:\/\/zurnalsiepirkumi.lv\/index.php?rest_route=\/wp\/v2\/posts\/13338"}],"collection":[{"href":"https:\/\/zurnalsiepirkumi.lv\/index.php?rest_route=\/wp\/v2\/posts"}],"about":[{"href":"https:\/\/zurnalsiepirkumi.lv\/index.php?rest_route=\/wp\/v2\/types\/post"}],"author":[{"embeddable":true,"href":"https:\/\/zurnalsiepirkumi.lv\/index.php?rest_route=\/wp\/v2\/users\/1"}],"replies":[{"embeddable":true,"href":"https:\/\/zurnalsiepirkumi.lv\/index.php?rest_route=%2Fwp%2Fv2%2Fcomments&post=13338"}],"version-history":[{"count":2,"href":"https:\/\/zurnalsiepirkumi.lv\/index.php?rest_route=\/wp\/v2\/posts\/13338\/revisions"}],"predecessor-version":[{"id":13340,"href":"https:\/\/zurnalsiepirkumi.lv\/index.php?rest_route=\/wp\/v2\/posts\/13338\/revisions\/13340"}],"wp:attachment":[{"href":"https:\/\/zurnalsiepirkumi.lv\/index.php?rest_route=%2Fwp%2Fv2%2Fmedia&parent=13338"}],"wp:term":[{"taxonomy":"category","embeddable":true,"href":"https:\/\/zurnalsiepirkumi.lv\/index.php?rest_route=%2Fwp%2Fv2%2Fcategories&post=13338"},{"taxonomy":"post_tag","embeddable":true,"href":"https:\/\/zurnalsiepirkumi.lv\/index.php?rest_route=%2Fwp%2Fv2%2Ftags&post=13338"}],"curies":[{"name":"wp","href":"https:\/\/api.w.org\/{rel}","templated":true}]}}