{"id":13140,"date":"2020-05-12T07:17:18","date_gmt":"2020-05-12T05:17:18","guid":{"rendered":"https:\/\/zurnalsiepirkumi.lv\/?p=13140"},"modified":"2020-05-12T07:17:21","modified_gmt":"2020-05-12T05:17:21","slug":"am-individualas-aizsardzibas-lidzeklu-iepirkumos-lielakas-grutibas-ir-ar-pardeveju-nespeju-uzradit-precem-atbilstosus-sertifikatus","status":"publish","type":"post","link":"https:\/\/zurnalsiepirkumi.lv\/?p=13140","title":{"rendered":"AM: Individu\u0101l\u0101s aizsardz\u012bbas l\u012bdzek\u013cu iepirkumos liel\u0101k\u0101s gr\u016bt\u012bbas ir ar p\u0101rdev\u0113ju nesp\u0113ju uzr\u0101d\u012bt prec\u0113m atbilsto\u0161us sertifik\u0101tus"},"content":{"rendered":"<p><b>Aizsardz\u012bbas ministrija<\/b> (AM) apstiprina, ka t\u0101 ir sask\u0101rusies ar liel\u0101m gr\u016bt\u012bb\u0101m veikt individu\u0101l\u0101s aizsardz\u012bbas l\u012bdzek\u013cu iepirkumus, un \u0161\u012bs gr\u016bt\u012bbas pamat\u0101 saist\u012btas ar uz\u0146\u0113mumu iesp\u0113j\u0101m nodro\u0161in\u0101t atbilsto\u0161us sertifik\u0101tus, kuri apliecina l\u012bdzek\u013cu atbilst\u012bbu <i>Eiropas standartam<\/i>.<\/p>\n<p>AM skaidroja, ka no komersantiem, kuri ir iesniegu\u0161i ministrijai savu pied\u0101v\u0101jumu, liel\u0101k\u0101 da\u013ca nevar uzr\u0101d\u012bt atbilsto\u0161us sertifik\u0101tus, kuri apstiprina individu\u0101l\u0101s aizsardz\u012bbas l\u012bdzek\u013cu kvalit\u0101ti. Attiec\u012bgi \u0161obr\u012bd ir izveidojusies situ\u0101cija, ka atsevi\u0161\u0137\u0101s nepiecie\u0161amo individu\u0101l\u0101s aizsardz\u012bbas l\u012bdzek\u013cu kategorij\u0101s nav neviena komersanta ar atbilsto\u0161u sertifik\u0101tu dokument\u0101ciju.<\/p>\n<p>Vienlaikus ministrij\u0101 nor\u0101d\u012bja, ka probl\u0113mas sag\u0101d\u0101 ar\u012b situ\u0101cija, ka Latvij\u0101 nav nevienas laboratorijas, kura var veikt pied\u0101v\u0101to individu\u0101l\u0101s aizsardz\u012bbas l\u012bdzek\u013cu produktu kvalit\u0101tes un dro\u0161\u012bbas p\u0101rbaudes. Savuk\u0101rt cit\u0101s Eiropas valst\u012bs pieejam\u0101s laboratorijas ir p\u0101rslogotas. AM ir noskaidrojusi, ka, nos\u016btot uz t\u0101m individu\u0101l\u0101s aizsardz\u012bbas l\u012bdzek\u013cus testu veik\u0161anai, atbilde j\u0101gaida divas l\u012bdz \u010detras ned\u0113\u013cas.<\/p>\n<p>\u0145emot v\u0113r\u0101 pa\u0161reiz\u0113jo situ\u0101ciju, AM izskat\u012b\u0161anai r\u012btdienas, 12.maija, vald\u012bbas s\u0113d\u0113 iesniegusi informat\u012bvo zi\u0146ojumu par probl\u0113m\u0101m saist\u012bb\u0101 ar nepiecie\u0161amo individu\u0101l\u0101s aizsardz\u012bbas l\u012bdzek\u013cu ieg\u0101d\u0113m un to sertific\u0113\u0161anas jaut\u0101jumu.<\/p>\n<p>Jau v\u0113st\u012bts &#8211; ja saglab\u0101sies kritisk\u0101 situ\u0101cija ar individu\u0101lo aizsardz\u012bbas l\u012bdzek\u013cu pieejam\u012bbu medi\u0137iem, p\u0101ris ned\u0113\u013cu laik\u0101 b\u016bs j\u0101lemj par vesel\u012bbas apr\u016bpes pakalpojumu samazin\u0101\u0161anu, \u0161odien p\u0113c koal\u012bcijas san\u0101ksmes \u017eurn\u0101listiem pauda vesel\u012bbas ministre <b>Ilze Vi\u0146\u0137ele<\/b> (AP).<\/p>\n<p>Ministre nor\u0101d\u012bja, ka pa\u0161reiz\u0113jie respiratoru kr\u0101jumi var\u0113tu dr\u012bzum\u0101 beigties, t\u0101pat l\u012bdz\u012bga situ\u0101cija ir ar atsevi\u0161\u0137iem citiem individu\u0101lajiem aizsardz\u012bbas l\u012bdzek\u013ciem medi\u0137iem.<\/p>\n<p>Vi\u0146a ar\u012b nor\u0101d\u012bja, ka tiek str\u0101d\u0101ts pie risin\u0101juma ra\u0161anas \u0161aj\u0101 situ\u0101cij\u0101.<\/p>\n<p>&#8220;M\u0113s \u0161obr\u012bd atrodamies \u013coti nopietn\u0101 situ\u0101cij\u0101 ar individu\u0101lo aizsargl\u012bdzek\u013cu pieejam\u012bbu vesel\u012bbas apr\u016bpes iest\u0101d\u0113m. Kr\u0101jumi ir kritiski zemi,&#8221; sac\u012bja ministre.<\/p>\n<p>\u012apa\u0161i tas attiecoties uz respiratoriem. P\u0113c pieejamiem datiem \u0101rstniec\u012bbas iest\u0101d\u0113m respiratori ir nodro\u0161in\u0101ti ar pusotras dienas rezervi.<\/p>\n<p>Tikpat sare\u017e\u0123\u012bta ir situ\u0101cija ar vienreizlietojamiem hal\u0101tiem un aizsargkombinezoniem, kuri neliel\u0101 kr\u0101jum\u0101 ir slimn\u012bcu rezerv\u0113s, bet faktiski tas noz\u012bm\u0113, ka kuru katru br\u012bdi var tikt p\u0101rtraukts Neatliekam\u0101s medic\u012bnisk\u0101s pal\u012bdz\u012bbas dienesta darbs, sac\u012bja Vi\u0146\u0137ele.<\/p>\n<p>Ar\u012b \u0137irur\u0123isko masku, kuras lieto ne visas \u0101rstniec\u012bbas personas, bet tie\u0161i tie, kas atrodas oper\u0101ciju z\u0101l\u0113s, rezerves pietiekot apm\u0113ram div\u0101m ned\u0113\u013c\u0101m.<\/p>\n<p>Ja b\u016btu pieejams \u0101trs risin\u0101jums individu\u0101lo aizsardz\u012bbas l\u012bdzek\u013cu nodro\u0161in\u0101\u0161anai medi\u0137iem, tad t\u0101ds jau b\u016btu rasts, ta\u010du ir j\u0101\u0146em v\u0113r\u0101 liel\u0101 konkurence pasaul\u0113 \u0161aj\u0101 jaut\u0101jum\u0101, \u0161odien p\u0113c koal\u012bcijas san\u0101ksmes nor\u0101d\u012bja Ministru prezidents <b>Kri\u0161j\u0101nis Kari\u0146\u0161<\/b>. Uz konkurenci pasaul\u0113 \u0161aj\u0101 jaut\u0101jum\u0101 uzman\u012bbu v\u0113rsa ar\u012b <b>Vi\u0146\u0137ele<\/b>.<\/p>\n<p>Kari\u0146\u0161 nor\u0101d\u012bja, ka \u0161ie l\u012bdzek\u013ci b\u016btu iep\u0113rkami no \u0136\u012bnas, ta\u010du tur atsevi\u0161\u0137os gad\u012bjumos tiek veikta ar\u012b kr\u0101p\u0161an\u0101s ar nepiecie\u0161amajiem dro\u0161\u012bbas sertifik\u0101tiem. Latvij\u0101 nav iesp\u0113jams p\u0101rbaud\u012bt nesertific\u0113tus aizsardz\u012bbas l\u012bdzek\u013cus, savuk\u0101rt uz p\u0101rbaud\u0113m laboratorij\u0101s cit\u0101s valst\u012bs b\u016btu j\u0101gaida \u010detras vai vair\u0101kas ned\u0113\u013cas, v\u0113rsa uzman\u012bbu premjers.<\/p>\n<p>Vald\u012bbas vad\u012bt\u0101js nor\u0101d\u012bja, ka da\u017ek\u0101rt v\u0113rojama v\u0113lme b\u016bt &#8220;burta kalpiem&#8221; un v\u0113rt\u0113t &#8220;pap\u012bru&#8221; atbilst\u012bbu, lai gan galvenais ir preces atbilst\u012bba. Kari\u0146\u0161 akcent\u0113ja, ka nav pareizi mekl\u0113t vain\u012bgos valsts p\u0101rvald\u0113, jo &#8220;k\u0101 tad ier\u0113dnis var b\u016bt vain\u012bgs&#8221; pie t\u0101, kas notiek &#8220;otr\u0101 gal\u0101&#8221;. Ja ir neatbilst\u012bba dokument\u0101cij\u0101, tad ar veselo sapr\u0101tu j\u0101konstat\u0113, vai \u0161\u012b prece ir der\u012bga vai nav, pauda premjers.<\/p>\n<p>Vi\u0146a sac\u012btais sasauc\u0101s ar vesel\u012bbas ministres nor\u0101d\u012bto, ka medi\u0137u izmantotos aizsargl\u012bdzek\u013cus iesp\u0113ju robe\u017e\u0101s ir p\u0101rbaud\u012bju\u0161i un par labiem atzinu\u0161i <b>R\u012bgas Stradi\u0146a universit\u0101tes<\/b> (RSU) un R\u012bgas Tehnisk\u0101s universit\u0101tes (RTU) speci\u0101listi. Vi\u0146\u0137ele ar\u012b nor\u0101d\u012bja, ka, ja tiktu \u012bstenota v\u0113lme dokumentos p\u0101rbaud\u012bt katra &#8220;hieroglifa&#8221; atbilst\u012bbu, tad medi\u0137i paliktu bez aizsargl\u012bdzek\u013ciem. Vesel\u012bbas ministre akcent\u0113ja, ka situ\u0101cij\u0101, kad RSU un RTU profesion\u0101\u013ci \u0161os aizsardz\u012bbas l\u012bdzek\u013cus ir atzinu\u0161i par atbilsto\u0161iem, tie ir simtreiz lab\u0101ks risin\u0101jums par situ\u0101ciju, kas iest\u0101tos, ja medi\u0137i b\u016btu paliku\u0161i bez aizsargl\u012bdzek\u013ciem.<\/p>\n<p>Kari\u0146\u0161 nor\u0101d\u012bja, ka esam \u013coti gr\u016bt\u0101 situ\u0101cij\u0101 un nedr\u012bkstam paraliz\u0113t tos valsts p\u0101rvaldes cilv\u0113kus, kuri ir atbild\u012bgi par \u0161o l\u012bdzek\u013cu sag\u0101di. Vi\u0146\u0161 \u0161aj\u0101 kontekst\u0101 pauda ba\u017eas par &#8220;raganu med\u012bb\u0101m&#8221;, kuras neatbalsta. Premjers v\u0113rsa uzman\u012bbu, ka vair\u0101kas kravas no \u0136\u012bnas jau gandr\u012bz biju\u0161as sarun\u0101tas, ta\u010du nav tiku\u0161as pieg\u0101d\u0101tas, jo atkl\u0101ju\u0161\u0101s probl\u0113mas \u0136\u012bnas pus\u0113.<\/p>\n<p>Vald\u012bba iepriek\u0161 nol\u0113ma, ka Valsts aizsardz\u012bbas milit\u0101ro objektu un iepirkumu centrs (VAMOIC) turpm\u0101k veiks Covid-19 izplat\u012bbas ierobe\u017eo\u0161anai nepiecie\u0161amo individu\u0101lo aizsargl\u012bdzek\u013cu un dezinfekcijas l\u012bdzek\u013cu centraliz\u0113tos iepirkumus visu valsts instit\u016bciju vajadz\u012bb\u0101m. Savuk\u0101rt armija sniegs lo\u0123istikas atbalstu, ieg\u0101d\u0101t\u0101s preces nog\u0101d\u0101jot sa\u0146\u0113m\u0113jiem atbilsto\u0161i priorit\u0101ro instit\u016bciju un to vajadz\u012bbu sarakst\u0101 noteiktajam apjomam.<\/p>\n<p>Publiski pieejam\u0101 <b>Aizsardz\u012bbas ministrija<\/b> inform\u0101cija liecina, ka VAMOIC l\u012bdz \u0161im nosl\u0113dzis l\u012bgumus vienreizlietojamo higi\u0113nas masku un respiratoru pieg\u0101di, k\u0101 ar\u012b par respiratoru pieg\u0101di. T\u0101pat nosl\u0113gts l\u012bgums par vienreizlietojamo medic\u012bnas masku pieg\u0101di. L\u012bgumi nosl\u0113gti ar Latvij\u0101 un Singap\u016br\u0101 re\u0123istr\u0113tiem uz\u0146\u0113mumiem.<\/p>\n<p>T\u0101pat VAMOIC ar viet\u0113jiem ra\u017eot\u0101jiem nosl\u0113dzis l\u012bgumus par kopum\u0101 182 460 litru dezinfekcijas l\u012bdzek\u013cu pieg\u0101di valsts iest\u0101d\u0113m.<\/p>\n<p>Savuk\u0101rt aizsardz\u012bbas ministrs <b>Artis Pabriks<\/b> pag\u0101ju\u0161\u0101 ned\u0113\u013c\u0101 ar\u012b atzina, ka situ\u0101cija ar iepirkumiem gan Latvij\u0101, gan pasaul\u0113 kopum\u0101 ir sare\u017e\u0123\u012bta, jo kav\u0113jas pieg\u0101des.<\/p>\n<p>Ministrs ar\u012b piebilda, ka uz\u0146\u0113m\u0113ji, kas ieved respiratorus vai aizsargmaskas no <i>\u0136\u012bnas<\/i>, risk\u0113 ar \u013coti daudz ko, jo bie\u017ei tiek pras\u012bta 100% priek\u0161apmaksa, bet vienlaikus Latvij\u0101 nav t\u0101das laboratorijas, kuras var\u0113tu simtprocent\u012bgi un \u013coti \u012bs\u0101 laik\u0101 p\u0101rbad\u012bt iepirkto aizsargl\u012bdzek\u013cu kvalit\u0101ti.<\/p>\n","protected":false},"excerpt":{"rendered":"<p><b>Aizsardz\u012bbas ministrija<\/b> (AM) apstiprina, ka t\u0101 ir sask\u0101rusies ar liel\u0101m gr\u016bt\u012bb\u0101m veikt individu\u0101l\u0101s aizsardz\u012bbas l\u012bdzek\u013cu iepirkumus, un \u0161\u012bs gr\u016bt\u012bbas pamat\u0101 saist\u012btas ar uz\u0146\u0113mumu iesp\u0113j\u0101m nodro\u0161in\u0101t atbilsto\u0161us sertifik\u0101tus, kuri apliecina l\u012bdzek\u013cu atbilst\u012bbu <i>Eiropas standartam<\/i>.<\/p>\n","protected":false},"author":1,"featured_media":0,"comment_status":"open","ping_status":"open","sticky":false,"template":"","format":"standard","meta":{"footnotes":""},"categories":[120,33],"tags":[],"_links":{"self":[{"href":"https:\/\/zurnalsiepirkumi.lv\/index.php?rest_route=\/wp\/v2\/posts\/13140"}],"collection":[{"href":"https:\/\/zurnalsiepirkumi.lv\/index.php?rest_route=\/wp\/v2\/posts"}],"about":[{"href":"https:\/\/zurnalsiepirkumi.lv\/index.php?rest_route=\/wp\/v2\/types\/post"}],"author":[{"embeddable":true,"href":"https:\/\/zurnalsiepirkumi.lv\/index.php?rest_route=\/wp\/v2\/users\/1"}],"replies":[{"embeddable":true,"href":"https:\/\/zurnalsiepirkumi.lv\/index.php?rest_route=%2Fwp%2Fv2%2Fcomments&post=13140"}],"version-history":[{"count":1,"href":"https:\/\/zurnalsiepirkumi.lv\/index.php?rest_route=\/wp\/v2\/posts\/13140\/revisions"}],"predecessor-version":[{"id":13142,"href":"https:\/\/zurnalsiepirkumi.lv\/index.php?rest_route=\/wp\/v2\/posts\/13140\/revisions\/13142"}],"wp:attachment":[{"href":"https:\/\/zurnalsiepirkumi.lv\/index.php?rest_route=%2Fwp%2Fv2%2Fmedia&parent=13140"}],"wp:term":[{"taxonomy":"category","embeddable":true,"href":"https:\/\/zurnalsiepirkumi.lv\/index.php?rest_route=%2Fwp%2Fv2%2Fcategories&post=13140"},{"taxonomy":"post_tag","embeddable":true,"href":"https:\/\/zurnalsiepirkumi.lv\/index.php?rest_route=%2Fwp%2Fv2%2Ftags&post=13140"}],"curies":[{"name":"wp","href":"https:\/\/api.w.org\/{rel}","templated":true}]}}