{"id":13105,"date":"2020-05-08T09:01:55","date_gmt":"2020-05-08T07:01:55","guid":{"rendered":"https:\/\/zurnalsiepirkumi.lv\/?p=13105"},"modified":"2020-05-08T09:01:57","modified_gmt":"2020-05-08T07:01:57","slug":"pabriks-parliecinats-ka-esosais-sejas-maksu-un-respiratoru-iepirkumu-cels-ir-arkartejai-situacijai-atbilstosakais","status":"publish","type":"post","link":"https:\/\/zurnalsiepirkumi.lv\/?p=13105","title":{"rendered":"Pabriks p\u0101rliecin\u0101ts, ka eso\u0161ais sejas maksu un respiratoru iepirkumu ce\u013c\u0161 ir \u0101rk\u0101rt\u0113jai situ\u0101cijai atbilsto\u0161\u0101kais"},"content":{"rendered":"\n<p>Aizsardz\u012bbas ministrs <strong><em>Artis Pabriks<\/em><\/strong> (AP) ir p\u0101rliecin\u0101ts, ka eso\u0161ais <em><strong>individu\u0101lo aizsardz\u012bbas l\u012bdzek\u013cu&nbsp;iepirkumu&nbsp;process<\/strong><\/em> ir \u0101rk\u0101rt\u0113jai situ\u0101cijai atbilsto\u0161\u0101kais, izriet no amatpersonas sac\u012bt\u0101 intervij\u0101 TV3 raid\u012bjumam &#8220;900 sekundes&#8221;.<\/p>\n\n\n\n<p>K\u0101 izteic\u0101s <strong><em>Pabriks<\/em><\/strong>, Latvijai ir divas iesp\u0113jas. Viena ir sekot, vi\u0146a izpratn\u0113, ne vienm\u0113r pamatotajiem p\u0101rmetumiem, iepirkt un izdal\u012bt sejas maskas tikai tad, kad p\u0113c to sa\u0146em\u0161anas ir ieg\u016btas garantijas no \u0101rzem\u0113s eso\u0161a papildu sertifik\u0101cijas centra. Tas aiz\u0146emtu tr\u012bs ned\u0113\u013cas un \u0161aj\u0101 laik\u0101 medi\u0137i un p\u0101r\u0113jie iedz\u012bvot\u0101ji b\u016btu bez mask\u0101m, pauda <em><strong>ministrs<\/strong><\/em>.<\/p>\n\n\n\n<p>Vai ar\u012b ir otrs variants &#8211; paral\u0113li <strong><em>iepirkumam <\/em><\/strong>veikt papildu p\u0101rbaudes, vi\u0146\u0161 nor\u0101d\u012bja.<\/p>\n\n\n\n<p>&#8220;M\u0113s esam izv\u0113l\u0113ju\u0161ies \u0161o otro ce\u013cu. Es esmu par to inform\u0113jis ar\u012b Ministru kabinetu un premjeru. Es neredzu citu veidu, k\u0101 m\u0113s valst\u012b \u0101rk\u0101rtas situ\u0101cij\u0101 sp\u0113jam nodro\u0161in\u0101t rezerves un past\u0101v\u012bgu masku kl\u0101tb\u016btni k\u0101 vien\u012bgi \u0161o &#8211; paral\u0113las <strong><em>p\u0101rbaudes&nbsp;iepirkumiem<\/em><\/strong>, kur mums j\u0101pa\u013caujas uz eksport\u0113jo\u0161\u0101s valsts sertifik\u0101tiem, liel\u0101 m\u0113r\u0101 t\u0101 ir \u0136\u012bna,&#8221; uzsv\u0113ra <em><strong>ministrs<\/strong><\/em>.<\/p>\n\n\n\n<p>Vi\u0146\u0161 atg\u0101din\u0101ja, ka situ\u0101cija ar&nbsp;<strong><em>iepirkumiem&nbsp;<\/em><\/strong>gan Latvij\u0101, gan pasaul\u0113 kopum\u0101 ir sare\u017e\u0123\u012bta, jo kav\u0113jas pieg\u0101des.<\/p>\n\n\n\n<p>Ministrs ar\u012b piebilda, ka uz\u0146\u0113m\u0113ji, kas ieved <strong><em>respiratorus <\/em><\/strong>vai <strong><em>aizsargmaskas <\/em><\/strong>no \u0136\u012bnas, risk\u0113 ar \u013coti daudz ko, jo bie\u017ei tiek pras\u012bta 100% priek\u0161apmaksa, bet vienlaikus Latvij\u0101 nav t\u0101das laboratorijas, kuras var\u0113tu simtprocent\u012bgi un \u013coti \u012bs\u0101 laik\u0101 p\u0101rbaud\u012bt iepirkto aizsargl\u012bdzek\u013cu kvalit\u0101ti.<\/p>\n\n\n\n<p>&#8220;L\u012bdz ar to mums ir j\u0101pa\u013caujas uz sertifik\u0101tiem, ko m\u0113s ar\u012b dar\u0101m, l\u012bdz\u012bgi k\u0101 to dara citas kaimi\u0146valstis, Igaunija, Somija, Lietuva un pat V\u0101cija,&#8221; uzsv\u0113ra <strong><em>Pabriks<\/em><\/strong>.<\/p>\n\n\n\n<p>Politi\u0137is atg\u0101din\u0101ja, ka pa\u0161laik nav inform\u0101cijas, ka nekvalitat\u012bvas maskas d\u0113\u013c k\u0101ds b\u016btu infic\u0113jies ar Covid-19. Vi\u0146\u0161 piebilda, ka &#8220;<strong><em>Sabiedr\u012bba par atkl\u0101t\u012bbu Delna<\/em><\/strong>&#8221; ir uzaicin\u0101ta, lai sekotu l\u012bdzi&nbsp;<strong><em>iepirkumu&nbsp;procesa<\/em><\/strong>m, k\u0101 ar\u012b norit cie\u0161a sadarb\u012bba ar <strong><em>Valsts kontroli<\/em><\/strong>.<\/p>\n\n\n\n<p>Tikm\u0113r ar <strong><em>dezinfekcijas l\u012bdzek\u013ciem<\/em><\/strong> situ\u0101cija esot lab\u0101ka, jo liela da\u013ca to var tikt nodro\u0161in\u0101ta ar Latvijas ra\u017eot\u0101ju pal\u012bdz\u012bbu.<\/p>\n\n\n\n<p>&#8220;Kas attiecas uz manu person\u012bgo un aizsardz\u012bbas ministrijas attieksmi, m\u0113s uzskat\u0101m, ka mums ir maksim\u0101li j\u0101atbalsta <em><strong>Latvijas uz\u0146\u0113m\u0113j<\/strong><\/em>i, lai ar\u012b \u0161\u0101d\u0101 situ\u0101cij\u0101 m\u0113s p\u0113c iesp\u0113jas \u0101tr\u0101k var\u0113tu kaut da\u013cu no \u0161iem aizsargl\u012bdzek\u013ciem (..) sara\u017eot pie sevis Latvij\u0101,&#8221; akcent\u0113ja <em><strong>Pabriks<\/strong><\/em>.<\/p>\n\n\n\n<p>Ministra ieskat\u0101, \u0101rk\u0101rt\u0113j\u0101 situ\u0101cij\u0101 ir j\u0101cen\u0161as rast balansu starp kvalit\u0101ti, caursp\u012bd\u012bgumu un efektivit\u0101ti.<\/p>\n\n\n\n<p>K\u0101 v\u0113st\u012bts, iek\u0161lietu ministrs <em><strong>Sandis \u0122ir\u0123ens<\/strong><\/em> (KPV LV) uzdevis Valsts policijas priek\u0161nieka pien\u0101kumu izpild\u012bt\u0101jam <em><strong>Andrejam Gri\u0161inam<\/strong><\/em> organiz\u0113t resorisk\u0101s p\u0101rbaudes s\u0101k\u0161anu saist\u012bb\u0101 ar gandr\u012bz <em><strong>900 000 eiro<\/strong><\/em> v\u0113rto <strong><em>individu\u0101lo aizsargl\u012bdzek\u013cu<\/em><\/strong> &#8211; respiratoru un sejas \u0137irur\u0123isko masku &#8211;&nbsp;<strong><em>iepirkumu&nbsp;<\/em><\/strong>no \u0136\u012bnas, a\u0123ent\u016bru LETA inform\u0113ja<em><strong> Iek\u0161lietu ministrij\u0101<\/strong><\/em>.<\/p>\n\n\n\n<p>Iepirkumu&nbsp;realiz\u0113jis <em>Neatliekam\u0101s medic\u012bnisk\u0101s pal\u012bdz\u012bbas dienests<\/em> (NMPD) k\u0101 pas\u016bt\u012bt\u0101js, <strong><em>Nacion\u0101lais vesel\u012bbas dienests<\/em><\/strong> (NVD) k\u0101 koordin\u0113jo\u0161\u0101 instit\u016bcija un <strong><em>SIA &#8220;GP Nord&#8221;<\/em><\/strong> k\u0101 pieg\u0101d\u0101t\u0101js. L\u012bgums nosl\u0113gts 17.mart\u0101.<\/p>\n\n\n\n<p>L\u012bgums sl\u0113gts, pamatojoties uz Ministru kabineta r\u012bkojuma &#8220;Par \u0101rk\u0101rt\u0113j\u0101s situ\u0101cijas izsludin\u0101\u0161anu&#8221; punktu, kas pie\u013cauj nepiem\u0113rot <strong><em>Publisko&nbsp;iepirkumu&nbsp;likumu<\/em><\/strong> ieg\u0101d\u0113m (prec\u0113m un pakalpojumiem), kas nepiecie\u0161amas Covid-19 uzliesmojuma izplat\u012bbas ierobe\u017eo\u0161anai, \u0101rstniec\u012bbai un attiec\u012bgo pas\u0101kumu organiz\u0113\u0161anai.<\/p>\n\n\n\n<p>L\u012bguma izpildes laik\u0101 sl\u0113gtas papildu vieno\u0161an\u0101s, k\u0101 rezult\u0101t\u0101 kop\u0113j\u0101 l\u012bguma summa tika kori\u0123\u0113ta <em><strong>l\u012bdz 869 482 eiro <\/strong><\/em>bez pievienot\u0101s v\u0113rt\u012bbas nodok\u013ca, tostarp \u0137irur\u0123isk\u0101s sejas maskas cena noteikta 54 centi gabal\u0101, un FFP-2 respiratora cena 3,01 eiro gabal\u0101.<\/p>\n\n\n\n<p>Atbilsto\u0161i min\u0113tajam l\u012bgumam marta beig\u0101s tika pieg\u0101d\u0101tas gandr\u012bz <strong><em>900 000 sejas maskas<\/em><\/strong> un <em><strong>80 000 respiratori<\/strong><\/em>.<\/p>\n\n\n\n<p>Port\u0101l\u0101 &#8220;<strong><em>Delfi.lv&#8221; 7<\/em><\/strong>.maij\u0101 public\u0113taj\u0101 rakst\u0101 min\u0113ts, ka v\u0113l pirms maskas bija izvestas no \u0136\u012bnas, Polijas akredit\u0113\u0161anas uz\u0146\u0113mums &#8220;<em><strong>IRC Polska<\/strong><\/em>&#8220;, kur izsniegts uz mask\u0101m attiecin\u0101tais sertifik\u0101ts, bija to atsaucis.<\/p>\n\n\n\n<p>&#8220;<strong><em>ICR Polska<\/em><\/strong>&#8221; pazi\u0146ojum\u0101 teikts, ka \u0161\u0101di sertifik\u0101ti nav piel\u012bdzin\u0101mi atbilst\u012bbas nov\u0113rt\u0113\u0161anas proced\u016br\u0101m, bet \u012bpa\u0161i izcelts, ka sertifik\u0101ti, kas izdoti saska\u0146\u0101 ar laboratorijas &#8220;<em><strong>Shanghai MICEZ Equipment Testing&amp;Technical Co., LTD<\/strong><\/em>&#8221; p\u0101rbaud\u0113m, ir &#8220;neder\u012bgi vai viltoti&#8221;.<\/p>\n\n\n\n<p>LETA ar\u012b v\u0113st\u012bja, ka patlaban ar Covid-19 izplat\u012bbas ierobe\u017eo\u0161anai nepiecie\u0161amo <em><strong>individu\u0101lo aizsargl\u012bdzek\u013cu<\/strong><\/em> un<em><strong> dezinfekcijas l\u012bdzek\u013cu centraliz\u0113tajiem&nbsp;iepirkumiem<\/strong><\/em>&nbsp;visu valsts instit\u016bciju vajadz\u012bb\u0101m nodarbojas <strong><em>Valsts aizsardz\u012bbas milit\u0101ro objektu un&nbsp;iepirkumu&nbsp;centrs<\/em><\/strong>.<\/p>\n\n\n\n<p>Savuk\u0101rt <em><strong>Nacion\u0101lie bru\u0146otie sp\u0113ki<\/strong><\/em> sniedz lo\u0123istikas atbalstu, ieg\u0101d\u0101t\u0101s preces nog\u0101d\u0101jot sa\u0146\u0113m\u0113jiem atbilsto\u0161i priorit\u0101ro instit\u016bciju un to vajadz\u012bbu sarakst\u0101 noteiktajam apjomam.<\/p>\n","protected":false},"excerpt":{"rendered":"<p>Aizsardz\u012bbas ministrs <b>Artis Pabriks<\/b> (AP) ir p\u0101rliecin\u0101ts, ka eso\u0161ais <b>individu\u0101lo aizsardz\u012bbas l\u012bdzek\u013cu iepirkumu process<\/b> ir \u0101rk\u0101rt\u0113jai situ\u0101cijai atbilsto\u0161\u0101kais, izriet no amatpersonas sac\u012bt\u0101 intervij\u0101 TV3 raid\u012bjumam &#8220;900 sekundes&#8221;.<\/p>\n","protected":false},"author":1,"featured_media":0,"comment_status":"open","ping_status":"open","sticky":false,"template":"","format":"standard","meta":{"footnotes":""},"categories":[396,33],"tags":[],"_links":{"self":[{"href":"https:\/\/zurnalsiepirkumi.lv\/index.php?rest_route=\/wp\/v2\/posts\/13105"}],"collection":[{"href":"https:\/\/zurnalsiepirkumi.lv\/index.php?rest_route=\/wp\/v2\/posts"}],"about":[{"href":"https:\/\/zurnalsiepirkumi.lv\/index.php?rest_route=\/wp\/v2\/types\/post"}],"author":[{"embeddable":true,"href":"https:\/\/zurnalsiepirkumi.lv\/index.php?rest_route=\/wp\/v2\/users\/1"}],"replies":[{"embeddable":true,"href":"https:\/\/zurnalsiepirkumi.lv\/index.php?rest_route=%2Fwp%2Fv2%2Fcomments&post=13105"}],"version-history":[{"count":2,"href":"https:\/\/zurnalsiepirkumi.lv\/index.php?rest_route=\/wp\/v2\/posts\/13105\/revisions"}],"predecessor-version":[{"id":13107,"href":"https:\/\/zurnalsiepirkumi.lv\/index.php?rest_route=\/wp\/v2\/posts\/13105\/revisions\/13107"}],"wp:attachment":[{"href":"https:\/\/zurnalsiepirkumi.lv\/index.php?rest_route=%2Fwp%2Fv2%2Fmedia&parent=13105"}],"wp:term":[{"taxonomy":"category","embeddable":true,"href":"https:\/\/zurnalsiepirkumi.lv\/index.php?rest_route=%2Fwp%2Fv2%2Fcategories&post=13105"},{"taxonomy":"post_tag","embeddable":true,"href":"https:\/\/zurnalsiepirkumi.lv\/index.php?rest_route=%2Fwp%2Fv2%2Ftags&post=13105"}],"curies":[{"name":"wp","href":"https:\/\/api.w.org\/{rel}","templated":true}]}}