{"id":13095,"date":"2020-05-07T07:29:22","date_gmt":"2020-05-07T05:29:22","guid":{"rendered":"https:\/\/zurnalsiepirkumi.lv\/?p=13095"},"modified":"2020-05-07T07:29:25","modified_gmt":"2020-05-07T05:29:25","slug":"baltijas-asamblejas-viceprezidents-janis-vucans-krize-jarisina-ciesa-baltiesu-sadarbiba","status":"publish","type":"post","link":"https:\/\/zurnalsiepirkumi.lv\/?p=13095","title":{"rendered":"Baltijas Asamblejas viceprezidents J\u0101nis Vuc\u0101ns: kr\u012bze j\u0101risina cie\u0161\u0101 baltie\u0161u sadarb\u012bb\u0101"},"content":{"rendered":"<p>&#8220;\u0160ajos gr\u016btajos laikos neatsverama noz\u012bme ir valstu savstarp\u0113jai solidarit\u0101tei un vienotai r\u012bc\u012bbai re\u0123ion\u0101l\u0101 l\u012bmen\u012b. Lai st\u0101tos pretim koronav\u012brusa Covid-19 rad\u012bt\u0101s kr\u012bzes izaicin\u0101jumiem un veiksm\u012bgi tos p\u0101rvar\u0113tu, svar\u012bga ir baltie\u0161u solidarit\u0101te un visaptvero\u0161a strat\u0113\u0123ija,&#8221; uzsv\u0113ra Baltijas Asamblejas (BA) viceprezidents, BA Latvijas deleg\u0101cijas vad\u012bt\u0101js <b>J\u0101nis Vuc\u0101ns<\/b>.<\/p>\n<p>&#8220;Covid-19 izplat\u012bba ir milz\u012bgs izaicin\u0101jums m\u016bsu valst\u012bm, re\u0123ionam un visai pasaulei. M\u016bsu sabiedr\u012bbai j\u0101sp\u0113j dz\u012bvot, m\u0101c\u012bties un str\u0101d\u0101t stingru ierobe\u017eojumu re\u017e\u012bm\u0101 un par sp\u012bti v\u012brusa draudiem. Cilv\u0113ki ir noraiz\u0113ju\u0161ies par savu vesel\u012bbu, un v\u012bruss jau ir laup\u012bjis daudz dz\u012bv\u012bbu. \u0160ie satrauco\u0161ie apst\u0101k\u013ci liek mums main\u012bt savus ikdienas paradumus un ietekm\u0113 visas m\u016bsu dz\u012bves jomas. Pand\u0113mijas finansi\u0101l\u0101s un ekonomisk\u0101s sekas jau ir j\u016btamas &#8211; cilv\u0113ki zaud\u0113 darbu, uz\u0146\u0113mumi piedz\u012bvo nopietnas probl\u0113mas,&#8221; sac\u012bja <b>J.Vuc\u0101ns<\/b>, aicinot izveidot visaptvero\u0161a strat\u0113\u0123iju, lai veicin\u0101tu m\u016bsu re\u0123iona soci\u0101lo un ekonomisko atjauno\u0161anos.<\/p>\n<p>BA Prezidijs atzin\u012bgi v\u0113rt\u0113 Baltijas valstu vald\u012bbu sadarb\u012bbu, \u012bstenojot iedz\u012bvot\u0101ju repatri\u0101ciju \u0101rk\u0101rtas apst\u0101k\u013cos, apmainoties ar inform\u0101ciju un pieredzi c\u012b\u0146\u0101 pret v\u012brusu, k\u0101 ar\u012b izveidojot speci\u0101lu darba grupu vienotai robe\u017e\u0161\u0137\u0113rso\u0161anas jaut\u0101jumu risin\u0101\u0161anai. Tom\u0113r vienlaikus BA aicina Latvijas, Lietuvas un Igaunijas vald\u012bbas un Baltijas Ministru padomi uz v\u0113l cie\u0161\u0101ku sadarb\u012bbu, tostarp koordin\u0113ti lemjot par ierobe\u017eojo\u0161o pas\u0101kumu atcel\u0161anu, inform\u0113ja BA Latvijas deleg\u0101cijas vad\u012bt\u0101js.<\/p>\n<p>S\u0101koties Covid-19 izplat\u012bbai re\u0123ion\u0101, izteikti tr\u016bka vienotas un koordin\u0113tas pieejas un solidarit\u0101tes starp Baltijas valst\u012bm. B\u016btiski piev\u0113rst uzman\u012bbu probl\u0113m\u0101m sadarb\u012bb\u0101, ko skaidri iez\u012bm\u0113jusi kr\u012bzes situ\u0101cija, tostarp nesp\u0113jai nodro\u0161in\u0101t raitu robe\u017e\u0161\u0137\u0113rso\u0161anu, koordin\u0113tus \u0101rk\u0101rtas ierobe\u017eojumus re\u0123ion\u0101 un kop\u012bgus iepirkumus medic\u012bnas jom\u0101, piem\u0113ram, dezinfekcijas l\u012bdzek\u013cu, masku, cimdu un plau\u0161u ventil\u0101cijas iek\u0101rtu iepirkumus, uzsv\u0113ris BA Prezidijs, videokonferenc\u0113 sprie\u017eot par Covid-19 izrais\u012bt\u0101s kr\u012bzes ietekmi uz Baltijas valst\u012bm. <i>BA Prezidijs nol\u0113ma l\u012bdz BA k\u0101rt\u0113jai sesijai 2020.gada novembr\u012b veikt vald\u012bbu darba izv\u0113rt\u0113jumu kr\u012bzes laik\u0101 un izstr\u0101d\u0101t rekomend\u0101cijas sadarb\u012bbas uzlabo\u0161anai<\/i>.<\/p>\n<p>&#8220;Mums kop\u012bgiem sp\u0113kiem j\u0101izstr\u0101d\u0101 vienota pieeja, lai m\u012bkstin\u0101tu kr\u012bzes negat\u012bvo ietekmi uz m\u016bsu valstu ekonomiku, j\u0101veic vienoti pas\u0101kumi kr\u012bzes seku mazin\u0101\u0161anai soci\u0101laj\u0101 un nodarbin\u0101t\u012bbas jom\u0101, j\u0101veicina rea\u0123\u0113\u0161anas sp\u0113ja kr\u012bzes apst\u0101k\u013cos, j\u0101nostiprina v\u0101j\u0101s dro\u0161\u012bbas sist\u0113mas vietas un j\u0101risina p\u0101rrobe\u017eu probl\u0113mas,&#8221; sac\u012bja <b>J.Vuc\u0101ns<\/b>, uzsverot, ka mums j\u0101b\u016bt gataviem ar\u012b tam, kas sekos p\u0113c v\u012brusa kr\u012bzes kulmin\u0101cijas.<\/p>\n<p>Inform\u0101cija par BA:<\/p>\n<p><i>Baltijas Asambleja ir Latvijas, Igaunijas un Lietuvas parlamentu sadarb\u012bbas instit\u016bcija, kas izveidota 1991.gada 8.novembr\u012b. Asamblej\u0101 katru Baltijas valstu parlamentu p\u0101rst\u0101v 12-16 deput\u0101ti. Asambleja ir koordin\u0113jo\u0161a un konsultat\u012bva instit\u016bcija. T\u0101 ir ties\u012bga nacion\u0101lajiem parlamentiem, vald\u012bb\u0101m un Baltijas Ministru padomei izteikt savu viedokli rezol\u016bciju, l\u0113mumu, deklar\u0101ciju un ieteikumu form\u0101 un piepras\u012bt atbildes par to, k\u0101 risin\u0101ti BA dienas k\u0101rt\u012bbas aktu\u0101lie p\u0101rrobe\u017eu jaut\u0101jumi.<\/i><\/p>\n<p>Inform\u0101ciju sagatavoja Saeimas Preses dienests.<\/p>\n","protected":false},"excerpt":{"rendered":"<p>&#8220;\u0160ajos gr\u016btajos laikos neatsverama noz\u012bme ir valstu savstarp\u0113jai solidarit\u0101tei un vienotai r\u012bc\u012bbai re\u0123ion\u0101l\u0101 l\u012bmen\u012b. Lai st\u0101tos pretim koronav\u012brusa Covid-19 rad\u012bt\u0101s kr\u012bzes izaicin\u0101jumiem un veiksm\u012bgi tos p\u0101rvar\u0113tu, svar\u012bga ir baltie\u0161u solidarit\u0101te un visaptvero\u0161a strat\u0113\u0123ija,&#8221; uzsv\u0113ra Baltijas Asamblejas (BA) viceprezidents, BA Latvijas deleg\u0101cijas vad\u012bt\u0101js <b>J\u0101nis Vuc\u0101ns<\/b>.<\/p>\n","protected":false},"author":1,"featured_media":0,"comment_status":"open","ping_status":"open","sticky":false,"template":"","format":"standard","meta":{"footnotes":""},"categories":[1],"tags":[],"_links":{"self":[{"href":"https:\/\/zurnalsiepirkumi.lv\/index.php?rest_route=\/wp\/v2\/posts\/13095"}],"collection":[{"href":"https:\/\/zurnalsiepirkumi.lv\/index.php?rest_route=\/wp\/v2\/posts"}],"about":[{"href":"https:\/\/zurnalsiepirkumi.lv\/index.php?rest_route=\/wp\/v2\/types\/post"}],"author":[{"embeddable":true,"href":"https:\/\/zurnalsiepirkumi.lv\/index.php?rest_route=\/wp\/v2\/users\/1"}],"replies":[{"embeddable":true,"href":"https:\/\/zurnalsiepirkumi.lv\/index.php?rest_route=%2Fwp%2Fv2%2Fcomments&post=13095"}],"version-history":[{"count":1,"href":"https:\/\/zurnalsiepirkumi.lv\/index.php?rest_route=\/wp\/v2\/posts\/13095\/revisions"}],"predecessor-version":[{"id":13096,"href":"https:\/\/zurnalsiepirkumi.lv\/index.php?rest_route=\/wp\/v2\/posts\/13095\/revisions\/13096"}],"wp:attachment":[{"href":"https:\/\/zurnalsiepirkumi.lv\/index.php?rest_route=%2Fwp%2Fv2%2Fmedia&parent=13095"}],"wp:term":[{"taxonomy":"category","embeddable":true,"href":"https:\/\/zurnalsiepirkumi.lv\/index.php?rest_route=%2Fwp%2Fv2%2Fcategories&post=13095"},{"taxonomy":"post_tag","embeddable":true,"href":"https:\/\/zurnalsiepirkumi.lv\/index.php?rest_route=%2Fwp%2Fv2%2Ftags&post=13095"}],"curies":[{"name":"wp","href":"https:\/\/api.w.org\/{rel}","templated":true}]}}