{"id":12978,"date":"2020-04-23T12:27:34","date_gmt":"2020-04-23T10:27:34","guid":{"rendered":"https:\/\/zurnalsiepirkumi.lv\/?p=12978"},"modified":"2020-04-23T12:27:37","modified_gmt":"2020-04-23T10:27:37","slug":"vitenbergs-jamobilize-publiskie-iepirkumi-lai-gada-otraja-puse-caur-siem-iepirkumiem-ekonomika-ieplustu-pec-iespejas-vairak-naudas","status":"publish","type":"post","link":"https:\/\/zurnalsiepirkumi.lv\/?p=12978","title":{"rendered":"Vitenbergs: j\u0101mobiliz\u0113  publiskie iepirkumi, lai gada otraj\u0101 pus\u0113 caur \u0161iem iepirkumiem ekonomik\u0101 iepl\u016bstu p\u0113c iesp\u0113jas vair\u0101k naudas."},"content":{"rendered":"\n<p> <br><strong><em>J\u0101nis Vitenbergs<\/em><\/strong> (KPV LV) uzsv\u0113ra, ka j\u0101mobiliz\u0113 <strong><em>publiskie iepirkumi<\/em><\/strong>, lai gada otraj\u0101 pus\u0113 caur \u0161iem <strong><em>iepirkumiem <\/em><\/strong>ekonomik\u0101 iepl\u016bstu p\u0113c iesp\u0113jas vair\u0101k naudas.&nbsp; <\/p>\n\n\n\n<p> Tostarp <strong><em>ministrs <\/em><\/strong>nor\u0101d\u012bja, ka prim\u0101ri tie ir <em><strong>ce\u013cu b\u016bves<\/strong><\/em> un <strong><em>\u0113ku siltin\u0101\u0161anas projektu&nbsp;iepirkumi.<\/em><\/strong>&nbsp; <\/p>\n\n\n\n<p>Uz\u0146\u0113mumiem j\u0101p\u0101rorient\u0113jas uz liel\u0101ku pievienot\u0101s v\u0113rt\u012bbas rad\u012b\u0161anu <strong><em>eksportam<\/em><\/strong>, tre\u0161dien preses konferenc\u0113 sac\u012bja ekonomikas ministrs <strong><em>J\u0101nis Vitenbergs<\/em><\/strong> (KPV LV).<\/p>\n\n\n\n<p>&#8220;\u0160is ir laiks, kad uz\u0146\u0113mumiem j\u0101p\u0101rorient\u0113jas, lai <strong><em>eksporta <\/em><\/strong>produktiem dotu liel\u0101ku pievienoto v\u0113rt\u012bbu, jo l\u012bdz \u0161im eksport\u0113ti daudzi produkti ar zemu pievienoto v\u0113rt\u012bbu,&#8221; teica <strong><em>Vitenbergs<\/em><\/strong>.<\/p>\n\n\n\n<p><strong><em>Ministrs <\/em><\/strong>ar\u012b nor\u0101d\u012bja, ka bezdarbnieku un d\u012bkst\u0101ves pabalstam pieteikto darbinieku statistika liecina, ka p\u0101rsvar\u0101 Covid-19 kr\u012bzes d\u0113\u013c darbu zaud\u0113 maz\u0101k kvalific\u0113ti darbinieki t\u016brisma, viesm\u012bl\u012bbas, tirdzniec\u012bbas nozar\u0113s, kuriem b\u016btu j\u0101izv\u0113rt\u0113, vai p\u0113c kr\u012bzes l\u012bdz\u0161in\u0113j\u0101s nozar\u0113s v\u0113l b\u016bs darba iesp\u0113jas.&nbsp;<\/p>\n\n\n\n<p>&#8220;J\u0101main\u0101s ar\u012b bezdarbnieku izgl\u012bto\u0161anas un p\u0101rkvalifik\u0101cijas programm\u0101m, lai p\u0113c kr\u012bzes \u0161ie bezdarbnieki b\u016btu ieguvu\u0161i augst\u0101ku kvalifik\u0101ciju un sp\u0113tu atgriezties nozar\u0113s, kur tas ir nepiecie\u0161ams,&#8221; sac\u012bja <strong><em>Vitenbergs<\/em><\/strong>.<\/p>\n\n\n\n<p>Vi\u0146\u0161 nor\u0101d\u012bja, ka <em><strong>Ekonomikas ministrij\u0101<\/strong><\/em> kop\u0101 ar uz\u0146\u0113m\u0113ju p\u0101rst\u0101vjiem divas ned\u0113\u013cas str\u0101d\u0101 darba grupa, lai mekl\u0113tu risin\u0101jumus <em><strong>ekonomikas <\/strong><\/em><strong><em>atvese\u013co\u0161anai <\/em><\/strong>p\u0113c Covid-19 kr\u012bzes. Tuv\u0101kaj\u0101 laik\u0101 \u0161\u012bs darba grupas secin\u0101jumi tiks prezent\u0113ti ministriem un politiskaj\u0101m partij\u0101m, lai lemtu par risin\u0101jumiem.<\/p>\n\n\n\n<p><strong><em>Vitenbergs <\/em><\/strong>uzsv\u0113ra, ka patlaban galvenais uzdevums ir <em><strong>ekonomikas <\/strong><\/em><strong><em>stabiliz\u0113\u0161ana<\/em><\/strong>, izmantojot da\u017e\u0101das &#8220;<em><strong>Att\u012bst\u012bbas finan\u0161u instit\u016bcijas &#8220;Altum<\/strong><\/em>&#8220;&#8221; (&#8220;Altum&#8221;) atbalsta programmas. L\u012bdz \u0161im ar &#8220;<em><strong>Altum<\/strong><\/em>&#8221; atbalstu <strong><em>ekonomik\u0101 <\/em><\/strong>ir iepludin\u0101ti <em><strong>112 miljoni eiro<\/strong><\/em>, kas ir b\u016btisks atbalsts tik \u012bs\u0101 laik\u0101.<\/p>\n\n\n\n<p>&#8220;T\u0101pat nemit\u012bgi j\u0101pilnveido d\u012bkst\u0101ves pabalstu sist\u0113ma, t\u0101p\u0113c taj\u0101 pl\u0101noti v\u0113l tr\u012bs uzlabojumi, lai p\u0113c iesp\u0113jas vair\u0101k darba \u0146\u0113m\u0113ju kvalific\u0113tos \u0161iem pabalstiem,&#8221; sac\u012bja <strong><em>ekonomikas ministrs<\/em><\/strong>.<\/p>\n\n\n\n<p><\/p>\n\n\n\n<p><\/p>\n","protected":false},"excerpt":{"rendered":"<p>\ufeffJ\u0101nis Vitenbergs (KPV LV) uzsv\u0113ra, ka j\u0101mobiliz\u0113 publiskie iepirkumi, lai gada otraj\u0101 pus\u0113 caur \u0161iem iepirkumiem ekonomik\u0101 iepl\u016bstu p\u0113c iesp\u0113jas vair\u0101k naudas.  <\/p>\n","protected":false},"author":1,"featured_media":0,"comment_status":"open","ping_status":"open","sticky":false,"template":"","format":"standard","meta":{"footnotes":""},"categories":[396],"tags":[],"_links":{"self":[{"href":"https:\/\/zurnalsiepirkumi.lv\/index.php?rest_route=\/wp\/v2\/posts\/12978"}],"collection":[{"href":"https:\/\/zurnalsiepirkumi.lv\/index.php?rest_route=\/wp\/v2\/posts"}],"about":[{"href":"https:\/\/zurnalsiepirkumi.lv\/index.php?rest_route=\/wp\/v2\/types\/post"}],"author":[{"embeddable":true,"href":"https:\/\/zurnalsiepirkumi.lv\/index.php?rest_route=\/wp\/v2\/users\/1"}],"replies":[{"embeddable":true,"href":"https:\/\/zurnalsiepirkumi.lv\/index.php?rest_route=%2Fwp%2Fv2%2Fcomments&post=12978"}],"version-history":[{"count":2,"href":"https:\/\/zurnalsiepirkumi.lv\/index.php?rest_route=\/wp\/v2\/posts\/12978\/revisions"}],"predecessor-version":[{"id":12980,"href":"https:\/\/zurnalsiepirkumi.lv\/index.php?rest_route=\/wp\/v2\/posts\/12978\/revisions\/12980"}],"wp:attachment":[{"href":"https:\/\/zurnalsiepirkumi.lv\/index.php?rest_route=%2Fwp%2Fv2%2Fmedia&parent=12978"}],"wp:term":[{"taxonomy":"category","embeddable":true,"href":"https:\/\/zurnalsiepirkumi.lv\/index.php?rest_route=%2Fwp%2Fv2%2Fcategories&post=12978"},{"taxonomy":"post_tag","embeddable":true,"href":"https:\/\/zurnalsiepirkumi.lv\/index.php?rest_route=%2Fwp%2Fv2%2Ftags&post=12978"}],"curies":[{"name":"wp","href":"https:\/\/api.w.org\/{rel}","templated":true}]}}