{"id":12970,"date":"2020-04-21T13:06:47","date_gmt":"2020-04-21T11:06:47","guid":{"rendered":"https:\/\/zurnalsiepirkumi.lv\/?p=12970"},"modified":"2020-04-21T13:06:50","modified_gmt":"2020-04-21T11:06:50","slug":"valsts-kontrole-sak-parbaudes-par-medicinisko-masku-piegadem","status":"publish","type":"post","link":"https:\/\/zurnalsiepirkumi.lv\/?p=12970","title":{"rendered":"Valsts kontrole s\u0101k p\u0101rbaudes par medic\u012bnisko masku pieg\u0101d\u0113m"},"content":{"rendered":"\n<p>P\u0113c <strong><em>Ministru prezidenta<\/em><\/strong> <strong><em>Kri\u0161j\u0101\u0146a Kari\u0146a<\/em><\/strong> (JV) aicin\u0101juma <em><strong>Valsts kontrole<\/strong><\/em> ir s\u0101kusi p\u0101rbaudes par medic\u012bnisko masku pieg\u0101d\u0113m, a\u0123ent\u016bru LETA inform\u0113ja <em><strong>Valsts kontrol\u0113<\/strong><\/em>.<\/p>\n\n\n\n<p>Rev\u012bzijas iest\u0101de iepriek\u0161 ir nos\u016bt\u012bjusi v\u0113stuli <em><strong>Ministru prezidentam<\/strong><\/em> un katram nozares ministram, aicinot noteikt prec\u012bzu nepiecie\u0161amo tv\u0113ruma formul\u0113jumu p\u0101rbaud\u0113m, kuras vald\u012bbas ieskat\u0101 b\u016btu nepiecie\u0161ams veikt, lai p\u0101rliecin\u0101tos par \u0101rk\u0101rtas situ\u0101cijas seku mazin\u0101\u0161anai pie\u0161\u0137irto l\u012bdzek\u013cu korektu izlietojumu.&nbsp;<\/p>\n\n\n\n<p>Patlaban, \u0146emot v\u0113r\u0101<em><strong> Ministru prezidenta<\/strong><\/em> ierosin\u0101jumu, <em><strong>Valsts kontrole<\/strong><\/em> s\u0101k p\u0101rbaudes par medic\u012bnisko masku pieg\u0101d\u0113m. V\u0113l gan netiek prognoz\u0113ts, kad var\u0113tu b\u016bt pieejami p\u0101rbau\u017eu rezult\u0101ti, bet p\u0113c to ieg\u016b\u0161anas <strong><em>Valsts kontrol<\/em><\/strong>e ar tiem sola iepaz\u012bstin\u0101t <strong><em>Ministru prezidentu<\/em><\/strong>, atbild\u012bg\u0101s instit\u016bcijas un sabiedr\u012bbu.<\/p>\n\n\n\n<p>LETA jau v\u0113st\u012bja, ka <em><strong>Ministru prezidents<\/strong><\/em> ar ierakstu mikroblogo\u0161anas vietn\u0113 &#8220;Twitter&#8221; aicin\u0101ja <em><strong>Valsts kontroli<\/strong><\/em> veikt medic\u012bnas aizsargl\u012bdzek\u013cu&nbsp;iepirkumu&nbsp;auditu.<\/p>\n\n\n\n<p><strong><em>Kari\u0146\u0161 <\/em><\/strong>nor\u0101d\u012bja, ka medi\u0137u, policistu un citu Covid-19 ierobe\u017eo\u0161an\u0101 iesaist\u012bto \u0101tra apg\u0101de ar individu\u0101liem aizsargl\u012bdzek\u013ciem ir priorit\u0101te.<\/p>\n\n\n\n<p>Vienlaikus premjers atzina, ka ir b\u016btiski klied\u0113t sabiedr\u012bbas ba\u017eas par to&nbsp;iepirkumiem. &#8220;Esmu aicin\u0101jis <strong><em>Valsts kontroli<\/em><\/strong> steidzami veikt auditu, inform\u0113t sabiedr\u012bbu un ieteikt uzlabojumus,&#8221; pauda <em><strong>Ministru prezidents<\/strong><\/em>.<\/p>\n\n\n\n<p>\u0160o jaut\u0101jumu premjers jau esot p\u0101rrun\u0101jis ar\u012b ar vesel\u012bbas ministri <strong><em>Ilzi Vi\u0146\u0137eli <\/em><\/strong>(AP). Gad\u012bjum\u0101, ja <em><strong>Valsts kontrole<\/strong><\/em> konstat\u0113s, ka \u0161ajos iepirkumos ir k\u0101das neatbilst\u012bbas, p\u0101rk\u0101pumi, tad gan ministrei b\u016bs j\u0101r\u012bkojas \u0101tri un asi, lai turpm\u0101k nepie\u013cautu negod\u012bgus&nbsp;iepirkumus, izmantojot \u0101rk\u0101rt\u0113j\u0101s situ\u0101cijas apst\u0101k\u013cus, p\u0113c koal\u012bcijas sadarb\u012bbas san\u0101ksmes \u017eurn\u0101listiem uzsv\u0113ra <em><strong>Kari\u0146\u0161<\/strong><\/em>.&nbsp;<\/p>\n\n\n\n<p>Port\u0101ls &#8220;Delfi&#8221; \u0161om\u0113nes rakst\u012bja, ka medic\u012bnisk\u0101s maskas iedal\u0101mas trij\u0101s kategorij\u0101s &#8211; &#8220;Type I&#8221;, &#8220;Type II&#8221; un &#8220;Type IIR&#8221;, kur pirm\u0101s ir ar bakt\u0113riju filtr\u0101cijas efektivit\u0101ti 95%, otr\u0101s &#8211; ar efektivit\u0101ti 98%, bet tre\u0161\u0101s jeb IIR &#8211; ar\u012b ar 98% un iztur\u012bbu pret \u0161\u013cakat\u0101m. Latvija no uz\u0146\u0113muma &#8220;<strong><em>ADDI Trading<\/em><\/strong>&#8221; iepirkusi pirm\u0101 l\u012bme\u0146a maskas, kas, piem\u0113ram, \u0137irur\u0123isk\u0101m oper\u0101cij\u0101m neesot piem\u0113rotas.<\/p>\n\n\n\n<p><em><strong>Nacion\u0101l\u0101 vesel\u012bbas dienest<\/strong><\/em>a (NVD) direktors <em><strong>Edgars Labsv\u012brs<\/strong><\/em> pirmdien preses konferenc\u0113 pazi\u0146oja, ka, vadoties p\u0113c <em><strong>Eiropas Savien\u012bbas<\/strong><\/em> (ES) un <strong><em>Pasaules Vesel\u012bbas organiz\u0101cijas<\/em><\/strong> (PVO) vadl\u012bnij\u0101m par sejas aizsargmasku kvalit\u0101ti, apgalvojums, ka pirm\u0101 tipa sejas aizsargmaskas nav piem\u0113rotas lieto\u0161anai \u0101rstniec\u012bbas iest\u0101d\u0113s, esot nepatiess.<\/p>\n\n\n\n<p><strong><em>Labsv\u012brs <\/em><\/strong>uzsv\u0113ra, ka past\u0101v vair\u0101kas vadl\u012bnijas &#8211; gan <em><strong>Eiropas<\/strong><\/em>, gan <strong><em>Lielbrit\u0101nijas<\/em><\/strong>, gan <em><strong>PVO <\/strong><\/em>izvirz\u012bt\u0101s, kur\u0101s nevien\u0101 br\u012bd\u012b nekur neesot teikts, ka medi\u0137i nevar lietot pirm\u0101 tipa maskas. Kopum\u0101 \u0161obr\u012bd no vis\u0101m Latvijas iepirktaj\u0101m aizsargmask\u0101m divi miljoni esot otr\u0101 tipa, savuk\u0101rt pirm\u0101 tipa masku kopskaits sasniedz 6 miljonus.<\/p>\n\n\n\n<p>Skaidrojot at\u0161\u0137ir\u012bbas starp pirm\u0101 un otr\u0101 tipa sejas aizsargmask\u0101m, <strong><em>Labsv\u012brs <\/em><\/strong>atzina, ka pirm\u0101 tipa maskas nav dom\u0101tas lieto\u0161anai oper\u0101ciju z\u0101l\u0113s un viet\u0101s ar l\u012bdz\u012bg\u0101m steriliz\u0101cijas pras\u012bb\u0101m, tom\u0113r t\u0101s var izmantot \u0101rstniec\u012bbas iest\u0101d\u0113s Covid-19 aizsardz\u012bbas nol\u016bkos.<\/p>\n\n\n\n<p>Raksturojot situ\u0101ciju, vesel\u012bbas ministre <em><strong>Ilze Vi\u0146\u0137ele<\/strong><\/em> (AP) nor\u0101d\u012bja, ka visa ES saskaras ar l\u012bdz\u012bg\u0101m probl\u0113m\u0101m k\u0101 Latvija, proti, individu\u0101lo aizsargl\u012bdzek\u013cu ieg\u0101de ir apgr\u016btin\u0101ta paaugstin\u0101t\u0101 piepras\u012bjuma d\u0113\u013c.<\/p>\n\n\n\n<p>Ministre apgalvoja, ka p\u0101rmetumi, ka medic\u012bnas aizsardz\u012bbas l\u012bdzek\u013ci tiek iepirkti no komersantiem, kuru pied\u0101v\u0101t\u0101s preces kvalit\u0101te ir ap\u0161aub\u0101ma, neesot patiesi.<\/p>\n\n\n\n<p>Jau v\u0113st\u012bts, ka<em><strong> Valsts ugunsdz\u0113s\u012bbas un gl\u0101b\u0161anas dienesta<\/strong><\/em> priek\u0161nieka vietnieks pulkve\u017eleitnants <em><strong>M\u0101rti\u0146\u0161 Baltmanis<\/strong><\/em> iepriek\u0161 inform\u0113ja, ka Latvij\u0101 ik ned\u0113\u013cu ir nepiecie\u0161ami vair\u0101k nek\u0101 <em><strong>600 000 \u0137irur\u0123isko masku<\/strong><\/em> un <strong><em>200 000 respiratoru<\/em><\/strong>.<\/p>\n","protected":false},"excerpt":{"rendered":"<p>P\u0113c Ministru prezidenta Kri\u0161j\u0101\u0146a Kari\u0146a (JV) aicin\u0101juma Valsts kontrole ir s\u0101kusi p\u0101rbaudes par medic\u012bnisko masku pieg\u0101d\u0113m, a\u0123ent\u016bru LETA inform\u0113ja Valsts kontrol\u0113.<\/p>\n","protected":false},"author":1,"featured_media":0,"comment_status":"open","ping_status":"open","sticky":false,"template":"","format":"standard","meta":{"footnotes":""},"categories":[396,23,33],"tags":[],"_links":{"self":[{"href":"https:\/\/zurnalsiepirkumi.lv\/index.php?rest_route=\/wp\/v2\/posts\/12970"}],"collection":[{"href":"https:\/\/zurnalsiepirkumi.lv\/index.php?rest_route=\/wp\/v2\/posts"}],"about":[{"href":"https:\/\/zurnalsiepirkumi.lv\/index.php?rest_route=\/wp\/v2\/types\/post"}],"author":[{"embeddable":true,"href":"https:\/\/zurnalsiepirkumi.lv\/index.php?rest_route=\/wp\/v2\/users\/1"}],"replies":[{"embeddable":true,"href":"https:\/\/zurnalsiepirkumi.lv\/index.php?rest_route=%2Fwp%2Fv2%2Fcomments&post=12970"}],"version-history":[{"count":2,"href":"https:\/\/zurnalsiepirkumi.lv\/index.php?rest_route=\/wp\/v2\/posts\/12970\/revisions"}],"predecessor-version":[{"id":12972,"href":"https:\/\/zurnalsiepirkumi.lv\/index.php?rest_route=\/wp\/v2\/posts\/12970\/revisions\/12972"}],"wp:attachment":[{"href":"https:\/\/zurnalsiepirkumi.lv\/index.php?rest_route=%2Fwp%2Fv2%2Fmedia&parent=12970"}],"wp:term":[{"taxonomy":"category","embeddable":true,"href":"https:\/\/zurnalsiepirkumi.lv\/index.php?rest_route=%2Fwp%2Fv2%2Fcategories&post=12970"},{"taxonomy":"post_tag","embeddable":true,"href":"https:\/\/zurnalsiepirkumi.lv\/index.php?rest_route=%2Fwp%2Fv2%2Ftags&post=12970"}],"curies":[{"name":"wp","href":"https:\/\/api.w.org\/{rel}","templated":true}]}}