{"id":12903,"date":"2020-04-09T07:46:22","date_gmt":"2020-04-09T05:46:22","guid":{"rendered":"https:\/\/zurnalsiepirkumi.lv\/?p=12903"},"modified":"2020-04-09T07:50:07","modified_gmt":"2020-04-09T05:50:07","slug":"latvija-ik-nedelu-nepieciesami-vairak-neka-600-000-kirurgisko-masku-un-200-000-respiratoru","status":"publish","type":"post","link":"https:\/\/zurnalsiepirkumi.lv\/?p=12903","title":{"rendered":"Latvij\u0101 ik ned\u0113\u013cu nepiecie\u0161ami vair\u0101k nek\u0101 600 000 \u0137irur\u0123isko masku un 200 000 respiratoru"},"content":{"rendered":"<p>Latvij\u0101 ik ned\u0113\u013cu ir nepiecie\u0161ami vair\u0101k nek\u0101 <b>600 000 \u0137irur\u0123isko masku<\/b> un <b>200 000 respiratoru<\/b>, tre\u0161dien preses konferenc\u0113 pav\u0113st\u012bja <i>Valsts ugunsdz\u0113s\u012bbas un gl\u0101b\u0161anas dienesta<\/i> (VUDG) priek\u0161nieka vietnieks pulkve\u017eleitnants <i>M\u0101rti\u0146\u0161 Baltmanis<\/i>.<\/p>\n<p>Atbild\u012bgajiem dienestiem t\u0101pat vajadz\u012bgi aptuveni <b>100 000 kombinezoni ned\u0113\u013c\u0101<\/b>, bet p\u0101r\u0113jie individu\u0101lie aizsargl\u012bdzek\u013ci ir nepiecie\u0161ami maz\u0101kos apjomos, teica Baltmanis.<\/p>\n<p>Vi\u0146\u0161 skaidroja, ka to pie\u0161\u0137ir\u0161an\u0101 kopum\u0101 ir 13 priorit\u0101tes, no kur\u0101m pirm\u0101 ir vesel\u012bbas apr\u016bpes nozare, otr\u0101 Labkl\u0101j\u012bbas ministrijas valsts soci\u0101l\u0101s apr\u016bpes centri, bet tre\u0161\u0101 &#8211; pa\u0161vald\u012bbas.<\/p>\n<p>Raugoties procentu\u0101li, <i>vesel\u012bbas nozarei<\/i> ir vajadz\u012bgi 40% no visiem individu\u0101lajiem aizsargl\u012bdezk\u013ciem un dezinfekcijas l\u012bdzek\u013ciem, savuk\u0101rt <i>Labkl\u0101j\u012bbas ministrijai<\/i> &#8211; 37%.<\/p>\n<p>Attiec\u012bb\u0101 uz pa\u0161vald\u012bb\u0101m, Baltmanis nor\u0101d\u012bja, ka 57% vietvaru vajadz\u012bbu sast\u0101da tie\u0161i sejas aizsargmaskas.<\/p>\n<p>Zin\u0101ms, ka kopum\u0101 patlaban ir 98 apg\u0101dajamie jeb min\u0113to aizsargl\u012bdzek\u013cu un dezinfekcijas l\u012bdzek\u013cu sa\u0146\u0113m\u0113ji, vienlaikus to vid\u016b nav iek\u013cautas pa\u0161vald\u012bbas.<\/p>\n<p>Baltmanis ar\u012b inform\u0113ja, ka tiek iepirktas desmit da\u017e\u0101da veida preces, kas ir individu\u0101lie aizsargl\u012bdzek\u013ci un desmit da\u017e\u0101da veida dezinfekcijas l\u012bdzek\u013ci &#8211; gan lieto\u0161anai uz virsm\u0101m, gan rok\u0101m.<\/p>\n<p>Tikm\u0113r <b>Aizsardz\u012bbas ministrijas<\/b> valsts sekret\u0101rs <i>J\u0101nis Garisons \u017eurn\u0101listus<\/i> inform\u0113ja, ka <i>Covid-19<\/i> izplat\u012bbas ierobe\u017eo\u0161anai \u0161odien pl\u0101nots parakst\u012bt divus l\u012bgumus par medic\u012bnisko sejas masku pieg\u0101di. Vi\u0146\u0161 pauda cer\u012bbu, ka jau \u0161odien, 9.apr\u012bl\u012b, Latvij\u0101 var\u0113tu b\u016bt nog\u0101d\u0101ta krava ar <b>1,5 miljoniem sejas masku<\/b>.<\/p>\n<p>\u0145emot v\u0113r\u0101, ka \u0161\u012bs maskas pasaul\u0113 ir \u013coti piepras\u012btas, pats liel\u0101kais izaicin\u0101jums ir to transport\u0113\u0161ana, jo da\u017eas valsts liedz p\u0101rvad\u0101juma at\u013caujas, skaidroja ier\u0113dnis.<\/p>\n<p>Visticam\u0101k, jau \u0161odien Valsts aizsardz\u012bbas milit\u0101ro objektu un iepirkumu centrs ar\u012b var\u0113tu parakst\u012bt l\u012bgumu par <b>50 000 respiratoru pieg\u0101di<\/b>, un Garisons pauda cer\u012bbu, ka ar\u012b \u0161\u012b krava jau ceturtdien, 9.apr\u012bl\u012b, tiks nog\u0101d\u0101ta Latvij\u0101.<\/p>\n<p>&#8220;Ja m\u0113s \u0161o apjomu sa\u0146emam, tad pusotras ned\u0113\u013cas vajadz\u012bba b\u016bs nodro\u0161in\u0101ta, ko Valsts ugunsdz\u0113s\u012bbas un gl\u0101b\u0161anas dienests ir identific\u0113jis. Ja ien\u0101ks v\u0113l t\u0101s kravas, ko iepriek\u0161 Nacion\u0101lais vesel\u012bbas dienests pas\u016bt\u012bjis, tad faktiski m\u0113ne\u0161a rezerves valstij b\u016btu nodro\u0161in\u0101tas,&#8221; uzsv\u0113ra <i>Garisons<\/i>.<\/p>\n<p>Vi\u0146\u0161 ar\u012b inform\u0113ja, ka vienlaic\u012bgi s\u0101kta dezinfekcijas l\u012bdzek\u013cu ieg\u0101de. At\u0161\u0137ir\u012bb\u0101 no mask\u0101m, kas liel\u0101koties tiek import\u0113tas, dezinfekcijas l\u012bdzek\u013cu iepirkumus pl\u0101nots veikt no viet\u0113jiem ra\u017eot\u0101jiem. Ier\u0113dnis pauda cer\u012bbu, ka n\u0101kamned\u0113\u013c var\u0113tu sagatavot un nosl\u0113gt pirmos l\u012bgumus un s\u0101kt tr\u012bs m\u0113ne\u0161iem paredz\u0113tu rezervju uzkr\u0101\u0161anu.<\/p>\n<p>Garisons inform\u0113ja, ka aizsargl\u012bdzek\u013cu ieg\u0101de nenotiks no aizsardz\u012bbas resora bud\u017eeta, bet no l\u012bdzek\u013ciem neparedz\u0113tiem gad\u012bjumiem. Aizsardz\u012bbas ministrija ar Korupcijas nov\u0113r\u0161anas un apkaro\u0161anas biroju, Valsts kontroli, Iepirkumu uzraudz\u012bbas biroju jau apspriedu\u0161ies par to, k\u0101 korekti veikt nepiecie\u0161amos iepirkumus.<\/p>\n<p>Aizsardz\u012bbas ministrijas ieskat\u0101,<i> Covid-19<\/i> kr\u012bze pier\u0101d\u012bjusi, ka jau pa\u0161\u0101 s\u0101kum\u0101 ir nepiecie\u0161ams viens centraliz\u0113ts iepirkumu organiz\u0113t\u0101js, lai iest\u0101des sav\u0101 starp\u0101 &#8220;nesacenstos par vienu un to pa\u0161u kravu un da\u017e\u0101diem transport\u0113\u0161anas veidiem&#8221;. Vi\u0146\u0161 atz\u012bm\u0113ja, ka izaicin\u0101jums ir ar\u012b sadarb\u012bba ar viet\u0113jiem ra\u017eot\u0101jiem, jo ir biju\u0161i gad\u012bjumi, kad izejvielu pieg\u0101d\u0101t\u0101ji lauzu\u0161i l\u012bgumus ar Latvijas ra\u017eot\u0101jiem.<\/p>\n<p>Savuk\u0101rt Nacion\u0101l\u0101 vesel\u012bbas dienesta (NVD) direktors <i>Edagrs Labsv\u012brs<\/i> kl\u0101st\u012bja, ka l\u012bdz \u0161im ir sa\u0146emtas divas kravas, kas jau izdal\u012btas Latvijas slimn\u012bc\u0101m un \u0123imenes \u0101rstiem. T\u0101pat l\u012bdz \u0161im aizsargl\u012bdzek\u013ci jau ir izsniegti ar\u012b soci\u0101l\u0101s apr\u016bpes centriem.<\/p>\n<p>&#8220;T\u0101s ir vietas, kur person\u0101lam un hroniskiem slimniekiem ir visliel\u0101kais risks saskarties ar <i>Covid-19<\/i> infic\u0113tiem pacientiem,&#8221; skaidroja NVD direktors.<\/p>\n<p>Vienlaikus \u0161oned\u0113\u013c tiek gaid\u012btas v\u0113l divas kravas, no kur\u0101m vienu bija pl\u0101nots sa\u0146emt jau iepriek\u0161, bet t\u0101 ir aizkav\u0113jusies ar transport\u0113\u0161anu saist\u012btu iemeslu d\u0113\u013c. Tom\u0113r, k\u0101 kl\u0101st\u012bja NVD direktors, \u0161\u012bs kravas tiks dal\u012btas otr\u0101s priorit\u0101tes sa\u0146\u0113m\u0113jiem. To vid\u016b b\u016bs sekund\u0101rie maksas vesel\u012bbas apr\u016bpes pakalpojumu sniedz\u0113ji, zob\u0101rsti un \u0123imenes \u0101rsti, kam nav l\u012bguma ar NVD.<\/p>\n<p>&#8220;M\u016bsu slimn\u012bcu un noliktavu rezerves ir aptuveni m\u0113ne\u0161a pat\u0113ri\u0146am, bet ar to nepietiek, mums ir, pirmk\u0101rt, t\u0101s j\u0101tr\u012bsk\u0101r\u0161o un j\u0101turpina iepirkumi,&#8221; uzsv\u0113ra <i>Labsv\u012brs<\/i>. &#8220;Tas, ka mums draud masku izs\u012bkums slimn\u012bc\u0101s, es \u0161\u0101du iesp\u0113ju izsl\u0113dzu,&#8221; sac\u012bja NVD direktors.<\/p>\n<p>Jau zi\u0146ots, ka Ministru prezidents <i>Kri\u0161j\u0101nis Kari\u0146\u0161<\/i> uzdevis <b>Ekonomikas ministrijai<\/b> (EM) veicin\u0101t individu\u0101lo aizsardz\u012bbas l\u012bdzek\u013cu, tostarp \u0137irur\u0123isko masku, ra\u017eo\u0161anu Latvij\u0101.<\/p>\n<p>&#8220;C\u012b\u0146\u0101 pret <i>Covid-19<\/i> izplat\u012b\u0161anos ir svar\u012bgi sarg\u0101t tos cilv\u0113kus, kuru vesel\u012bba un dz\u012bv\u012bbas var\u0113tu tikt visvair\u0101k apdraud\u0113tas. Vi\u0146iem ir nepiecie\u0161ami individu\u0101lie aizsargl\u012bdzek\u013ci. Tie ir nepiecie\u0161ami ar\u012b medi\u0137iem, policistiem, robe\u017esargiem. Apzinoties, ka vajadz\u012bba p\u0113c individu\u0101liem aizsargl\u012bdzek\u013ciem ar\u012b turpm\u0101k b\u016bs liela, esmu uzdevis Ekonomikas ministrijai veicin\u0101t to ra\u017eo\u0161anu Latvij\u0101. Pats svar\u012bg\u0101kais ir pan\u0101kt \u0137irur\u0123isko masku ra\u017eo\u0161anas papla\u0161in\u0101\u0161anu viet\u0113j\u0101 tirgus vajadz\u012bb\u0101m. Tas nodro\u0161in\u0101s liel\u0101ku m\u016bsu neatkar\u012bbu no iepirkumiem cit\u0101s valst\u012bs un ekonomikas att\u012bst\u012bbu,&#8221; uzsv\u0113ra <i>Kari\u0146\u0161<\/i>.<\/p>\n<p>Ministru prezidents VUDG ir uzdevis apzin\u0101t ilgtermi\u0146\u0101 nepiecie\u0161amo \u0137irur\u0123isko masku apjomu un veidus, tai skait\u0101 ar\u012b v\u0113rt\u0113jot nepiecie\u0161am\u012bbu nodro\u0161in\u0101t visus Latvijas iedz\u012bvot\u0101jus ar atbilsto\u0161\u0101m aizsargmask\u0101m. Atbilsto\u0161i vald\u012bbas l\u0113mumam, VUGD uztur\u0113s priorit\u0101ro instit\u016bciju un to iepirkumu vajadz\u012bbu sarakstu.<\/p>\n<p><i>Kari\u0146\u0161<\/i> ar\u012b uzdevis Vesel\u012bbas, <b>Aizsardz\u012bbas un Labkl\u0101j\u012bbas ministrij\u0101m<\/b> nekav\u0113joties nodro\u0161in\u0101t \u0101rstniec\u012bbas iest\u0101des, ilgsto\u0161as soci\u0101l\u0101s apr\u016bpes un soci\u0101l\u0101s rehabilit\u0101cijas instit\u016bcijas (pansion\u0101tus) un \u0123imenes \u0101rstus ar individu\u0101liem aizsargl\u012bdzek\u013ciem un dezinfekcijas l\u012bdzek\u013ciem.<\/p>\n<p>Premjera biroj\u0101 atg\u0101din\u0101ja, ka vald\u012bba iepriek\u0161 l\u0113ma, ka Aizsardz\u012bbas ministrijas Valsts aizsardz\u012bbas milit\u0101ro objektu un iepirkumu centrs turpm\u0101k veiks <i>Covid-19<\/i> izplat\u012bbas ierobe\u017eo\u0161anai nepiecie\u0161amo individu\u0101lo aizsargl\u012bdzek\u013cu un dezinfekcijas l\u012bdzek\u013cu centraliz\u0113tos iepirkumus visu valsts instit\u016bciju vajadz\u012bb\u0101m. Savuk\u0101rt Nacion\u0101lie bru\u0146otie sp\u0113ki sniegs lo\u0123istikas atbalstu, ieg\u0101d\u0101t\u0101s preces nog\u0101d\u0101jot sa\u0146\u0113m\u0113jiem atbilsto\u0161i priorit\u0101ro instit\u016bciju un to vajadz\u012bbu sarakst\u0101 noteiktajam apjomam.<\/p>\n<p><i><\/i><\/p>\n","protected":false},"excerpt":{"rendered":"<p>Latvij\u0101 ik ned\u0113\u013cu ir nepiecie\u0161ami vair\u0101k nek\u0101 <b>600 000 \u0137irur\u0123isko masku<\/b> un <b>200 000 respiratoru<\/b>, tre\u0161dien preses konferenc\u0113 pav\u0113st\u012bja <i>Valsts ugunsdz\u0113s\u012bbas un gl\u0101b\u0161anas dienesta<\/i> (VUDG) priek\u0161nieka vietnieks pulkve\u017eleitnants <i>M\u0101rti\u0146\u0161 Baltmanis<\/i>.<\/p>\n","protected":false},"author":1,"featured_media":0,"comment_status":"open","ping_status":"open","sticky":false,"template":"","format":"standard","meta":{"footnotes":""},"categories":[33],"tags":[],"_links":{"self":[{"href":"https:\/\/zurnalsiepirkumi.lv\/index.php?rest_route=\/wp\/v2\/posts\/12903"}],"collection":[{"href":"https:\/\/zurnalsiepirkumi.lv\/index.php?rest_route=\/wp\/v2\/posts"}],"about":[{"href":"https:\/\/zurnalsiepirkumi.lv\/index.php?rest_route=\/wp\/v2\/types\/post"}],"author":[{"embeddable":true,"href":"https:\/\/zurnalsiepirkumi.lv\/index.php?rest_route=\/wp\/v2\/users\/1"}],"replies":[{"embeddable":true,"href":"https:\/\/zurnalsiepirkumi.lv\/index.php?rest_route=%2Fwp%2Fv2%2Fcomments&post=12903"}],"version-history":[{"count":2,"href":"https:\/\/zurnalsiepirkumi.lv\/index.php?rest_route=\/wp\/v2\/posts\/12903\/revisions"}],"predecessor-version":[{"id":12905,"href":"https:\/\/zurnalsiepirkumi.lv\/index.php?rest_route=\/wp\/v2\/posts\/12903\/revisions\/12905"}],"wp:attachment":[{"href":"https:\/\/zurnalsiepirkumi.lv\/index.php?rest_route=%2Fwp%2Fv2%2Fmedia&parent=12903"}],"wp:term":[{"taxonomy":"category","embeddable":true,"href":"https:\/\/zurnalsiepirkumi.lv\/index.php?rest_route=%2Fwp%2Fv2%2Fcategories&post=12903"},{"taxonomy":"post_tag","embeddable":true,"href":"https:\/\/zurnalsiepirkumi.lv\/index.php?rest_route=%2Fwp%2Fv2%2Ftags&post=12903"}],"curies":[{"name":"wp","href":"https:\/\/api.w.org\/{rel}","templated":true}]}}