{"id":12845,"date":"2020-04-02T13:52:38","date_gmt":"2020-04-02T11:52:38","guid":{"rendered":"https:\/\/zurnalsiepirkumi.lv\/?p=12845"},"modified":"2020-04-02T13:52:41","modified_gmt":"2020-04-02T11:52:41","slug":"autotransporta-direkcija-neredz-vajadzibu-partraukt-konkursu-par-regionalajiem-pasazieru-parvadajumiem-nakamiem-10-gadiem","status":"publish","type":"post","link":"https:\/\/zurnalsiepirkumi.lv\/?p=12845","title":{"rendered":"Autotransporta direkcija neredz vajadz\u012bbu p\u0101rtraukt konkursu par re\u0123ion\u0101lajiem pasa\u017eieru p\u0101rvad\u0101jumiem n\u0101kamiem 10 gadiem"},"content":{"rendered":"\n<p><strong>Autotransporta direkcija<\/strong> pa\u0161reiz v\u0113rt\u0113 tehnisk\u0101s pras\u012bbas pied\u0101v\u0101jumos, kas iesniegti konkurs\u0101 <strong>par re\u0123ion\u0101lo pasa\u017eieru p\u0101rvad\u0101jumu nodro\u0161in\u0101\u0161anu 2021.-2030.gad\u0101<\/strong>, un neredz iemeslu p\u0101rtraukt vai atlikt&nbsp;iepirkumu, \u0161odien Latvijas pa\u0161vald\u012bbu savien\u012bbas videokonferenc\u0113 par sabiedrisko transportu un satiksmi \u0101rk\u0101rt\u0113j\u0101s situ\u0101cijas laik\u0101 teica Autotransporta direkcijas valdes priek\u0161s\u0113d\u0113t\u0101js <strong>Kristi\u0101ns Godi\u0146\u0161<\/strong>.<\/p>\n\n\n\n<p>Vi\u0146\u0161 st\u0101st\u012bja, ka pa\u0161reiz notiek konkursa pieteikumu v\u0113rt\u0113\u0161anas f\u0101ze. Tiek v\u0113rt\u0113ti tehniskie pied\u0101v\u0101jumi un s\u0101kta ar\u012b finan\u0161u pied\u0101v\u0101jumu v\u0113rt\u0113\u0161ana.<\/p>\n\n\n\n<p><strong>Godi\u0146\u0161 <\/strong>ar\u012b skaidroja, ka da\u013ca pieteikumu nav gana kvalitat\u012bvi, t\u0101p\u0113c no p\u0101rvad\u0101t\u0101jiem ir j\u0101sa\u0146em papildu inform\u0101cija. Vi\u0146\u0161 pie\u013c\u0101va iesp\u0113ju, ka k\u0101ds pieteikums, kas neatbild\u012bs tehniskaj\u0101m pras\u012bb\u0101m, var\u0113tu tikt izsl\u0113gts no konkursa.<\/p>\n\n\n\n<p><strong>Godi\u0146\u0161 <\/strong>ar\u012b uzsv\u0113ra, ka nav pl\u0101nots samazin\u0101t konkursa pras\u012bbas, jo tas b\u016btu pretrun\u0101 ar v\u0113lmi uzlabot sabiedrisko transportu kopum\u0101.<\/p>\n\n\n\n<p><strong>Godi\u0146\u0161 <\/strong>nor\u0101d\u012bja, ka pa\u0161reiz jau <strong>20 uz\u0146\u0113mumi<\/strong> izpilda visas tehnisk\u0101s pras\u012bbas.<\/p>\n\n\n\n<p>Vi\u0146\u0161 st\u0101st\u012bja, ka p\u0113c v\u0113rt\u0113\u0161anas nosl\u0113g\u0161an\u0101s <strong>Autotransporta direkcija<\/strong> redz\u0113s inform\u0101ciju par nepiecie\u0161amo finan\u0161u apjomu tuv\u0101kajiem gadiem un ar\u012b visam <strong>10 gadu periodam<\/strong>. P\u0113c inform\u0101cijas apkopo\u0161anas tiks sagatavots informat\u012bvais zi\u0146ojums par nepiecie\u0161amo finan\u0161u apjomu pasa\u017eieru p\u0101rvad\u0101jumiem, ko iesniegt Ministru Kabinet\u0101. Attiec\u012bgi vald\u012bba p\u0113c tam v\u0113rt\u0113s, vai ir gatavi \u0161\u0101du l\u0113mumu atbalst\u012bt. Pl\u0101nots, ka p\u0113c vald\u012bbas atbalsta sa\u0146em\u0161anas p\u0101rvad\u0101t\u0101jiem b\u016bs j\u0101sazin\u0101s ar r\u016bpn\u012bc\u0101m, vai t\u0101s ir gatavas gada laik\u0101 sara\u017eot nepiecie\u0161amos jaunos autobusus.<\/p>\n\n\n\n<p><strong>Godi\u0146\u0161 <\/strong>st\u0101st\u012bja, ka paredz\u0113ts veikt ar\u012b groz\u012bjumus <strong>sabiedrisk\u0101 transporta likum\u0101<\/strong>, kas paredz ieviest re\u0123ion\u0101los komercp\u0101rvad\u0101jumus, bezmaksas sabiedrisko transportu viet\u0101s, kur ir maz iedz\u012bvot\u0101ju, k\u0101 ar\u012b nosaka garant\u0113to sabiedrisk\u0101 transporta minimumu, ko nodro\u0161ina valsts, un paredz iesp\u0113ju pa\u0161vald\u012bb\u0101m palielin\u0101t reisu skaitu ar savu finans\u0113jumu. Vi\u0146\u0161 st\u0101st\u012bja, ka b\u016btu nepareizi \u0161os groz\u012bjumus atlikt, jo pa\u0161reiz nav zin\u0101ms, cik daudz valsts p\u0113c Covid-19 pand\u0113mijas rad\u012bt\u0101s kr\u012bzes b\u016bs gatava atv\u0113l\u0113t finans\u0113jumu nozar\u0113m un att\u012bst\u012bbai kopum\u0101.<\/p>\n\n\n\n<p>&#8220;Ja m\u0113s neb\u016bsim paredz\u0113ju\u0161i iesp\u0113ju str\u0101d\u0101t ar\u012b uz komercprincipiem, m\u0113s varam rad\u012bt risku &#8211; samazin\u0101t reisu skaitu, jo valsts nevar\u0113s at\u013cauties t\u012bklu tik liel\u0101 apm\u0113r\u0101,&#8221; teica <strong>Godi\u0146\u0161<\/strong>.&nbsp;<\/p>\n\n\n\n<p>Ar\u012b satiksmes ministrs <strong>T\u0101lis Linkaits<\/strong> (JKP) teica, ka pa\u0161reiz neredz iemeslu atcelt konkursu <strong>par re\u0123ion\u0101lajiem sabiedrisk\u0101 transporta p\u0101rvad\u0101jumiem<\/strong>. Vi\u0146\u0161 skaidroja, ka tas pa\u0161reiz ir &#8220;pap\u012bra f\u0101z\u0113&#8221;, kas noz\u012bm\u0113, ka <strong>Autotransporta direkcijai<\/strong> ir iesp\u0113jas to izv\u0113rt\u0113t, veicot visus piesardz\u012bbas pas\u0101kumus. &#8220;Es esmu optimists un uzskatu, ka 2021.gad\u0101 kr\u012bze b\u016bs beigusies un ir vajadz\u012bgi kvalitat\u012bvi pasa\u017eieru p\u0101rvad\u0101jumi,&#8221; teica ministrs, piebilstot, ka ar\u012b pl\u0101ni par jauniem elektrovilcieniem, d\u012bze\u013cvilcieniem un vides pras\u012bb\u0101m atbilsto\u0161u sabiedrisko transportu paliek sp\u0113k\u0101.&nbsp;<\/p>\n\n\n\n<p><strong>Linkaits <\/strong>uzsv\u0113ra, ka Covid-19 d\u0113\u013c var b\u016bt nob\u012bdes termi\u0146os, bet konceptu\u0101li nekas nemain\u012bsies.<\/p>\n\n\n\n<p>Jau zi\u0146ots, ka <strong>Autotransporta direkcijas<\/strong> konkurs\u0101 <strong>par sabiedrisk\u0101 transporta pakalpojumu nodro\u0161in\u0101\u0161anu ar autobusiem<\/strong> no 2021. l\u012bdz 2030.gadam sa\u0146\u0113ma <strong>40 pieteikumi<\/strong> un to v\u0113rt\u0113\u0161anu s\u0101ka \u0161ogad janv\u0101r\u012b.&nbsp;<\/p>\n\n\n\n<p>Konkurs\u0101 <strong>par sabiedrisk\u0101 transporta pakalpojumu nodro\u0161in\u0101\u0161anu<\/strong> re\u0123ion\u0101laj\u0101 autobusu mar\u0161rutu t\u012bkl\u0101 tiek v\u0113rt\u0113ts saimnieciski izdev\u012bg\u0101kais pied\u0101v\u0101jums, kur cena veido 40%, bet tehniskais pied\u0101v\u0101jums &#8211; 60%. Tehniskaj\u0101 pied\u0101v\u0101jum\u0101 tiek v\u0113rt\u0113ts autobusu vecums &#8211; autobusu parka vid\u0113jais vecums nedr\u012bkst p\u0101rsniegt devi\u0146us gadus, bet viena atsevi\u0161\u0137a autobusa vecums &#8211; 15 gadus; pieejam\u012bbas nodro\u0161in\u0101\u0161ana person\u0101m ar funkcion\u0101liem trauc\u0113jumiem; autobusa tehniskais apr\u012bkojums; pakalpojumu snieg\u0161anas kvalit\u0101te un dro\u0161\u012bba, piem\u0113ram, videonov\u0113ro\u0161ana, kas fiks\u0113 autovad\u012bt\u0101ja veikt\u0101s darb\u012bbas, un GPS; papildu bonusi, piem\u0113ram, bezskaidras naudas nor\u0113\u0137ini, inform\u0101cija par pieturviet\u0101m autobus\u0101 tiek att\u0113lota vizu\u0101li un atska\u0146ota audio versij\u0101.&nbsp;<\/p>\n\n\n\n<p>Kop\u0113jais mar\u0161rutu t\u012bkla apjoms jeb autobusu nobraukums no 2021.gada b\u016bs aptuveni 65 miljoni kilometru gad\u0101. Tas iedal\u012bts 16 da\u013c\u0101s, un katras da\u013cas apm\u0113rs ir no 2,5 miljoniem l\u012bdz se\u0161iem miljoniem kilometru gad\u0101. Pl\u0101notais mar\u0161rutu skaits 2021.gad\u0101 b\u016bs 1030, bet reisu skaits &#8211; gandr\u012bz 6200.&nbsp;<\/p>\n\n\n\n<p>Konkursa prognoz\u0113t\u0101 <strong>cena desmit gadiem<\/strong> ir <strong>447 miljoni eiro<\/strong>.&nbsp;<\/p>\n\n\n\n<p>\u0145emot v\u0113r\u0101, ka no 2021.gada asto\u0146i mar\u0161ruti &#8211; R\u012bga-Daugavpils, R\u012bga-Jaun\u0137emeri, R\u012bga-Jelgava, R\u012bga-Ogre, R\u012bga-Olaine, R\u012bga-Salaspils, R\u012bga-Sigulda un R\u012bga-Sloka &#8211; tiks izpild\u012bti uz komerci\u0101liem principiem, tie netika iek\u013cauti iepirkum\u0101. Tas noz\u012bm\u0113, ka bi\u013cetes cenu \u0161ajos mar\u0161rutos noteiks p\u0101rvad\u0101t\u0101js un valsts nekompens\u0113s zaud\u0113jumus, ja p\u0101rvad\u0101t\u0101jam t\u0101di rad\u012bsies.<\/p>\n\n\n\n<p><strong>Autotransporta direkcija<\/strong> ir vienotas valsts politikas realiz\u0113t\u0101ja pasa\u017eieru un kravu p\u0101rvad\u0101jumu jom\u0101. T\u0101s darb\u012bba galvenok\u0101rt saist\u012bta ar sabiedrisk\u0101 transporta &#8211; pasa\u017eieru p\u0101rvad\u0101jumu ar autobusu un vilcienu &#8211; pl\u0101no\u0161anu, licen\u010du izsnieg\u0161anu kravu un pasa\u017eieru komercp\u0101rvad\u0101jumiem un at\u013cauju izsnieg\u0161anu starptautisko p\u0101rvad\u0101jumu veik\u0161anai.<\/p>\n","protected":false},"excerpt":{"rendered":"<p>Autotransporta direkcija pa\u0161reiz v\u0113rt\u0113 tehnisk\u0101s pras\u012bbas pied\u0101v\u0101jumos, kas iesniegti konkurs\u0101 par re\u0123ion\u0101lo pasa\u017eieru p\u0101rvad\u0101jumu nodro\u0161in\u0101\u0161anu 2021.-2030.gad\u0101, un neredz iemeslu p\u0101rtraukt vai atlikt iepirkumu<\/p>\n","protected":false},"author":1,"featured_media":0,"comment_status":"open","ping_status":"open","sticky":false,"template":"","format":"standard","meta":{"footnotes":""},"categories":[46],"tags":[],"_links":{"self":[{"href":"https:\/\/zurnalsiepirkumi.lv\/index.php?rest_route=\/wp\/v2\/posts\/12845"}],"collection":[{"href":"https:\/\/zurnalsiepirkumi.lv\/index.php?rest_route=\/wp\/v2\/posts"}],"about":[{"href":"https:\/\/zurnalsiepirkumi.lv\/index.php?rest_route=\/wp\/v2\/types\/post"}],"author":[{"embeddable":true,"href":"https:\/\/zurnalsiepirkumi.lv\/index.php?rest_route=\/wp\/v2\/users\/1"}],"replies":[{"embeddable":true,"href":"https:\/\/zurnalsiepirkumi.lv\/index.php?rest_route=%2Fwp%2Fv2%2Fcomments&post=12845"}],"version-history":[{"count":2,"href":"https:\/\/zurnalsiepirkumi.lv\/index.php?rest_route=\/wp\/v2\/posts\/12845\/revisions"}],"predecessor-version":[{"id":12847,"href":"https:\/\/zurnalsiepirkumi.lv\/index.php?rest_route=\/wp\/v2\/posts\/12845\/revisions\/12847"}],"wp:attachment":[{"href":"https:\/\/zurnalsiepirkumi.lv\/index.php?rest_route=%2Fwp%2Fv2%2Fmedia&parent=12845"}],"wp:term":[{"taxonomy":"category","embeddable":true,"href":"https:\/\/zurnalsiepirkumi.lv\/index.php?rest_route=%2Fwp%2Fv2%2Fcategories&post=12845"},{"taxonomy":"post_tag","embeddable":true,"href":"https:\/\/zurnalsiepirkumi.lv\/index.php?rest_route=%2Fwp%2Fv2%2Ftags&post=12845"}],"curies":[{"name":"wp","href":"https:\/\/api.w.org\/{rel}","templated":true}]}}