{"id":12838,"date":"2020-04-01T09:21:46","date_gmt":"2020-04-01T07:21:46","guid":{"rendered":"https:\/\/zurnalsiepirkumi.lv\/?p=12838"},"modified":"2020-04-01T09:21:49","modified_gmt":"2020-04-01T07:21:49","slug":"valdiba-plano-lemt-par-centralizetu-medicinas-aizsarglidzeklu-iegadi","status":"publish","type":"post","link":"https:\/\/zurnalsiepirkumi.lv\/?p=12838","title":{"rendered":"Vald\u012bba pl\u0101no lemt par centraliz\u0113tu medic\u012bnas aizsargl\u012bdzek\u013cu ieg\u0101di"},"content":{"rendered":"\n<p>Ministru kabinets \u0161oned\u0113\u013c var\u0113tu lemt par centraliz\u0113tu <strong>medic\u012bnas aizsargl\u012bdzek\u013cu ieg\u0101di<\/strong>, otrdien p\u0113c vald\u012bbas s\u0113des \u017eurn\u0101listiem atzina Ministru prezidents <strong>Kri\u0161j\u0101nis Kari\u0146\u0161<\/strong> (JV).<\/p>\n\n\n\n<p>Vi\u0146\u0161 inform\u0113ja, ka \u0161o ceturtdien, 2.apr\u012bl\u012b, Ministru kabinets var\u0113tu lemt par centraliz\u0113tu <strong>medic\u012bnas aizsargl\u012bdzek\u013cu ieg\u0101di, uzglab\u0101\u0161anu un sadali<\/strong>.<\/p>\n\n\n\n<p>&#8220;L\u012bdz \u0161im slimn\u012bcas aizsargl\u012bdzek\u013cus iepirka pa\u0161as, bet tie ir nepiecie\u0161ami ar\u012b policistiem, aptiek\u0101riem u.c. M\u0113s v\u0113lamies aizsargl\u012bdzek\u013cus ieg\u0101d\u0101ties centraliz\u0113ti, lai iepirkums b\u016btu v\u0113rien\u012bg\u0101ks, t\u0101d\u0113j\u0101di tos ieg\u016bstot par lab\u0101ku cenu,&#8221; skaidroja <strong>Kari\u0146\u0161<\/strong>.<\/p>\n\n\n\n<p>Premjers pauda cer\u012bbu, ka \u0161oned\u0113\u013c var\u0113tu b\u016bt skaidr\u012bba par centraliz\u0113t\u0101&nbsp;iepirkuma&nbsp;risin\u0101jumu un tiktu pie\u0146emts form\u0101ls l\u0113mums. &#8220;Risin\u0101jums patlaban v\u0113l tiek izstr\u0101d\u0101ts. T\u0101 ideja ir vienk\u0101r\u0161a, bet deta\u013cas &#8211; sare\u017e\u0123\u012btas,&#8221; piebilda <strong>Ministru prezidents<\/strong>.<\/p>\n\n\n\n<p>LETA jau v\u0113st\u012bja, ka p\u0113c <strong>Nacion\u0101l\u0101 vesel\u012bbas dienesta<\/strong> (NVD) piepras\u012bjuma nacion\u0101l\u0101 lidsabiedr\u012bba <strong>&#8220;airBaltic&#8221;<\/strong> pag\u0101ju\u0161aj\u0101 ned\u0113\u013cas nogal\u0113 veica \u012bpa\u0161u kravas lidojumu uz un no Urum\u010di starptautisk\u0101s lidostas \u0136\u012bn\u0101, uz Latviju atg\u0101d\u0101jot <strong>900 000 sejas masku<\/strong> un <strong>80&nbsp;000 respiratoru<\/strong> ar reisu, kas Latvij\u0101 nos\u0113d\u0101s nakt\u012b no 28.marta uz 29.martu, a\u0123ent\u016brai LETA pav\u0113st\u012bja lidsabiedr\u012bbas p\u0101rst\u0101ve <strong>Alise Briede<\/strong>.&nbsp;&nbsp;<\/p>\n\n\n\n<p>Kopum\u0101 tika atg\u0101d\u0101tas <strong>900 000 sejas maskas<\/strong> un <strong>80 000 respiratori<\/strong> 619 kast\u0113s, kravas apjomam veidojot 5,1 tonnu jeb 47 kubikmetrus.<\/p>\n\n\n\n<p>T\u0101pat zi\u0146ots, ka \u0161\u012bs ned\u0113\u013cas laik\u0101 pl\u0101notas vair\u0101kas papildu pieg\u0101des ar vair\u0101k nek\u0101 \u010detriem miljoniem masku un respiratoru.<\/p>\n\n\n\n<p>NVD nor\u0101d\u012bja, ka pasaul\u0113 past\u0101vo\u0161o probl\u0113mu d\u0113\u013c individu\u0101l\u0101s aizsardz\u012bbas l\u012bdzek\u013cu ieg\u0101des process nav vienk\u0101r\u0161s, ta\u010du iest\u0101de velta visus iesp\u0113jamos resursus, lai p\u0113c iesp\u0113jas \u0101tr\u0101k sag\u0101d\u0101tu nepiecie\u0161amo l\u012bdzek\u013cu daudzumu.<br><\/p>\n","protected":false},"excerpt":{"rendered":"<p>Ministru kabinets \u0161oned\u0113\u013c var\u0113tu lemt par centraliz\u0113tu medic\u012bnas aizsargl\u012bdzek\u013cu ieg\u0101di, otrdien p\u0113c vald\u012bbas s\u0113des \u017eurn\u0101listiem atzina Ministru prezidents Kri\u0161j\u0101nis Kari\u0146\u0161 (JV).<\/p>\n","protected":false},"author":1,"featured_media":0,"comment_status":"open","ping_status":"open","sticky":false,"template":"","format":"standard","meta":{"footnotes":""},"categories":[33,49],"tags":[],"_links":{"self":[{"href":"https:\/\/zurnalsiepirkumi.lv\/index.php?rest_route=\/wp\/v2\/posts\/12838"}],"collection":[{"href":"https:\/\/zurnalsiepirkumi.lv\/index.php?rest_route=\/wp\/v2\/posts"}],"about":[{"href":"https:\/\/zurnalsiepirkumi.lv\/index.php?rest_route=\/wp\/v2\/types\/post"}],"author":[{"embeddable":true,"href":"https:\/\/zurnalsiepirkumi.lv\/index.php?rest_route=\/wp\/v2\/users\/1"}],"replies":[{"embeddable":true,"href":"https:\/\/zurnalsiepirkumi.lv\/index.php?rest_route=%2Fwp%2Fv2%2Fcomments&post=12838"}],"version-history":[{"count":2,"href":"https:\/\/zurnalsiepirkumi.lv\/index.php?rest_route=\/wp\/v2\/posts\/12838\/revisions"}],"predecessor-version":[{"id":12840,"href":"https:\/\/zurnalsiepirkumi.lv\/index.php?rest_route=\/wp\/v2\/posts\/12838\/revisions\/12840"}],"wp:attachment":[{"href":"https:\/\/zurnalsiepirkumi.lv\/index.php?rest_route=%2Fwp%2Fv2%2Fmedia&parent=12838"}],"wp:term":[{"taxonomy":"category","embeddable":true,"href":"https:\/\/zurnalsiepirkumi.lv\/index.php?rest_route=%2Fwp%2Fv2%2Fcategories&post=12838"},{"taxonomy":"post_tag","embeddable":true,"href":"https:\/\/zurnalsiepirkumi.lv\/index.php?rest_route=%2Fwp%2Fv2%2Ftags&post=12838"}],"curies":[{"name":"wp","href":"https:\/\/api.w.org\/{rel}","templated":true}]}}